{"id":1303,"date":"2015-04-07T10:21:07","date_gmt":"2015-04-07T10:21:07","guid":{"rendered":"http:\/\/www.canarias.com\/blog\/?p=1303"},"modified":"2015-10-26T10:42:59","modified_gmt":"2015-10-26T10:42:59","slug":"fiestas-de-primavera-en-andalucia","status":"publish","type":"post","link":"https:\/\/www.canarias.com\/blog\/fiestas-de-primavera-en-andalucia\/","title":{"rendered":"Fiestas de primavera en Andaluc\u00eda"},"content":{"rendered":"<h2><strong>Fiestas de primavera en Andaluc\u00eda\u00a0<\/strong><\/h2>\n<p>Andaluc\u00eda llena de tradici\u00f3n, cultura y fiestas durante los meses de Abril y Mayo se celebra la primavera por todo lo alto. Para que puedas disfrutar todos los acontecimientos de est\u00e1\u00a0Comunidad Aut\u00f3noma, te mostramos el \u00a0<strong>calendario de las fiestas<\/strong> de esta regi\u00f3n llena de alegr\u00eda y folclore.<\/p>\n<div id=\"attachment_1379\" style=\"width: 255px\" class=\"wp-caption aligncenter\"><a href=\"http:\/\/www.canarias.com\/blog\/wp-content\/uploads\/2015\/03\/IMG_1030.jpg\"><img aria-describedby=\"caption-attachment-1379\" loading=\"lazy\" class=\" wp-image-1379\" src=\"http:\/\/www.canarias.com\/blog\/wp-content\/uploads\/2015\/03\/IMG_1030-200x300.jpg\" alt=\"feria de abril\" width=\"245\" height=\"368\" srcset=\"https:\/\/www.canarias.com\/blog\/wp-content\/uploads\/2015\/03\/IMG_1030-200x300.jpg 200w, https:\/\/www.canarias.com\/blog\/wp-content\/uploads\/2015\/03\/IMG_1030.jpg 330w\" sizes=\"(max-width: 245px) 100vw, 245px\" \/><\/a><p id=\"caption-attachment-1379\" class=\"wp-caption-text\">feria de abril<\/p><\/div>\n<h2><strong>Feria de Abril en Sevilla 21-26\/04<\/strong><\/h2>\n<p><a href=\"http:\/\/feriadesevilla.andalunet.com\/\">La Feria de Abril<\/a>\u00a0 o Feria de Sevilla se celebra en el recinto ferial del barrio de Los Remedios, donde en\u00a0 m\u00e1s de mil casetas tiene encuentro la m\u00fasica, el baile y la gastronom\u00eda. \u00a0Es una de las <strong>Ferias m\u00e1s internacionales<\/strong> y visitadas entre todas las que se celebran en Andaluc\u00eda. Conviene tener en cuenta que la mayor\u00eda de las casetas son privadas y solo accede por invitaci\u00f3n.\u00a0 Aunque tambi\u00e9n las hay p\u00fablicas de <strong>acceso libre<\/strong>. En la entrada a la Feria en la oficina de informaci\u00f3n se puede preguntar cuales son. Si vas a estar alojado en un <a href=\"http:\/\/www.canarias.com\/search\/all.aspx?CodMant=18\">hotel de Sevilla<\/a> y vas a visitar el recinto en un <a href=\"http:\/\/rentacar.canarias.com\/\">coche de alquiler<\/a> puedes adquirir <a href=\"https:\/\/secure.prestoparking.com\/mobipayparking\/eshop.jsf\">abonos de aparcamiento para la Feria de Abril<\/a> con anticipaci\u00f3n on-line.<\/p>\n<p>&nbsp;<\/p>\n<p>&nbsp;<\/p>\n<div id=\"attachment_1397\" style=\"width: 520px\" class=\"wp-caption aligncenter\"><a href=\"http:\/\/www.canarias.com\/blog\/wp-content\/uploads\/2015\/03\/IMG_1028.jpg\"><img aria-describedby=\"caption-attachment-1397\" loading=\"lazy\" class=\"wp-image-1397 size-large\" src=\"http:\/\/www.canarias.com\/blog\/wp-content\/uploads\/2015\/03\/IMG_1028-510x340.jpg\" alt=\"Patios de Cord\u00f3ba\" width=\"510\" height=\"340\" srcset=\"https:\/\/www.canarias.com\/blog\/wp-content\/uploads\/2015\/03\/IMG_1028-510x340.jpg 510w, https:\/\/www.canarias.com\/blog\/wp-content\/uploads\/2015\/03\/IMG_1028-300x200.jpg 300w, https:\/\/www.canarias.com\/blog\/wp-content\/uploads\/2015\/03\/IMG_1028-450x300.jpg 450w, https:\/\/www.canarias.com\/blog\/wp-content\/uploads\/2015\/03\/IMG_1028-900x600.jpg 900w, https:\/\/www.canarias.com\/blog\/wp-content\/uploads\/2015\/03\/IMG_1028.jpg 959w\" sizes=\"(max-width: 510px) 100vw, 510px\" \/><\/a><p id=\"caption-attachment-1397\" class=\"wp-caption-text\">Patios de Cord\u00f3ba<\/p><\/div>\n<p>&nbsp;<\/p>\n<h2><strong>Mayo cordob\u00e9s<\/strong><\/h2>\n<h3><strong>Cruces de mayo 29\/04- 03\/05<\/strong><\/h3>\n<p>En este<strong> concurso popular<\/strong> de origen fe cristiana premian la cruz mejor decorada con flores. En este a\u00f1o van a\u00a0participar 57 cruces de gran tama\u00f1o. Los patios y las plazas se llenaran con cruces adornadas con flores y plantas naturales, y en las calles instalaran barras de bar para degustar\u00a0las tapas t\u00edpicas y los buenos vinos cordobeses\u00a0\u00a0todo acompa\u00f1ado por la m\u00fasica de sevillanas.<\/p>\n<p>&nbsp;<\/p>\n<div id=\"attachment_1421\" style=\"width: 410px\" class=\"wp-caption aligncenter\"><a href=\"http:\/\/www.canarias.com\/blog\/wp-content\/uploads\/2015\/03\/Alicia-e1380045687188.jpg\"><img aria-describedby=\"caption-attachment-1421\" loading=\"lazy\" class=\"wp-image-1421 size-full\" src=\"http:\/\/www.canarias.com\/blog\/wp-content\/uploads\/2015\/03\/Alicia-e1380045687188.jpg\" alt=\"foto M.Martin Vicente\" width=\"400\" height=\"266\" srcset=\"https:\/\/www.canarias.com\/blog\/wp-content\/uploads\/2015\/03\/Alicia-e1380045687188.jpg 400w, https:\/\/www.canarias.com\/blog\/wp-content\/uploads\/2015\/03\/Alicia-e1380045687188-300x200.jpg 300w\" sizes=\"(max-width: 400px) 100vw, 400px\" \/><\/a><p id=\"caption-attachment-1421\" class=\"wp-caption-text\">foto M.Martin Vicente<\/p><\/div>\n<h3><strong>La Batalla de las Flores 01\/05<\/strong><\/h3>\n<p>Para dar la bienvenida a la primavera, \u00a0el d\u00eda 1 de Mayo se celebra la Batalla de las Flores en C\u00f3rdoba.\u00a0 En el centro de la ciudad por\u00a0 el <a title=\"Paseo de la Victoria, Cord\u00f3ba\" href=\"http:\/\/www.viamichelin.es\/web\/Mapas-Planos\/Mapa_Plano-Cordoba-_-Cordoba-Espana?strLocid=31M3VscjEwY016Y3VPRGcwTnpJPWNMVFF1TnpjNU1UTT0=\" target=\"_blank\"><strong>Paseo de Victoria<\/strong><\/a> discurrir\u00e1<strong>\u00a0la cabalgata<\/strong>\u00a0con m\u00e1s de veinte \u00a0carrozas decoradas con\u00a0flores desde donde m\u00e1s de 140.000 claveles se lanzaran al aire.<\/p>\n<p>&nbsp;<\/p>\n<h3><strong>Concurso de patios 04-17\/05<\/strong><\/h3>\n<p>En las casas t\u00edpicas de C\u00f3rdoba con jardines y balcones, como adorno destacan las flores. Durante el <strong>Festival de los Patios Cordobeses<\/strong> como tradici\u00f3n \u00fanica del mundo cada a\u00f1o celebran el<strong> Concurso de Rejas y Balcones<\/strong>. En el casco hist\u00f3rico de la ciudad 40 patios abren sus puertas al p\u00fablico para ofrecer al visitante una experiencia inolvidable llena de colores de sus flores, incluso a veces acompa\u00f1ada por <a title=\"Flamenco\" href=\"https:\/\/es.wikipedia.org\/wiki\/Flamenco\" target=\"_blank\">la m\u00fasica flamenca <\/a>especial en el Barrio de San Basilio. En los <a title=\"Hoteles en C\u00f3rdoba\" href=\"http:\/\/www.canarias.com\/search\/all.aspx?CodMant=261&amp;CodmEsp=18&amp;idioma=es\" target=\"_blank\">hoteles de C\u00f3rdoba<\/a> \u00a0y en los puntos de informaci\u00f3n tur\u00edstica puedes pedir el listado de <a href=\"http:\/\/puertadelospatios.com\/es\">los patios para visitar<\/a>.<\/p>\n<p>&nbsp;<\/p>\n<h3><strong>Feria de C\u00f3rdoba \u00a023-30\/05<\/strong><\/h3>\n<p><a href=\"http:\/\/es.wikipedia.org\/wiki\/Feria_de_Nuestra_Se%C3%B1ora_de_la_Salud\">La Feria de Nuestra Se\u00f1ora de la Salud <\/a>\u00a0de C\u00f3rdoba\u00a0 se celebra en el <strong>recinto de Arenal<\/strong>\u00a0 donde se puede disfrutar el ambiente festivo en m\u00e1s de 100 casetas con <strong>entrada libre<\/strong>. Las calles del recinto ferial de s\u00e1bado a s\u00e1bado se llenar\u00e1n con la alegr\u00eda de las sevillanas y el colorido de los vestidos de gitana y el sombrero cordob\u00e9s.<\/p>\n<p><strong>\u00a0<\/strong><\/p>\n<h3><strong>Feria del Caballo en Jerez de la Frontera\u00a0 &#8211; 11-18 Mayo<\/strong><\/h3>\n<p><a href=\"http:\/\/www.jerez.es\/especiales\/feria\/?no_cache=1&amp;tx_ttnews%5bcalendarYear%5d=2015&amp;tx_ttnews%5bcalendarMonth%5d=5\">La Feria del Caballo de Jerez<\/a>\u00a0 de Fiesta Inter\u00e9s \u00a0Internacional, cada a\u00f1o re\u00fane a miles de personas en el pleno centro de la ciudad en el Parque Gonz\u00e1lez Hontoria. A parte de la diversi\u00f3n en las casetas t\u00edpicas, \u00a0se puede disfrutar \u00a0la belleza de los protagonistas de esta \u00a0Feria, \u00a0los caballos que hacen el Paseo de Caballistas y Enganches y espect\u00e1culos ecuestres.<\/p>\n","protected":false},"excerpt":{"rendered":"<p>Fiestas de primavera en Andaluc\u00eda\u00a0 Andaluc\u00eda llena de tradici\u00f3n, cultura y fiestas durante los meses de Abril y Mayo se celebra la primavera por todo lo alto. Para que puedas disfrutar todos los acontecimientos de est\u00e1\u00a0Comunidad Aut\u00f3noma, te mostramos el \u00a0calendario de las fiestas de esta regi\u00f3n llena de alegr\u00eda y folclore. Feria de Abril [&hellip;]<\/p>\n","protected":false},"author":1,"featured_media":1398,"comment_status":"open","ping_status":"open","sticky":false,"template":"","format":"standard","meta":[],"categories":[431,154,503,167,168,5],"tags":[294,304,296,305,295,303,297],"_links":{"self":[{"href":"https:\/\/www.canarias.com\/blog\/wp-json\/wp\/v2\/posts\/1303"}],"collection":[{"href":"https:\/\/www.canarias.com\/blog\/wp-json\/wp\/v2\/posts"}],"about":[{"href":"https:\/\/www.canarias.com\/blog\/wp-json\/wp\/v2\/types\/post"}],"author":[{"embeddable":true,"href":"https:\/\/www.canarias.com\/blog\/wp-json\/wp\/v2\/users\/1"}],"replies":[{"embeddable":true,"href":"https:\/\/www.canarias.com\/blog\/wp-json\/wp\/v2\/comments?post=1303"}],"version-history":[{"count":17,"href":"https:\/\/www.canarias.com\/blog\/wp-json\/wp\/v2\/posts\/1303\/revisions"}],"predecessor-version":[{"id":1458,"href":"https:\/\/www.canarias.com\/blog\/wp-json\/wp\/v2\/posts\/1303\/revisions\/1458"}],"wp:featuredmedia":[{"embeddable":true,"href":"https:\/\/www.canarias.com\/blog\/wp-json\/wp\/v2\/media\/1398"}],"wp:attachment":[{"href":"https:\/\/www.canarias.com\/blog\/wp-json\/wp\/v2\/media?parent=1303"}],"wp:term":[{"taxonomy":"category","embeddable":true,"href":"https:\/\/www.canarias.com\/blog\/wp-json\/wp\/v2\/categories?post=1303"},{"taxonomy":"post_tag","embeddable":true,"href":"https:\/\/www.canarias.com\/blog\/wp-json\/wp\/v2\/tags?post=1303"}],"curies":[{"name":"wp","href":"https:\/\/api.w.org\/{rel}","templated":true}]}}