{"id":1466,"date":"2015-04-13T17:56:56","date_gmt":"2015-04-13T17:56:56","guid":{"rendered":"http:\/\/www.canarias.com\/blog\/?p=1466"},"modified":"2016-03-15T10:42:37","modified_gmt":"2016-03-15T10:42:37","slug":"restaurantes-vegetarianos-en-gran-canaria","status":"publish","type":"post","link":"https:\/\/www.canarias.com\/blog\/restaurantes-vegetarianos-en-gran-canaria\/","title":{"rendered":"Restaurantes Vegetarianos en Gran Canaria."},"content":{"rendered":"<p>En vistas a la gran aceptaci\u00f3n y demanda de nuestro post de restaurantes <a href=\"http:\/\/web.archive.org\/web\/20150626175641\/http:\/\/www.canarias.com\/blog\/category\/celiacos-y-vegetarianos\/restaurantes-vegetarianos-en-tenerife\/\">vegetarianos y veganos en Tenerife <\/a>, hemos decidido hacer una nueva gu\u00eda de restaurantes, pero \u00e9sta vez en <a href=\"http:\/\/www.grancanaria.com\/\">Gran Canaria<\/a>, as\u00ed ya que sab\u00e9is viajeros y visitantes donde pod\u00e9is acudir a comer sin tener la necesidad de quedaros \u00fanicamente con alg\u00fan plato de la carta.<\/p>\n<p><strong>Restaurantes Vegetarianos En Las Palmas de Gran Canaria.<\/strong><\/p>\n<p><a href=\"https:\/\/www.facebook.com\/disfrutajuicebar\">DISFRUTA JUICE BAR<\/a><\/p>\n<p>Avenida Jos\u00e9 Mesa y L\u00f3pez 85, bajo Edificio Urbis.<\/p>\n<p>928 27 40 78<\/p>\n<p>Horario:<\/p>\n<p>De Lunes a Viernes: 9:00-16:00 y de 18:00-22:00.<\/p>\n<p>S\u00e1bados: 10:00-16:00 y de 19:00-23:00.<\/p>\n<p>Dom:10:00-16:00.<\/p>\n<p>SAKURA WOK.<\/p>\n<p>Calle Bravo Murillo, bajo Hotel el Parque, San Telmo.<\/p>\n<p>928 370 299<\/p>\n<p>Horario:<\/p>\n<p>Abierto todos los d\u00edas de 12:00 a 16:30<br \/>\ny de 19:30 a 00:30 horas<\/p>\n<p><a href=\"https:\/\/www.facebook.com\/pages\/NATURAL%C3%8FS\/346077039197?fref=ts\" rel=\"nofollow\">NATURAL\u00cfS<\/a><\/p>\n<p>Calle Numancia 31, Guanarteme, Playa de Las Canteras.<\/p>\n<p>928 47 30 26<\/p>\n<p>Horarios:-<\/p>\n<p><a href=\"https:\/\/www.facebook.com\/Ensaladonia\" rel=\"nofollow\">ENSALADONIA<\/a><\/p>\n<p>Calle P\u00e1rroco Francisco Rodr\u00edguez 8, Guanarteme.<\/p>\n<p>928 98 41 91<\/p>\n<p>Horario:<\/p>\n<p>Abre todos los d\u00edas de 13:00-17:00 y de 20:00-23:00<\/p>\n<p><a href=\"http:\/\/www.naturalburguerlaspalmas.com\/\" rel=\"nofollow\">NATURAL BURGUER<\/a><\/p>\n<p>Avenida Mesa y L\u00f3pez n\u00ba3<\/p>\n<p>928 93 89 38<\/p>\n<p>Horario:<\/p>\n<p>Abre todos los d\u00edas 13:00-23:00 h<\/p>\n<p><strong>TRIANA<\/strong><\/p>\n<p><a href=\"http:\/\/www.canarias.com\/blog\/wp-content\/uploads\/2015\/04\/10390275_693753877357765_3804112815538688236_n.jpg\"><img loading=\"lazy\" class=\"alignnone size-large wp-image-1480\" src=\"http:\/\/www.canarias.com\/blog\/wp-content\/uploads\/2015\/04\/10390275_693753877357765_3804112815538688236_n-510x383.jpg\" alt=\"10390275_693753877357765_3804112815538688236_n\" width=\"510\" height=\"383\" srcset=\"https:\/\/www.canarias.com\/blog\/wp-content\/uploads\/2015\/04\/10390275_693753877357765_3804112815538688236_n-510x383.jpg 510w, https:\/\/www.canarias.com\/blog\/wp-content\/uploads\/2015\/04\/10390275_693753877357765_3804112815538688236_n-300x225.jpg 300w, https:\/\/www.canarias.com\/blog\/wp-content\/uploads\/2015\/04\/10390275_693753877357765_3804112815538688236_n-400x300.jpg 400w, https:\/\/www.canarias.com\/blog\/wp-content\/uploads\/2015\/04\/10390275_693753877357765_3804112815538688236_n-900x675.jpg 900w, https:\/\/www.canarias.com\/blog\/wp-content\/uploads\/2015\/04\/10390275_693753877357765_3804112815538688236_n.jpg 960w\" sizes=\"(max-width: 510px) 100vw, 510px\" \/><\/a><\/p>\n<p><a href=\"http:\/\/www.zoefood.com\/?l=es#\" rel=\"nofollow\">ZOE FOOD<\/a><\/p>\n<p>Calle Domingo J. Navarro n\u00ba35<\/p>\n<p>928586507 \/ 650161718<\/p>\n<p>Horario:<\/p>\n<p>Lunes a Mi\u00e9rcoles 8.30-20.30 h<\/p>\n<p>Jueves y Viernes 8.30-22:00 h<\/p>\n<p>s\u00e1bados y domingos 10:00-16:00 h.<\/p>\n<p><a href=\"https:\/\/www.facebook.com\/DaraFeelingFood\" rel=\"nofollow\"><br \/>\nDARA FEELING FOOD<\/a><\/p>\n<p>Calle General Bravo 36.<\/p>\n<p>928 58 56 58<\/p>\n<p>Horario:<\/p>\n<p>Todos los d\u00edas de 9:30-16:30.<\/p>\n<p><strong>VEGUETA <\/strong><\/p>\n<p><a href=\"http:\/\/www.canarias.com\/blog\/wp-content\/uploads\/2015\/04\/HIERBALUISA.jpg\"><img loading=\"lazy\" class=\"alignnone size-full wp-image-1472\" src=\"http:\/\/www.canarias.com\/blog\/wp-content\/uploads\/2015\/04\/HIERBALUISA.jpg\" alt=\"HIERBALUISA\" width=\"194\" height=\"260\" \/><\/a><\/p>\n<p><a href=\"https:\/\/www.facebook.com\/lahierbaluisa\/info?tab=overview\" rel=\"nofollow\">LA HIERBA LUISA<\/a><\/p>\n<p>Mendizabal, 39<\/p>\n<p>928 91 81 85<\/p>\n<p>Horario:<\/p>\n<p>Martes a viernes a partir 12.30 h<\/p>\n<p>Fines de semana 13:00-16:00 y de 20:00-23:00 h<\/p>\n<p><strong>LA ISLETA &#8211; EL PUERTO<\/strong><\/p>\n<p><a href=\"http:\/\/www.canarias.com\/blog\/wp-content\/uploads\/2015\/04\/racimo16.jpg\"><img loading=\"lazy\" class=\"alignnone size-full wp-image-1470\" src=\"http:\/\/www.canarias.com\/blog\/wp-content\/uploads\/2015\/04\/racimo16.jpg\" alt=\"racimo16\" width=\"259\" height=\"194\" \/><\/a><\/p>\n<p><a href=\"http:\/\/es-es.facebook.com\/pages\/Racimo16\/666388133417972\" rel=\"nofollow\">RACIMO 16<\/a><\/p>\n<p>Calle Lucas Fern\u00e1ndez Navarro 55.<\/p>\n<p>Horario:-<\/p>\n<p>Lunes a Domingo 13:00-17:00 h<\/p>\n<p>Viernes y S\u00e1bado, 13:00-17:00 y 20:30 h a 23:00 h.<\/p>\n<p><a href=\"https:\/\/www.facebook.com\/pages\/Oso-Polar\/153743024672707?ref=ts&amp;fref=ts\">OSO POLAR<\/a><\/p>\n<p>Calle Sagasta 17.<\/p>\n<p>928 26 25 46<\/p>\n<p>Horario:-<\/p>\n<p><a href=\"https:\/\/www.facebook.com\/pages\/La-Pasta-Real\/113599122042971\" rel=\"nofollow\">PASTA REAL<\/a><\/p>\n<p>Secretario Padilla n\u00ba28<\/p>\n<p>928262267<\/p>\n<p>Horario: &#8211;<\/p>\n<p><a href=\"http:\/\/www.facebook.com\/lacuchara.sana\" rel=\"nofollow\">LA CUCHARA SANA<\/a><\/p>\n<p>Avenida Pintor Felo Monzon n\u00ba32<\/p>\n<p>Horario: &#8211;<\/p>\n<p><strong>PLAYA DE LAS CANTERAS.<\/strong><\/p>\n<p>MONTE L\u00cdBANO<\/p>\n<p>Avenida de Las Canteras 76.<\/p>\n<p>Horario:-<\/p>\n<p><strong>\u00bf Conocen alguno m\u00e1s del que nos hayamos despistado? \ud83d\ude42<\/strong><\/p>\n<p><a href=\"http:\/\/www.canarias.com\/blog\/wp-content\/uploads\/2015\/04\/Gran-Canaria-desde-el-aire.jpg\"><img loading=\"lazy\" class=\"alignnone size-large wp-image-1478\" src=\"http:\/\/www.canarias.com\/blog\/wp-content\/uploads\/2015\/04\/Gran-Canaria-desde-el-aire-510x336.jpg\" alt=\"Gran Canaria desde el aire\" width=\"510\" height=\"336\" srcset=\"https:\/\/www.canarias.com\/blog\/wp-content\/uploads\/2015\/04\/Gran-Canaria-desde-el-aire-510x336.jpg 510w, https:\/\/www.canarias.com\/blog\/wp-content\/uploads\/2015\/04\/Gran-Canaria-desde-el-aire-300x198.jpg 300w, https:\/\/www.canarias.com\/blog\/wp-content\/uploads\/2015\/04\/Gran-Canaria-desde-el-aire-455x300.jpg 455w, https:\/\/www.canarias.com\/blog\/wp-content\/uploads\/2015\/04\/Gran-Canaria-desde-el-aire.jpg 800w\" sizes=\"(max-width: 510px) 100vw, 510px\" \/><\/a><\/p>\n","protected":false},"excerpt":{"rendered":"<p>En vistas a la gran aceptaci\u00f3n y demanda de nuestro post de restaurantes vegetarianos y veganos en Tenerife , hemos decidido hacer una nueva gu\u00eda de restaurantes, pero \u00e9sta vez en Gran Canaria, as\u00ed ya que sab\u00e9is viajeros y visitantes donde pod\u00e9is acudir a comer sin tener la necesidad de quedaros \u00fanicamente con alg\u00fan plato [&hellip;]<\/p>\n","protected":false},"author":1,"featured_media":1467,"comment_status":"open","ping_status":"open","sticky":false,"template":"","format":"standard","meta":[],"categories":[272],"tags":[306,301,307],"_links":{"self":[{"href":"https:\/\/www.canarias.com\/blog\/wp-json\/wp\/v2\/posts\/1466"}],"collection":[{"href":"https:\/\/www.canarias.com\/blog\/wp-json\/wp\/v2\/posts"}],"about":[{"href":"https:\/\/www.canarias.com\/blog\/wp-json\/wp\/v2\/types\/post"}],"author":[{"embeddable":true,"href":"https:\/\/www.canarias.com\/blog\/wp-json\/wp\/v2\/users\/1"}],"replies":[{"embeddable":true,"href":"https:\/\/www.canarias.com\/blog\/wp-json\/wp\/v2\/comments?post=1466"}],"version-history":[{"count":18,"href":"https:\/\/www.canarias.com\/blog\/wp-json\/wp\/v2\/posts\/1466\/revisions"}],"predecessor-version":[{"id":3496,"href":"https:\/\/www.canarias.com\/blog\/wp-json\/wp\/v2\/posts\/1466\/revisions\/3496"}],"wp:featuredmedia":[{"embeddable":true,"href":"https:\/\/www.canarias.com\/blog\/wp-json\/wp\/v2\/media\/1467"}],"wp:attachment":[{"href":"https:\/\/www.canarias.com\/blog\/wp-json\/wp\/v2\/media?parent=1466"}],"wp:term":[{"taxonomy":"category","embeddable":true,"href":"https:\/\/www.canarias.com\/blog\/wp-json\/wp\/v2\/categories?post=1466"},{"taxonomy":"post_tag","embeddable":true,"href":"https:\/\/www.canarias.com\/blog\/wp-json\/wp\/v2\/tags?post=1466"}],"curies":[{"name":"wp","href":"https:\/\/api.w.org\/{rel}","templated":true}]}}