{"id":1488,"date":"2015-04-18T08:43:00","date_gmt":"2015-04-18T08:43:00","guid":{"rendered":"http:\/\/www.canarias.com\/blog\/?p=1488"},"modified":"2016-03-15T10:05:21","modified_gmt":"2016-03-15T10:05:21","slug":"veinticinco-anos-con-ustedes-y-nueva-web","status":"publish","type":"post","link":"https:\/\/www.canarias.com\/blog\/veinticinco-anos-con-ustedes-y-nueva-web\/","title":{"rendered":"VEINTICINCO A\u00d1OS CON USTEDES&#8230;Y \u00a1NUEVA WEB!"},"content":{"rendered":"<p><a href=\"http:\/\/www.canarias.com\/blog\/wp-content\/uploads\/2015\/04\/CANARIASCOM.jpg\"><img loading=\"lazy\" class=\"alignnone size-full wp-image-1519\" src=\"http:\/\/www.canarias.com\/blog\/wp-content\/uploads\/2015\/04\/CANARIASCOM.jpg\" alt=\"CANARIAS.COM\" width=\"250\" height=\"81\" \/><\/a><\/p>\n<p>Veinticinco a\u00f1os\u00a0despu\u00e9s y aqu\u00ed seguimos, ser\u00e1 un <em>post especial<\/em> dedicado a todos nuestros lectores y clientes, en el que haremos muy brevemente una rese\u00f1a de nuestra historia y su paso por el tiempo, adem\u00e1s de tener una \u00a1\u00a1\u00a1<strong>NUEVA NOTICIA <\/strong> que adelantaros!!!<\/p>\n<p>EMPEZAMOS. Tras m\u00e1s de 25 a\u00f1os \u00e9sta empresa ha conseguido afianzarse como una de las mejores y m\u00e1s competitivas de Canarias, hemos avanzado mucho en \u00e9ste tiempo, al principio comenzamos \u00e9sta andadura \u00fanicamente con una peque\u00f1a flota coches para alquiler, en una oficina ubicada en El<a href=\"http:\/\/es.wikipedia.org\/wiki\/Puerto_de_la_Cruz\"> Puerto de la Cruz<\/a>, a \u00e9sto se uni\u00f3 la venta de excursiones, nuestra propia agencia de <a href=\"http:\/\/www.canarias.com\/search\/all.aspx?CodMant=18\">hoteles<\/a>,<a href=\"http:\/\/www.canarias.com\/vuelos\">vuelos<\/a> y <a href=\"http:\/\/viajes.canarias.com\/\">viajes<\/a>, y dentro de ella nuestra oferta de <a href=\"http:\/\/www.canarias.com\/traslados\/\">tranfers<\/a> y viajes para <a href=\"http:\/\/www.canarias.com\/grupos\/\">grupos<\/a>, ya sea de <a href=\"http:\/\/www.canarias.com\/grupos\/?step=2&amp;gtype=empresa\">empresa<\/a>, con <a href=\"http:\/\/www.canarias.com\/grupos\/?step=2&amp;gtype=amigos\">amigos<\/a>, <a href=\"http:\/\/www.canarias.com\/grupos\/?step=2&amp;gtype=amigos\">familiares<\/a>, y como no de <a href=\"http:\/\/www.canarias.com\/grupos\/?step=2&amp;gtype=asociaciones\">asociaciones y clubs<\/a>, como pod\u00e9is ver, aqu\u00ed no nos olvidamos de nadie.<\/p>\n<p>Pero, para poder potenciar todo \u00e9ste crecimiento hemos tenido que ir adapt\u00e1ndonos a estos nuevos tiempos, con lo que una de nuestras herramientas b\u00e1sicas y fundamental es nuestra\u00a0\u00a0<a href=\"http:\/\/WWW.CANARIAS.COM\"><strong>Canarias.com<\/strong><\/a>, adem\u00e1s del uso de nuestras propias redes sociales tales como, <a href=\"https:\/\/www.facebook.com\/canariascom?ref=hl\">FACEBOOK<\/a>,<a href=\"https:\/\/twitter.com\/canariascom?lang=es\"> TWITTER<\/a>, y por supuesto nuestros BLOGS.<\/p>\n<p>\u00a1\u00a1\u00a1<strong>PERO COMO OS HAB\u00cdAMOS anunciado.<\/strong>..<strong> \u00c9STE MES<\/strong> es,<strong> MES de CAMBIOS<\/strong>&#8230;Y con \u00e9l<strong> CAMBIO DE P\u00c1GINA WEB.<\/strong><br \/>\nPor lo que utilizaremos la misma direcci\u00f3n <a href=\"http:\/\/www.canarias.com\/\"> WWW.CANARIAS.COM<\/a> pero en un par de d\u00edas con CAMBIO DE IM\u00c1GEN, M\u00c1S FRESCA Y RENOVADA, pero seguimos siendo los MISMOS, as\u00ed que no os perd\u00e1is detalle estos d\u00edas!!!<\/p>\n<div style=\"width: 640px;\" class=\"wp-video\"><!--[if lt IE 9]><script>document.createElement('video');<\/script><![endif]-->\n<video class=\"wp-video-shortcode\" id=\"video-1488-1\" width=\"640\" height=\"480\" preload=\"metadata\" controls=\"controls\"><source type=\"video\/x-ms-wmv\" src=\"https:\/\/www.canarias.com\/blog\/wp-content\/uploads\/2015\/04\/NUEVA-WEB_0001.wmv?_=1\" \/><a href=\"https:\/\/www.canarias.com\/blog\/wp-content\/uploads\/2015\/04\/NUEVA-WEB_0001.wmv\">https:\/\/www.canarias.com\/blog\/wp-content\/uploads\/2015\/04\/NUEVA-WEB_0001.wmv<\/a><\/video><\/div>\n<p>&nbsp;<\/p>\n<p>Todo \u00e9sto ser\u00eda imposible sin el gran equipo de profesionales y grandes personas que tenemos detr\u00e1s. Gracias a todas y cada una de ellas, a las que est\u00e1n, y a las que ya se fueron, por hacer esto posible y por supuesto a ustedes,<strong> NUESTROS CLIENTES<\/strong>, por todas y cada una de las veces que hab\u00e9is acudido a nosotros, necesitaremos <strong>otros 25 a\u00f1os m\u00e1s<\/strong> para poder agradeceos todo \u00e9sto y m\u00e1s.<\/p>\n<p>Esperamos ansiosos a que compart\u00e1is con nosotros vuestras EXPERIENCIAS y RECUERDOS.<\/p>\n","protected":false},"excerpt":{"rendered":"<p>Veinticinco a\u00f1os\u00a0despu\u00e9s y aqu\u00ed seguimos, ser\u00e1 un post especial dedicado a todos nuestros lectores y clientes, en el que haremos muy brevemente una rese\u00f1a de nuestra historia y su paso por el tiempo, adem\u00e1s de tener una \u00a1\u00a1\u00a1NUEVA NOTICIA que adelantaros!!! EMPEZAMOS. Tras m\u00e1s de 25 a\u00f1os \u00e9sta empresa ha conseguido afianzarse como una de [&hellip;]<\/p>\n","protected":false},"author":1,"featured_media":1492,"comment_status":"open","ping_status":"open","sticky":false,"template":"","format":"standard","meta":[],"categories":[153,154,289,5,1,290],"tags":[],"_links":{"self":[{"href":"https:\/\/www.canarias.com\/blog\/wp-json\/wp\/v2\/posts\/1488"}],"collection":[{"href":"https:\/\/www.canarias.com\/blog\/wp-json\/wp\/v2\/posts"}],"about":[{"href":"https:\/\/www.canarias.com\/blog\/wp-json\/wp\/v2\/types\/post"}],"author":[{"embeddable":true,"href":"https:\/\/www.canarias.com\/blog\/wp-json\/wp\/v2\/users\/1"}],"replies":[{"embeddable":true,"href":"https:\/\/www.canarias.com\/blog\/wp-json\/wp\/v2\/comments?post=1488"}],"version-history":[{"count":30,"href":"https:\/\/www.canarias.com\/blog\/wp-json\/wp\/v2\/posts\/1488\/revisions"}],"predecessor-version":[{"id":3468,"href":"https:\/\/www.canarias.com\/blog\/wp-json\/wp\/v2\/posts\/1488\/revisions\/3468"}],"wp:featuredmedia":[{"embeddable":true,"href":"https:\/\/www.canarias.com\/blog\/wp-json\/wp\/v2\/media\/1492"}],"wp:attachment":[{"href":"https:\/\/www.canarias.com\/blog\/wp-json\/wp\/v2\/media?parent=1488"}],"wp:term":[{"taxonomy":"category","embeddable":true,"href":"https:\/\/www.canarias.com\/blog\/wp-json\/wp\/v2\/categories?post=1488"},{"taxonomy":"post_tag","embeddable":true,"href":"https:\/\/www.canarias.com\/blog\/wp-json\/wp\/v2\/tags?post=1488"}],"curies":[{"name":"wp","href":"https:\/\/api.w.org\/{rel}","templated":true}]}}