{"id":1680,"date":"2015-04-25T08:23:49","date_gmt":"2015-04-25T08:23:49","guid":{"rendered":"http:\/\/www.canarias.com\/blog\/?p=1680"},"modified":"2015-04-25T08:23:49","modified_gmt":"2015-04-25T08:23:49","slug":"luna-de-miel","status":"publish","type":"post","link":"https:\/\/www.canarias.com\/blog\/luna-de-miel\/","title":{"rendered":"LUNA DE MIEL"},"content":{"rendered":"<p>Como cita un famoso cantautor espa\u00f1ol en una de sus letras m\u00e1s famosas&#8230; \u00abQue todas las noches sean, noches de luna, que todas las Lunas sean LUNA (s) DE MIEL\u00bb<\/p>\n<p><a href=\"http:\/\/www.canarias.com\/blog\/wp-content\/uploads\/2015\/04\/limusina-boda-recien-casados.jpg\"><img loading=\"lazy\" src=\"http:\/\/www.canarias.com\/blog\/wp-content\/uploads\/2015\/04\/limusina-boda-recien-casados-510x339.jpg\" alt=\"Bride and groom holding champagne glasses\" width=\"510\" height=\"339\" class=\"alignnone size-large wp-image-1709\" srcset=\"https:\/\/www.canarias.com\/blog\/wp-content\/uploads\/2015\/04\/limusina-boda-recien-casados-510x339.jpg 510w, https:\/\/www.canarias.com\/blog\/wp-content\/uploads\/2015\/04\/limusina-boda-recien-casados-300x200.jpg 300w, https:\/\/www.canarias.com\/blog\/wp-content\/uploads\/2015\/04\/limusina-boda-recien-casados-451x300.jpg 451w, https:\/\/www.canarias.com\/blog\/wp-content\/uploads\/2015\/04\/limusina-boda-recien-casados-900x599.jpg 900w\" sizes=\"(max-width: 510px) 100vw, 510px\" \/><\/a><\/p>\n<p>Y como sabemos lo importante que es para una pareja reci\u00e9n casada este viaje y por tanto, el saber d\u00f3nde ir, c\u00f3mo y porqu\u00e9 decidirme, cu\u00e1nto tiempo, qu\u00e9 hotel o que tipo de alojamiento elegir, y cu\u00e1nto me costar\u00e1, queremos ayudaros a elegir las mejores opciones para vuestras merecidas <a href=\"http:\/\/viajes.canarias.com\/\">vacaciones<\/a> y dejaros alg\u00fan consejo pr\u00e1ctico que siempre son de utilidad.<\/p>\n<p><em>PLANIFICAR VIAJE<\/em><\/p>\n<p><em><br \/>\n<strong>EL TIEMPO<\/strong><\/em><\/p>\n<p>Lo primero y lo m\u00e1s importante para decidir sobre nuestra Luna de Miel es planificarla en el tiempo, por ejemplo si nos queremos ir el d\u00eda despu\u00e9s del enlace, una semana o incluso un a\u00f1o despu\u00e9s, pues variar\u00e1 mucho en funci\u00f3n de \u00e9sto.<\/p>\n<p>Ya sabemos que unas vacaciones baratas no las podemos planificar en el \u00faltimo momento. Si quieres conseguir paquetes promocionales que est\u00e9n a muy bien precio o billetes de avi\u00f3n baratos o low cost hay que empezar a investigar con varios meses de antelaci\u00f3n. <\/p>\n<p><strong><br \/>\n<em>DESTINOS<\/em><\/strong><\/p>\n<p>Posteriormente y no menos importante es decidir d\u00f3nde queremos irnos y si nuestro presupuesto va acorde con la elecci\u00f3n.<\/p>\n<p>EUROPA<\/p>\n<p><a href=\"http:\/\/www.canarias.com\/blog\/wp-content\/uploads\/2015\/04\/02I27651-paris-torre-eiffel-francia.jpg\"><img loading=\"lazy\" src=\"http:\/\/www.canarias.com\/blog\/wp-content\/uploads\/2015\/04\/02I27651-paris-torre-eiffel-francia-510x329.jpg\" alt=\"02I27651 paris torre eiffel francia\" width=\"510\" height=\"329\" class=\"alignnone size-large wp-image-1706\" srcset=\"https:\/\/www.canarias.com\/blog\/wp-content\/uploads\/2015\/04\/02I27651-paris-torre-eiffel-francia-510x329.jpg 510w, https:\/\/www.canarias.com\/blog\/wp-content\/uploads\/2015\/04\/02I27651-paris-torre-eiffel-francia-300x193.jpg 300w, https:\/\/www.canarias.com\/blog\/wp-content\/uploads\/2015\/04\/02I27651-paris-torre-eiffel-francia-465x300.jpg 465w, https:\/\/www.canarias.com\/blog\/wp-content\/uploads\/2015\/04\/02I27651-paris-torre-eiffel-francia-900x580.jpg 900w\" sizes=\"(max-width: 510px) 100vw, 510px\" \/><\/a><\/p>\n<p>LATINOAM\u00c9RICA<\/p>\n<p><a href=\"http:\/\/www.canarias.com\/blog\/wp-content\/uploads\/2015\/04\/LATINOAMERICA.jpg\"><img loading=\"lazy\" src=\"http:\/\/www.canarias.com\/blog\/wp-content\/uploads\/2015\/04\/LATINOAMERICA-510x350.jpg\" alt=\"LATINOAMERICA\" width=\"510\" height=\"350\" class=\"alignnone size-large wp-image-1711\" srcset=\"https:\/\/www.canarias.com\/blog\/wp-content\/uploads\/2015\/04\/LATINOAMERICA-510x350.jpg 510w, https:\/\/www.canarias.com\/blog\/wp-content\/uploads\/2015\/04\/LATINOAMERICA-300x206.jpg 300w, https:\/\/www.canarias.com\/blog\/wp-content\/uploads\/2015\/04\/LATINOAMERICA-437x300.jpg 437w, https:\/\/www.canarias.com\/blog\/wp-content\/uploads\/2015\/04\/LATINOAMERICA.jpg 640w\" sizes=\"(max-width: 510px) 100vw, 510px\" \/><\/a><\/p>\n<p>NORTEAM\u00c9RICA<\/p>\n<p><a href=\"http:\/\/www.canarias.com\/blog\/wp-content\/uploads\/2015\/04\/02G70369-.jpg\"><img loading=\"lazy\" src=\"http:\/\/www.canarias.com\/blog\/wp-content\/uploads\/2015\/04\/02G70369--510x765.jpg\" alt=\"02G70369 -\" width=\"510\" height=\"765\" class=\"alignnone size-large wp-image-1708\" srcset=\"https:\/\/www.canarias.com\/blog\/wp-content\/uploads\/2015\/04\/02G70369--510x765.jpg 510w, https:\/\/www.canarias.com\/blog\/wp-content\/uploads\/2015\/04\/02G70369--200x300.jpg 200w, https:\/\/www.canarias.com\/blog\/wp-content\/uploads\/2015\/04\/02G70369--900x1350.jpg 900w\" sizes=\"(max-width: 510px) 100vw, 510px\" \/><\/a><\/p>\n<p>CARIBE<\/p>\n<p><a href=\"http:\/\/www.canarias.com\/blog\/wp-content\/uploads\/2015\/04\/carribean.jpg\"><img loading=\"lazy\" src=\"http:\/\/www.canarias.com\/blog\/wp-content\/uploads\/2015\/04\/carribean-510x340.jpg\" alt=\"carribean\" width=\"510\" height=\"340\" class=\"alignnone size-large wp-image-1707\" srcset=\"https:\/\/www.canarias.com\/blog\/wp-content\/uploads\/2015\/04\/carribean-510x340.jpg 510w, https:\/\/www.canarias.com\/blog\/wp-content\/uploads\/2015\/04\/carribean-300x200.jpg 300w, https:\/\/www.canarias.com\/blog\/wp-content\/uploads\/2015\/04\/carribean-450x300.jpg 450w, https:\/\/www.canarias.com\/blog\/wp-content\/uploads\/2015\/04\/carribean-900x600.jpg 900w, https:\/\/www.canarias.com\/blog\/wp-content\/uploads\/2015\/04\/carribean.jpg 1125w\" sizes=\"(max-width: 510px) 100vw, 510px\" \/><\/a><\/p>\n<p>ASIA Y PAC\u00cdFICO SUR<\/p>\n<p><a href=\"http:\/\/www.canarias.com\/blog\/wp-content\/uploads\/2015\/04\/asia.jpg\"><img loading=\"lazy\" src=\"http:\/\/www.canarias.com\/blog\/wp-content\/uploads\/2015\/04\/asia-510x194.jpg\" alt=\"asia\" width=\"510\" height=\"194\" class=\"alignnone size-large wp-image-1712\" srcset=\"https:\/\/www.canarias.com\/blog\/wp-content\/uploads\/2015\/04\/asia-510x194.jpg 510w, https:\/\/www.canarias.com\/blog\/wp-content\/uploads\/2015\/04\/asia-300x114.jpg 300w, https:\/\/www.canarias.com\/blog\/wp-content\/uploads\/2015\/04\/asia-500x190.jpg 500w, https:\/\/www.canarias.com\/blog\/wp-content\/uploads\/2015\/04\/asia.jpg 565w\" sizes=\"(max-width: 510px) 100vw, 510px\" \/><\/a><\/p>\n<p><strong><em>MODALIDADES<\/em><\/strong><\/p>\n<p>Una vez elegido la fecha y el destino, va el C\u00d3MO, pues hay diferentes opciones entre las que decidirse.<\/p>\n<p><strong>Cruceros<\/strong><\/p>\n<p>No podemos olvidar que el Crucero consiste en un viaje en barco que dura varios d\u00edas o semanas, seg\u00fan por el que finalmente hayamos optado, en el que se hacen escalas en diversos puertos para efectuar visitas tur\u00edsticas.<\/p>\n<p>As\u00ed que tened cuidado si sol\u00e9is marear. \ud83d\ude42<\/p>\n<p><strong>Viajes Combinados<\/strong><\/p>\n<p>Entendemos por viaje combinado el ofertado o vendido por una <a href=\"https:\/\/www.canarias.com\/\">Agencia de Viajes<\/a> por un precio global que incluya, al menos:<\/p>\n<p>\u2022 Transporte.<\/p>\n<p>\u2022 Alojamiento.<\/p>\n<p>\u2022 Y otros servicios tur\u00edsticos no accesorios de los anteriores, como por ejemplo alguna excursi\u00f3n.<\/p>\n<p><strong>Todo Incluido<\/strong><\/p>\n<p>Cada vez est\u00e1n m\u00e1s de moda y su aumento ha sido muy notable en los \u00faltimos a\u00f1os de los Todo Incluido.<\/p>\n<p>En estos paquetes vacaciones suelen incluir traslados, todo lo que consumas en el hotel, animaci\u00f3n y los diferentes deportes que ofrezca el complejo, adem\u00e1s de incluir otro tipo de actividades tales como excursiones.<\/p>\n<p>Siempre hay que verificar lo que incluya cada paquete, pues seg\u00fan la agencia y el hotel que elijas podr\u00eda variar, y as\u00ed evitamos las preocupaciones de \u00faltima hora.<\/p>\n<p>As\u00ed que esto ser\u00eda una opci\u00f3n muy recomendable.<\/p>\n<p><strong>UNA VEZ DECIDIDO<\/strong><em><\/p>\n<p><em>Una vez que tengamos todo lo que hemos establecido, s\u00f3lo faltar\u00eda acudir a nuestra<a href=\"http:\/\/www.canarias.com\/\"> Agencia de Confianza<\/a> o nuestra <a href=\"http:\/\/www.canarias.com\/\">Agencia Online<\/a>, las cuales cada vez son m\u00e1s numerosas y nos ofrecen infinidad de ofertas, y sacar los pasajes, o contratar el paquete vacacional que mejor se ajuste a lo que queremos y podemos, \u00a1\u00a1 Y A DISFRUTAR !<\/em><\/em>!<\/p>\n<p>\u00bfTe hemos ayudado a planificar este famoso y deseado viaje de ensue\u00f1o? \u00bfD\u00f3nde ir\u00edas t\u00fa?  \ud83d\ude42<\/p>\n","protected":false},"excerpt":{"rendered":"<p>Como cita un famoso cantautor espa\u00f1ol en una de sus letras m\u00e1s famosas&#8230; \u00abQue todas las noches sean, noches de luna, que todas las Lunas sean LUNA (s) DE MIEL\u00bb Y como sabemos lo importante que es para una pareja reci\u00e9n casada este viaje y por tanto, el saber d\u00f3nde ir, c\u00f3mo y porqu\u00e9 decidirme, [&hellip;]<\/p>\n","protected":false},"author":1,"featured_media":1709,"comment_status":"open","ping_status":"open","sticky":false,"template":"","format":"standard","meta":[],"categories":[291,140,252,315],"tags":[320,316,327,317,319,318],"_links":{"self":[{"href":"https:\/\/www.canarias.com\/blog\/wp-json\/wp\/v2\/posts\/1680"}],"collection":[{"href":"https:\/\/www.canarias.com\/blog\/wp-json\/wp\/v2\/posts"}],"about":[{"href":"https:\/\/www.canarias.com\/blog\/wp-json\/wp\/v2\/types\/post"}],"author":[{"embeddable":true,"href":"https:\/\/www.canarias.com\/blog\/wp-json\/wp\/v2\/users\/1"}],"replies":[{"embeddable":true,"href":"https:\/\/www.canarias.com\/blog\/wp-json\/wp\/v2\/comments?post=1680"}],"version-history":[{"count":19,"href":"https:\/\/www.canarias.com\/blog\/wp-json\/wp\/v2\/posts\/1680\/revisions"}],"predecessor-version":[{"id":1724,"href":"https:\/\/www.canarias.com\/blog\/wp-json\/wp\/v2\/posts\/1680\/revisions\/1724"}],"wp:featuredmedia":[{"embeddable":true,"href":"https:\/\/www.canarias.com\/blog\/wp-json\/wp\/v2\/media\/1709"}],"wp:attachment":[{"href":"https:\/\/www.canarias.com\/blog\/wp-json\/wp\/v2\/media?parent=1680"}],"wp:term":[{"taxonomy":"category","embeddable":true,"href":"https:\/\/www.canarias.com\/blog\/wp-json\/wp\/v2\/categories?post=1680"},{"taxonomy":"post_tag","embeddable":true,"href":"https:\/\/www.canarias.com\/blog\/wp-json\/wp\/v2\/tags?post=1680"}],"curies":[{"name":"wp","href":"https:\/\/api.w.org\/{rel}","templated":true}]}}