{"id":1686,"date":"2015-04-23T11:28:59","date_gmt":"2015-04-23T11:28:59","guid":{"rendered":"http:\/\/www.canarias.com\/blog\/?p=1686"},"modified":"2015-11-10T10:06:34","modified_gmt":"2015-11-10T10:06:34","slug":"expo-2015-de-milan-nutrir-el-planeta-energia-para-la-vida","status":"publish","type":"post","link":"https:\/\/www.canarias.com\/blog\/expo-2015-de-milan-nutrir-el-planeta-energia-para-la-vida\/","title":{"rendered":"Expo 2015 de Mil\u00e1n, \u201cNutrir el planeta, energ\u00eda para la vida\u201d"},"content":{"rendered":"<h2>Expo 2015 de Mil\u00e1n<\/h2>\n<p>Expo 2015 de <a title=\"Gu\u00eda de Mil\u00e1n\" href=\"http:\/\/www.canarias.com\/blog\/category\/guias-practicas-de-viajes\/ciudades-europa\/guia-practica-de-milan\/\" target=\"_blank\">Mil\u00e1n<\/a> En muy pocos d\u00edas abrir\u00e1 sus puertas la<strong>\u00a0Expo 2015 de Mil\u00e1n<\/strong>. Una Exposici\u00f3n Internacional que desde el 1 de Mayo hasta el 31 de Octubre espera\u00a0a\u00a0m\u00e1s de 20 millones de visitantes.<\/p>\n<p><a href=\"http:\/\/www.canarias.com\/blog\/wp-content\/uploads\/2015\/04\/expo.png\"><img loading=\"lazy\" class=\"aligncenter wp-image-1687 \" src=\"http:\/\/www.canarias.com\/blog\/wp-content\/uploads\/2015\/04\/expo-300x300.png\" alt=\"expo\" width=\"339\" height=\"339\" srcset=\"https:\/\/www.canarias.com\/blog\/wp-content\/uploads\/2015\/04\/expo-300x300.png 300w, https:\/\/www.canarias.com\/blog\/wp-content\/uploads\/2015\/04\/expo-144x144.png 144w, https:\/\/www.canarias.com\/blog\/wp-content\/uploads\/2015\/04\/expo-150x150.png 150w, https:\/\/www.canarias.com\/blog\/wp-content\/uploads\/2015\/04\/expo-200x200.png 200w, https:\/\/www.canarias.com\/blog\/wp-content\/uploads\/2015\/04\/expo.png 500w\" sizes=\"(max-width: 339px) 100vw, 339px\" \/><\/a><\/p>\n<h3><strong>El Evento<\/strong><\/h3>\n<p>El tema de este gran evento es muy complejo &#8211; \u00a0<strong>la alimentaci\u00f3n<\/strong>. \u00a0Desde muchos diferentes puntos de vista acercar\u00e1n este asunto tan importante a nivel mundial, como asegurar la nutrici\u00f3n sana y sostenible para todo el mundo respetando nuestra Planeta y su equilibrio.<\/p>\n<p>El <strong>30 de Abril<\/strong> va a dar lugar<strong> el acto de inauguraci\u00f3n,<\/strong> donde <a title=\"Andrea Bocelli\" href=\"http:\/\/es.wikipedia.org\/wiki\/Andrea_Bocelli\" target=\"_blank\">Andrea Bocelli<\/a>, el embajador ilustre del evento, va a ofrecer un concierto en directo en la Plaza del Duomo.<\/p>\n<p>Para adquirir las entradas, tanto para la Expo como sus eventos especiales, como el show de apertura\u00a0o el espect\u00e1culo del<a title=\"Circo de Sol\" href=\"http:\/\/es.wikipedia.org\/wiki\/Cirque_du_Soleil\" target=\"_blank\"> Circo del Sol<\/a> etc., lo mas r\u00e1pido y seguro es a trav\u00e9s de la<a title=\"Entradas Expo 2015\" href=\"http:\/\/www.expo2015.org\/en\/tickets\" target=\"_blank\"> p\u00e1gina oficial <\/a>del evento.<\/p>\n<p>&nbsp;<\/p>\n<h3><strong>Pabell\u00f3n de Espa\u00f1a<\/strong><\/h3>\n<p>El \u00a0dise\u00f1o del pabell\u00f3n de Espa\u00f1a en la Expo de 2015 de Mil\u00e1n \u00a0est\u00e1 inspirado en un invernadero y tiene el lema de <em>\u201cCultivando el futuro\u201d. <\/em>Para su fabricaci\u00f3n han utilizado muchos materiales reciclados y naturales y la mayor parte del pabell\u00f3n es semi-exterior.<\/p>\n<p>&nbsp;<\/p>\n<h3><strong>Expo y los ni\u00f1os<\/strong><\/h3>\n<p>Aunque el lema del evento parezca algo muy serio recomiendo visitar con toda <strong>la familia<\/strong>. Dentro de los pabellones y en el espacio de La Exposici\u00f3n habr\u00e1 tambi\u00e9n muchos lugares para el p\u00fablico infantil para disfrutar y descubrir nuevas experiencias. <strong>Children \u00a0Park (<\/strong>Parque Infantil) va a ofrecer mucha diversi\u00f3n, actividades y juegos educativos para los ni\u00f1os. El dise\u00f1o del Parque es como si fuese un bosque albergando ocho instalaciones al aire libre pero cubierto con un tejado.<\/p>\n<h3><strong>\u00a0\u00bfC\u00f3mo visitar la Expo?<\/strong><\/h3>\n<p>\u00bfTe animas a visitar este evento \u00fanico donde m\u00e1s de 140 pa\u00edses van a participar? Mil\u00e1n es un destino perfecto para una escapada de fin de semana. Aprovecha esta ocasi\u00f3n especial y an\u00edmate a visitar el Norte de Italia. \u00a0Desde toda Europa salen <a title=\"Vuelos baratos\" href=\"http:\/\/www.canarias.com\/vuelos\" target=\"_blank\">vuelos de low cost\u00a0<\/a> con destino a <strong>Mil\u00e1n<\/strong>, y en la ciudad tambi\u00e9n se puede encontrar muchos <a title=\"Hoteles Mil\u00e1n\" href=\"http:\/\/www.canarias.com\/hoteles\/italia\" target=\"_blank\">hoteles baratos.<\/a><\/p>\n<p>&nbsp;<\/p>\n","protected":false},"excerpt":{"rendered":"<p>Expo 2015 de Mil\u00e1n Expo 2015 de Mil\u00e1n En muy pocos d\u00edas abrir\u00e1 sus puertas la\u00a0Expo 2015 de Mil\u00e1n. Una Exposici\u00f3n Internacional que desde el 1 de Mayo hasta el 31 de Octubre espera\u00a0a\u00a0m\u00e1s de 20 millones de visitantes. El Evento El tema de este gran evento es muy complejo &#8211; \u00a0la alimentaci\u00f3n. \u00a0Desde muchos [&hellip;]<\/p>\n","protected":false},"author":1,"featured_media":1687,"comment_status":"closed","ping_status":"closed","sticky":false,"template":"","format":"standard","meta":[],"categories":[153,431,252,503,194,289,534],"tags":[324,322,195,323,325,197,326],"_links":{"self":[{"href":"https:\/\/www.canarias.com\/blog\/wp-json\/wp\/v2\/posts\/1686"}],"collection":[{"href":"https:\/\/www.canarias.com\/blog\/wp-json\/wp\/v2\/posts"}],"about":[{"href":"https:\/\/www.canarias.com\/blog\/wp-json\/wp\/v2\/types\/post"}],"author":[{"embeddable":true,"href":"https:\/\/www.canarias.com\/blog\/wp-json\/wp\/v2\/users\/1"}],"replies":[{"embeddable":true,"href":"https:\/\/www.canarias.com\/blog\/wp-json\/wp\/v2\/comments?post=1686"}],"version-history":[{"count":12,"href":"https:\/\/www.canarias.com\/blog\/wp-json\/wp\/v2\/posts\/1686\/revisions"}],"predecessor-version":[{"id":1702,"href":"https:\/\/www.canarias.com\/blog\/wp-json\/wp\/v2\/posts\/1686\/revisions\/1702"}],"wp:featuredmedia":[{"embeddable":true,"href":"https:\/\/www.canarias.com\/blog\/wp-json\/wp\/v2\/media\/1687"}],"wp:attachment":[{"href":"https:\/\/www.canarias.com\/blog\/wp-json\/wp\/v2\/media?parent=1686"}],"wp:term":[{"taxonomy":"category","embeddable":true,"href":"https:\/\/www.canarias.com\/blog\/wp-json\/wp\/v2\/categories?post=1686"},{"taxonomy":"post_tag","embeddable":true,"href":"https:\/\/www.canarias.com\/blog\/wp-json\/wp\/v2\/tags?post=1686"}],"curies":[{"name":"wp","href":"https:\/\/api.w.org\/{rel}","templated":true}]}}