{"id":1982,"date":"2015-05-19T08:26:21","date_gmt":"2015-05-19T08:26:21","guid":{"rendered":"http:\/\/www.canarias.com\/blog\/?p=1982"},"modified":"2015-05-19T08:42:47","modified_gmt":"2015-05-19T08:42:47","slug":"2015-ano-de-conciertos","status":"publish","type":"post","link":"https:\/\/www.canarias.com\/blog\/2015-ano-de-conciertos\/","title":{"rendered":"2015, A\u00f1o de Conciertos en Canarias."},"content":{"rendered":"<p>Para todos nosotros este 2015, a\u00f1o de conciertos, podremos disfrutar de los mejores y m\u00e1s reconocidos artistas de todo el panorama\u00a0musical de los \u00faltimos tiempos.<\/p>\n<p>Son grandes acontecimientos en los que la diversi\u00f3n, la amistad, la familia y la buena m\u00fasica nos acompa\u00f1ar\u00e1n en todo momento. As\u00ed que, si te has olvidado de alguno o a\u00fan no te hab\u00edas enterado, coge la Agenda y apunta los d\u00edas se\u00f1alados. \u00a1No te los puedes perder!<\/p>\n<p>Y para que puedas disfrutar de todos los conciertos \u00a0programados lo mejor es buscar alg\u00fan <a href=\"http:\/\/www.canarias.com\/\" target=\"_blank\">hotel o apartamento<\/a> d\u00f3nde pasar la noche y m\u00e1s si vamos a coger el coche cansados o tras haber tomado algo de alcohol. \ud83d\ude09<\/p>\n<p>Ahora \u00fanicamente a elegir artista y fecha y concierto.<\/p>\n<p>&nbsp;<\/p>\n<p><strong>Raphael<\/strong><\/p>\n<p>5 Junio. Lanzarote.<\/p>\n<p>25 Junio. Gran Canaria.<\/p>\n<p>26 Junio. La Palma.<\/p>\n<p><a href=\"http:\/\/www.canarias.com\/blog\/wp-content\/uploads\/2015\/05\/rapahel.jpg\"><img loading=\"lazy\" class=\"alignnone size-full wp-image-1983\" src=\"http:\/\/www.canarias.com\/blog\/wp-content\/uploads\/2015\/05\/rapahel.jpg\" alt=\"rapahel\" width=\"467\" height=\"259\" srcset=\"https:\/\/www.canarias.com\/blog\/wp-content\/uploads\/2015\/05\/rapahel.jpg 467w, https:\/\/www.canarias.com\/blog\/wp-content\/uploads\/2015\/05\/rapahel-300x166.jpg 300w\" sizes=\"(max-width: 467px) 100vw, 467px\" \/><\/a><\/p>\n<p><strong>Rosario.<\/strong><\/p>\n<p>4 Julio. La Palma.<\/p>\n<p><a href=\"http:\/\/www.canarias.com\/blog\/wp-content\/uploads\/2015\/05\/rosario.jpg\"><img loading=\"lazy\" class=\"alignnone size-full wp-image-1984\" src=\"http:\/\/www.canarias.com\/blog\/wp-content\/uploads\/2015\/05\/rosario.jpg\" alt=\"rosario\" width=\"413\" height=\"232\" srcset=\"https:\/\/www.canarias.com\/blog\/wp-content\/uploads\/2015\/05\/rosario.jpg 413w, https:\/\/www.canarias.com\/blog\/wp-content\/uploads\/2015\/05\/rosario-300x169.jpg 300w\" sizes=\"(max-width: 413px) 100vw, 413px\" \/><\/a><\/p>\n<p><strong>Joaquin Sabina\u00a0<\/strong><\/p>\n<p>10 Junio. Gran Canaria<\/p>\n<p>13 Junio. Tenerife<\/p>\n<p><img loading=\"lazy\" class=\"alignnone size-large wp-image-1989\" src=\"http:\/\/www.canarias.com\/blog\/wp-content\/uploads\/2015\/05\/sabina-510x339.jpg\" alt=\"sabina\" width=\"510\" height=\"339\" srcset=\"https:\/\/www.canarias.com\/blog\/wp-content\/uploads\/2015\/05\/sabina-510x339.jpg 510w, https:\/\/www.canarias.com\/blog\/wp-content\/uploads\/2015\/05\/sabina-300x200.jpg 300w, https:\/\/www.canarias.com\/blog\/wp-content\/uploads\/2015\/05\/sabina-451x300.jpg 451w, https:\/\/www.canarias.com\/blog\/wp-content\/uploads\/2015\/05\/sabina-900x599.jpg 900w, https:\/\/www.canarias.com\/blog\/wp-content\/uploads\/2015\/05\/sabina.jpg 1600w\" sizes=\"(max-width: 510px) 100vw, 510px\" \/><\/p>\n<p><strong>Serrat<\/strong><\/p>\n<p>28 Junio. Tenerife.<\/p>\n<p><a href=\"http:\/\/www.canarias.com\/blog\/wp-content\/uploads\/2015\/05\/serrat.jpg\"><img loading=\"lazy\" class=\"size-large wp-image-1990\" src=\"http:\/\/www.canarias.com\/blog\/wp-content\/uploads\/2015\/05\/serrat-510x355.jpg\" alt=\"CICLO VALLADOLID VIVE LA MUSICA.- JOAN MANUEL SERRAT.- CONCIERTOS.- MUSICA.- VALLADOLID\" width=\"510\" height=\"355\" srcset=\"https:\/\/www.canarias.com\/blog\/wp-content\/uploads\/2015\/05\/serrat-510x355.jpg 510w, https:\/\/www.canarias.com\/blog\/wp-content\/uploads\/2015\/05\/serrat-300x209.jpg 300w, https:\/\/www.canarias.com\/blog\/wp-content\/uploads\/2015\/05\/serrat-432x300.jpg 432w, https:\/\/www.canarias.com\/blog\/wp-content\/uploads\/2015\/05\/serrat-900x626.jpg 900w\" sizes=\"(max-width: 510px) 100vw, 510px\" \/><\/a><\/p>\n<p><strong>Pablo Albor\u00e1n<\/strong><\/p>\n<p>16 Julio. La Palma.<\/p>\n<p>17 Julio. Tenerife.<\/p>\n<p>18 Julio. Gran Canaria.<\/p>\n<p><a href=\"http:\/\/www.canarias.com\/blog\/wp-content\/uploads\/2015\/05\/Pablo-Alboran.jpg\"><img loading=\"lazy\" class=\"alignnone size-large wp-image-1985\" src=\"http:\/\/www.canarias.com\/blog\/wp-content\/uploads\/2015\/05\/Pablo-Alboran-510x510.jpg\" alt=\"Pablo-Alboran\" width=\"510\" height=\"510\" srcset=\"https:\/\/www.canarias.com\/blog\/wp-content\/uploads\/2015\/05\/Pablo-Alboran-510x510.jpg 510w, https:\/\/www.canarias.com\/blog\/wp-content\/uploads\/2015\/05\/Pablo-Alboran-300x300.jpg 300w, https:\/\/www.canarias.com\/blog\/wp-content\/uploads\/2015\/05\/Pablo-Alboran-144x144.jpg 144w, https:\/\/www.canarias.com\/blog\/wp-content\/uploads\/2015\/05\/Pablo-Alboran-150x150.jpg 150w, https:\/\/www.canarias.com\/blog\/wp-content\/uploads\/2015\/05\/Pablo-Alboran-200x200.jpg 200w, https:\/\/www.canarias.com\/blog\/wp-content\/uploads\/2015\/05\/Pablo-Alboran-900x900.jpg 900w, https:\/\/www.canarias.com\/blog\/wp-content\/uploads\/2015\/05\/Pablo-Alboran.jpg 1024w\" sizes=\"(max-width: 510px) 100vw, 510px\" \/><\/a><\/p>\n<p>&nbsp;<\/p>\n<p><strong>Man\u00e1<\/strong><\/p>\n<p>21 Agosto. Tenerife<\/p>\n<p><a href=\"http:\/\/www.canarias.com\/blog\/wp-content\/uploads\/2015\/05\/mna.jpg\"><img loading=\"lazy\" class=\"alignnone size-large wp-image-1986\" src=\"http:\/\/www.canarias.com\/blog\/wp-content\/uploads\/2015\/05\/mna-510x510.jpg\" alt=\"mna\" width=\"510\" height=\"510\" srcset=\"https:\/\/www.canarias.com\/blog\/wp-content\/uploads\/2015\/05\/mna-510x510.jpg 510w, https:\/\/www.canarias.com\/blog\/wp-content\/uploads\/2015\/05\/mna-300x300.jpg 300w, https:\/\/www.canarias.com\/blog\/wp-content\/uploads\/2015\/05\/mna-144x144.jpg 144w, https:\/\/www.canarias.com\/blog\/wp-content\/uploads\/2015\/05\/mna-150x150.jpg 150w, https:\/\/www.canarias.com\/blog\/wp-content\/uploads\/2015\/05\/mna-200x200.jpg 200w, https:\/\/www.canarias.com\/blog\/wp-content\/uploads\/2015\/05\/mna-900x900.jpg 900w, https:\/\/www.canarias.com\/blog\/wp-content\/uploads\/2015\/05\/mna.jpg 953w\" sizes=\"(max-width: 510px) 100vw, 510px\" \/><\/a><\/p>\n<p>&nbsp;<\/p>\n<p><strong>Marc Anthony<\/strong><\/p>\n<p>09 Julio. Gran Canaria.<\/p>\n<p>10 Julio. Tenerife.<\/p>\n<p><a href=\"http:\/\/www.canarias.com\/blog\/wp-content\/uploads\/2015\/05\/Marc-Anthony.jpg\"><img loading=\"lazy\" class=\"alignnone size-large wp-image-1987\" src=\"http:\/\/www.canarias.com\/blog\/wp-content\/uploads\/2015\/05\/Marc-Anthony-510x383.jpg\" alt=\"Marc-Anthony\" width=\"510\" height=\"383\" srcset=\"https:\/\/www.canarias.com\/blog\/wp-content\/uploads\/2015\/05\/Marc-Anthony-510x383.jpg 510w, https:\/\/www.canarias.com\/blog\/wp-content\/uploads\/2015\/05\/Marc-Anthony-300x225.jpg 300w, https:\/\/www.canarias.com\/blog\/wp-content\/uploads\/2015\/05\/Marc-Anthony-400x300.jpg 400w, https:\/\/www.canarias.com\/blog\/wp-content\/uploads\/2015\/05\/Marc-Anthony.jpg 664w\" sizes=\"(max-width: 510px) 100vw, 510px\" \/><\/a><\/p>\n<p>&nbsp;<\/p>\n<p><strong>Juan Luis Guerra<\/strong><\/p>\n<p>23 Julio. Gran Canaria<\/p>\n<p>25 Julio. Tenerife.<\/p>\n<p>26 Julio.\u00a0La Palma.<\/p>\n<p><a href=\"http:\/\/www.canarias.com\/blog\/wp-content\/uploads\/2015\/05\/juanlu.jpg\"><img loading=\"lazy\" class=\"alignnone size-large wp-image-1988\" title=\"\" src=\"http:\/\/www.canarias.com\/blog\/wp-content\/uploads\/2015\/05\/juanlu-510x340.jpg\" alt=\"juanlu\" width=\"510\" height=\"340\" srcset=\"https:\/\/www.canarias.com\/blog\/wp-content\/uploads\/2015\/05\/juanlu-510x340.jpg 510w, https:\/\/www.canarias.com\/blog\/wp-content\/uploads\/2015\/05\/juanlu-300x200.jpg 300w, https:\/\/www.canarias.com\/blog\/wp-content\/uploads\/2015\/05\/juanlu.jpg 600w, https:\/\/www.canarias.com\/blog\/wp-content\/uploads\/2015\/05\/juanlu-450x300.jpg 450w\" sizes=\"(max-width: 510px) 100vw, 510px\" \/><\/a><\/p>\n<p>&nbsp;<\/p>\n<p>Imagino que ya est\u00e1s mirando las entradas, normal, nosotros ya tenemos nuestras <a href=\"https:\/\/entrees.es\/\" rel=\"nofollow\" target=\"_blank\">entradas<\/a>, nuestro<a href=\"http:\/\/rentacar.canarias.com\/\" target=\"_blank\"> coche de alquiler<\/a> para ir a uno y a otro \u00a0y \u00a0un<a href=\"http:\/\/www.canarias.com\/hoteles\" target=\"_blank\"> hotel <\/a>d\u00f3nde hospedarnos. Ahora te toca a ti. \ud83d\ude42<\/p>\n","protected":false},"excerpt":{"rendered":"<p>Para todos nosotros este 2015, a\u00f1o de conciertos, podremos disfrutar de los mejores y m\u00e1s reconocidos artistas de todo el panorama\u00a0musical de los \u00faltimos tiempos. Son grandes acontecimientos en los que la diversi\u00f3n, la amistad, la familia y la buena m\u00fasica nos acompa\u00f1ar\u00e1n en todo momento. As\u00ed que, si te has olvidado de alguno o [&hellip;]<\/p>\n","protected":false},"author":1,"featured_media":2011,"comment_status":"open","ping_status":"open","sticky":false,"template":"","format":"standard","meta":[],"categories":[1],"tags":[367,312,366,368],"_links":{"self":[{"href":"https:\/\/www.canarias.com\/blog\/wp-json\/wp\/v2\/posts\/1982"}],"collection":[{"href":"https:\/\/www.canarias.com\/blog\/wp-json\/wp\/v2\/posts"}],"about":[{"href":"https:\/\/www.canarias.com\/blog\/wp-json\/wp\/v2\/types\/post"}],"author":[{"embeddable":true,"href":"https:\/\/www.canarias.com\/blog\/wp-json\/wp\/v2\/users\/1"}],"replies":[{"embeddable":true,"href":"https:\/\/www.canarias.com\/blog\/wp-json\/wp\/v2\/comments?post=1982"}],"version-history":[{"count":8,"href":"https:\/\/www.canarias.com\/blog\/wp-json\/wp\/v2\/posts\/1982\/revisions"}],"predecessor-version":[{"id":2013,"href":"https:\/\/www.canarias.com\/blog\/wp-json\/wp\/v2\/posts\/1982\/revisions\/2013"}],"wp:featuredmedia":[{"embeddable":true,"href":"https:\/\/www.canarias.com\/blog\/wp-json\/wp\/v2\/media\/2011"}],"wp:attachment":[{"href":"https:\/\/www.canarias.com\/blog\/wp-json\/wp\/v2\/media?parent=1982"}],"wp:term":[{"taxonomy":"category","embeddable":true,"href":"https:\/\/www.canarias.com\/blog\/wp-json\/wp\/v2\/categories?post=1982"},{"taxonomy":"post_tag","embeddable":true,"href":"https:\/\/www.canarias.com\/blog\/wp-json\/wp\/v2\/tags?post=1982"}],"curies":[{"name":"wp","href":"https:\/\/api.w.org\/{rel}","templated":true}]}}