{"id":2038,"date":"2015-05-23T09:20:39","date_gmt":"2015-05-23T09:20:39","guid":{"rendered":"http:\/\/www.canarias.com\/blog\/?p=2038"},"modified":"2016-03-16T09:47:28","modified_gmt":"2016-03-16T09:47:28","slug":"apartamentos-low-cost","status":"publish","type":"post","link":"https:\/\/www.canarias.com\/blog\/apartamentos-low-cost\/","title":{"rendered":"Apartamentos LOW COST."},"content":{"rendered":"<p>Muchas veces queremos irnos de vacaciones o pasar alg\u00fan fin de semana fuera de casa, pero se nos encarece much\u00edsimo cuando de un hotel se trata, o bien con los ni\u00f1os no podemos ir a cualquier sitio que nos apetezca, o si vamos en grupo nos limita mucho el n\u00famero de personas por habitaci\u00f3n, incluso si hablamos de las comidas tambi\u00e9n se nos puede hacer un poco cuesta arriba, pero por suerte y como sabemos siempre hay opciones para todos, y en estos casos un apartamento es mas econ\u00f3mico y muchos nos permiten, al tener su propia cocina, prepararnos nosotros mismos lo que queremos comer, y adem\u00e1s podremos ahorrar.<\/p>\n<p>Por lo que queremos darte algunas opciones en Tenerife a tener en cuenta para que aproveches al m\u00e1ximo las vacaciones o el tiempo libre. Por ello hemos seleccionado algunos de los apartamentos m\u00e1s econ\u00f3micos de la Isla.<\/p>\n<p><a href=\"http:\/\/www.canarias.com\/detalles-hotel\/blue-sea-apartamentos-callao-garden-tenerife-24-24123\" target=\"_blank\">Apartamentos Oro Blanco &#8211; Playa de las Am\u00e9ricas.<\/a><\/p>\n<p><a href=\"http:\/\/www.canarias.com\/blog\/wp-content\/uploads\/2015\/05\/OROB-pisc2.jpg\"><img loading=\"lazy\" src=\"http:\/\/www.canarias.com\/blog\/wp-content\/uploads\/2015\/05\/OROB-pisc2.jpg\" alt=\"OROB-pisc2\" width=\"320\" height=\"240\" class=\"alignnone size-full wp-image-2043\" srcset=\"https:\/\/www.canarias.com\/blog\/wp-content\/uploads\/2015\/05\/OROB-pisc2.jpg 320w, https:\/\/www.canarias.com\/blog\/wp-content\/uploads\/2015\/05\/OROB-pisc2-300x225.jpg 300w\" sizes=\"(max-width: 320px) 100vw, 320px\" \/><\/a><\/p>\n<p><a href=\"http:\/\/www.canarias.com\/hotel\/marola-portosin-playa-de-las-americas-24-99795\" target=\"_blank\">Marola Park &#8211; Playa de las Am\u00e9ricas.<\/a><\/p>\n<p><a href=\"http:\/\/www.canarias.com\/blog\/wp-content\/uploads\/2015\/05\/marola.jpg\"><img loading=\"lazy\" src=\"http:\/\/www.canarias.com\/blog\/wp-content\/uploads\/2015\/05\/marola-510x383.jpg\" alt=\"marola\" width=\"510\" height=\"383\" class=\"alignnone size-large wp-image-2044\" srcset=\"https:\/\/www.canarias.com\/blog\/wp-content\/uploads\/2015\/05\/marola-510x383.jpg 510w, https:\/\/www.canarias.com\/blog\/wp-content\/uploads\/2015\/05\/marola-300x225.jpg 300w, https:\/\/www.canarias.com\/blog\/wp-content\/uploads\/2015\/05\/marola-400x300.jpg 400w, https:\/\/www.canarias.com\/blog\/wp-content\/uploads\/2015\/05\/marola.jpg 640w\" sizes=\"(max-width: 510px) 100vw, 510px\" \/><\/a><\/p>\n<p><a href=\"http:\/\/www.canarias.com\/detalles-hotel\/los-cardones-playa-de-las-americas-24-5089\" target=\"_blank\">Apartamentos Los Cardones &#8211; Playa de las Am\u00e9ricas.<\/a><\/p>\n<p><a href=\"http:\/\/www.canarias.com\/blog\/wp-content\/uploads\/2015\/05\/apartamentos-los-cardones.jpg\"><img loading=\"lazy\" src=\"http:\/\/www.canarias.com\/blog\/wp-content\/uploads\/2015\/05\/apartamentos-los-cardones.jpg\" alt=\"apartamentos-los-cardones\" width=\"400\" height=\"300\" class=\"alignnone size-full wp-image-2045\" srcset=\"https:\/\/www.canarias.com\/blog\/wp-content\/uploads\/2015\/05\/apartamentos-los-cardones.jpg 400w, https:\/\/www.canarias.com\/blog\/wp-content\/uploads\/2015\/05\/apartamentos-los-cardones-300x225.jpg 300w\" sizes=\"(max-width: 400px) 100vw, 400px\" \/><\/a><\/p>\n<p><a href=\"http:\/\/www.canarias.com\/hotel\/mar-ola-park-apartments-playa-de-las-americas-24-86408\" target=\"_blank\">Aparthotel Parque La Paz &#8211; Playa de las Am\u00e9ricas.<\/a><\/p>\n<p><a href=\"http:\/\/www.canarias.com\/blog\/wp-content\/uploads\/2015\/05\/parque-de-la-paz.jpg\"><img loading=\"lazy\" src=\"http:\/\/www.canarias.com\/blog\/wp-content\/uploads\/2015\/05\/parque-de-la-paz.jpg\" alt=\"parque de la paz\" width=\"440\" height=\"328\" class=\"alignnone size-full wp-image-2046\" srcset=\"https:\/\/www.canarias.com\/blog\/wp-content\/uploads\/2015\/05\/parque-de-la-paz.jpg 440w, https:\/\/www.canarias.com\/blog\/wp-content\/uploads\/2015\/05\/parque-de-la-paz-216x160.jpg 216w, https:\/\/www.canarias.com\/blog\/wp-content\/uploads\/2015\/05\/parque-de-la-paz-300x224.jpg 300w, https:\/\/www.canarias.com\/blog\/wp-content\/uploads\/2015\/05\/parque-de-la-paz-402x300.jpg 402w\" sizes=\"(max-width: 440px) 100vw, 440px\" \/><\/a><\/p>\n<p><a href=\"http:\/\/www.canarias.com\/detalles-hotel\/hg-cristian-sur-tenerife\" target=\"_blank\">Apartamentos HG Cristian Sur &#8211; Los Cristianos.<\/a><\/p>\n<p><a href=\"http:\/\/www.canarias.com\/blog\/wp-content\/uploads\/2015\/05\/cristian-sur.jpg\"><img loading=\"lazy\" src=\"http:\/\/www.canarias.com\/blog\/wp-content\/uploads\/2015\/05\/cristian-sur-510x382.jpg\" alt=\"cristian sur\" width=\"510\" height=\"382\" class=\"alignnone size-large wp-image-2047\" srcset=\"https:\/\/www.canarias.com\/blog\/wp-content\/uploads\/2015\/05\/cristian-sur-510x382.jpg 510w, https:\/\/www.canarias.com\/blog\/wp-content\/uploads\/2015\/05\/cristian-sur-300x225.jpg 300w, https:\/\/www.canarias.com\/blog\/wp-content\/uploads\/2015\/05\/cristian-sur-400x300.jpg 400w, https:\/\/www.canarias.com\/blog\/wp-content\/uploads\/2015\/05\/cristian-sur.jpg 550w\" sizes=\"(max-width: 510px) 100vw, 510px\" \/><\/a><\/p>\n<p><a href=\"http:\/\/www.canarias.com\/detalles-hotel\/aguamarina-golf-tenerife-24-1089\" target=\"_blank\">Apartamentos Gema, Aguamarina Golf &#8211; San Miguel de Abona<\/a><\/p>\n<p><a href=\"http:\/\/www.canarias.com\/blog\/wp-content\/uploads\/2015\/05\/aguamarina-golf-aptos.jpg\"><img loading=\"lazy\" src=\"http:\/\/www.canarias.com\/blog\/wp-content\/uploads\/2015\/05\/aguamarina-golf-aptos.jpg\" alt=\"aguamarina golf aptos\" width=\"430\" height=\"322\" class=\"alignnone size-full wp-image-2048\" srcset=\"https:\/\/www.canarias.com\/blog\/wp-content\/uploads\/2015\/05\/aguamarina-golf-aptos.jpg 430w, https:\/\/www.canarias.com\/blog\/wp-content\/uploads\/2015\/05\/aguamarina-golf-aptos-300x225.jpg 300w, https:\/\/www.canarias.com\/blog\/wp-content\/uploads\/2015\/05\/aguamarina-golf-aptos-401x300.jpg 401w\" sizes=\"(max-width: 430px) 100vw, 430px\" \/><\/a><\/p>\n<p><a href=\"http:\/\/www.canarias.com\/detalles-hotel\/aguamarina-golf-tenerife-24-1089\" target=\"_blank\">Royal Park Albatros &#8211; San Miguel de Abona.<\/a><\/p>\n<p><a href=\"http:\/\/www.canarias.com\/blog\/wp-content\/uploads\/2015\/05\/albatros.jpg\"><img loading=\"lazy\" src=\"http:\/\/www.canarias.com\/blog\/wp-content\/uploads\/2015\/05\/albatros.jpg\" alt=\"albatros\" width=\"500\" height=\"375\" class=\"alignnone size-full wp-image-2049\" srcset=\"https:\/\/www.canarias.com\/blog\/wp-content\/uploads\/2015\/05\/albatros.jpg 500w, https:\/\/www.canarias.com\/blog\/wp-content\/uploads\/2015\/05\/albatros-300x225.jpg 300w, https:\/\/www.canarias.com\/blog\/wp-content\/uploads\/2015\/05\/albatros-400x300.jpg 400w\" sizes=\"(max-width: 500px) 100vw, 500px\" \/><\/a><\/p>\n<p><a href=\"http:\/\/www.canarias.com\/detalles-hotel\/sol-sun-beach-apartamentos-adeje-24-24377\" target=\"_blank\">Sol Sun Beach Apartamentos &#8211; Adeje.<\/a><\/p>\n<p><a href=\"http:\/\/www.canarias.com\/blog\/wp-content\/uploads\/2015\/05\/sol-sun-beach.jpg\"><img loading=\"lazy\" src=\"http:\/\/www.canarias.com\/blog\/wp-content\/uploads\/2015\/05\/sol-sun-beach-510x383.jpg\" alt=\"sol sun beach\" width=\"510\" height=\"383\" class=\"alignnone size-large wp-image-2050\" srcset=\"https:\/\/www.canarias.com\/blog\/wp-content\/uploads\/2015\/05\/sol-sun-beach-510x383.jpg 510w, https:\/\/www.canarias.com\/blog\/wp-content\/uploads\/2015\/05\/sol-sun-beach-300x225.jpg 300w, https:\/\/www.canarias.com\/blog\/wp-content\/uploads\/2015\/05\/sol-sun-beach-400x300.jpg 400w, https:\/\/www.canarias.com\/blog\/wp-content\/uploads\/2015\/05\/sol-sun-beach.jpg 640w\" sizes=\"(max-width: 510px) 100vw, 510px\" \/><\/a><\/p>\n<p><a href=\"http:\/\/www.canarias.com\/detalles-hotel\/sol-sun-beach-apartamentos-adeje-24-24377\" target=\"_blank\">Apartamentos Tinerfe Garden &#8211; Adeje.<\/a><\/p>\n<p><a href=\"http:\/\/www.canarias.com\/blog\/wp-content\/uploads\/2015\/05\/tinerfe-garden.jpg\"><img loading=\"lazy\" src=\"http:\/\/www.canarias.com\/blog\/wp-content\/uploads\/2015\/05\/tinerfe-garden-510x279.jpg\" alt=\"tinerfe garden\" width=\"510\" height=\"279\" class=\"alignnone size-large wp-image-2051\" srcset=\"https:\/\/www.canarias.com\/blog\/wp-content\/uploads\/2015\/05\/tinerfe-garden-510x279.jpg 510w, https:\/\/www.canarias.com\/blog\/wp-content\/uploads\/2015\/05\/tinerfe-garden-300x164.jpg 300w, https:\/\/www.canarias.com\/blog\/wp-content\/uploads\/2015\/05\/tinerfe-garden-500x274.jpg 500w, https:\/\/www.canarias.com\/blog\/wp-content\/uploads\/2015\/05\/tinerfe-garden.jpg 840w\" sizes=\"(max-width: 510px) 100vw, 510px\" \/><\/a><\/p>\n<p><a href=\"http:\/\/www.canarias.com\/detalles-hotel\/yucca-park-premium-adeje-24-14942\" target=\"_blank\">Yucca Park &#8211; Adeje<\/a><\/p>\n<p><a href=\"http:\/\/www.canarias.com\/blog\/wp-content\/uploads\/2015\/05\/yucca-park.jpg\"><img loading=\"lazy\" src=\"http:\/\/www.canarias.com\/blog\/wp-content\/uploads\/2015\/05\/yucca-park.jpg\" alt=\"yucca park\" width=\"400\" height=\"300\" class=\"alignnone size-full wp-image-2052\" srcset=\"https:\/\/www.canarias.com\/blog\/wp-content\/uploads\/2015\/05\/yucca-park.jpg 400w, https:\/\/www.canarias.com\/blog\/wp-content\/uploads\/2015\/05\/yucca-park-300x225.jpg 300w\" sizes=\"(max-width: 400px) 100vw, 400px\" \/><\/a><\/p>\n<p><a href=\"http:\/\/www.canarias.com\/detalles-hotel\/dragos-del-sur-tenerife-24-208\" target=\"_blank\">Aparthotel Los Dragos del Sur &#8211; Puerto Santiago.<\/a><\/p>\n<p><a href=\"http:\/\/www.canarias.com\/blog\/wp-content\/uploads\/2015\/05\/dragos-del-sur.jpg\"><img loading=\"lazy\" src=\"http:\/\/www.canarias.com\/blog\/wp-content\/uploads\/2015\/05\/dragos-del-sur-510x319.jpg\" alt=\"dragos del sur\" width=\"510\" height=\"319\" class=\"alignnone size-large wp-image-2054\" srcset=\"https:\/\/www.canarias.com\/blog\/wp-content\/uploads\/2015\/05\/dragos-del-sur-510x319.jpg 510w, https:\/\/www.canarias.com\/blog\/wp-content\/uploads\/2015\/05\/dragos-del-sur-300x188.jpg 300w, https:\/\/www.canarias.com\/blog\/wp-content\/uploads\/2015\/05\/dragos-del-sur-273x172.jpg 273w, https:\/\/www.canarias.com\/blog\/wp-content\/uploads\/2015\/05\/dragos-del-sur-480x300.jpg 480w, https:\/\/www.canarias.com\/blog\/wp-content\/uploads\/2015\/05\/dragos-del-sur.jpg 800w\" sizes=\"(max-width: 510px) 100vw, 510px\" \/><\/a><\/p>\n<p><a href=\"http:\/\/web.archive.org\/web\/20150424013941\/http:\/\/www.canarias.com:80\/hotel\/tenerife-ving-tenerife\" target=\"_blank\">Tenerife Ving &#8211; Puerto de la Cruz.<\/a><\/p>\n<p><a href=\"http:\/\/www.canarias.com\/blog\/wp-content\/uploads\/2015\/05\/tenerife-ving.jpg\"><img loading=\"lazy\" src=\"http:\/\/www.canarias.com\/blog\/wp-content\/uploads\/2015\/05\/tenerife-ving-510x399.jpg\" alt=\"tenerife ving\" width=\"510\" height=\"399\" class=\"alignnone size-large wp-image-2055\" srcset=\"https:\/\/www.canarias.com\/blog\/wp-content\/uploads\/2015\/05\/tenerife-ving-510x399.jpg 510w, https:\/\/www.canarias.com\/blog\/wp-content\/uploads\/2015\/05\/tenerife-ving-300x235.jpg 300w, https:\/\/www.canarias.com\/blog\/wp-content\/uploads\/2015\/05\/tenerife-ving-383x300.jpg 383w, https:\/\/www.canarias.com\/blog\/wp-content\/uploads\/2015\/05\/tenerife-ving.jpg 613w\" sizes=\"(max-width: 510px) 100vw, 510px\" \/><\/a><\/p>\n<p><a href=\"http:\/\/www.canarias.com\/detalles-hotel\/la-carabela-puerto-de-la-cruz-24-4082\" target=\"_blank\">Apartamentos La Carabela &#8211; Puerto de la Cruz.<\/a><\/p>\n<p><a href=\"http:\/\/www.canarias.com\/blog\/wp-content\/uploads\/2015\/05\/la-carabela.jpg\"><img loading=\"lazy\" src=\"http:\/\/www.canarias.com\/blog\/wp-content\/uploads\/2015\/05\/la-carabela.jpg\" alt=\"la carabela\" width=\"500\" height=\"390\" class=\"alignnone size-full wp-image-2056\" srcset=\"https:\/\/www.canarias.com\/blog\/wp-content\/uploads\/2015\/05\/la-carabela.jpg 500w, https:\/\/www.canarias.com\/blog\/wp-content\/uploads\/2015\/05\/la-carabela-300x234.jpg 300w, https:\/\/www.canarias.com\/blog\/wp-content\/uploads\/2015\/05\/la-carabela-385x300.jpg 385w\" sizes=\"(max-width: 500px) 100vw, 500px\" \/><\/a><\/p>\n<p><a href=\"http:\/\/www.canarias.com\/detalles-hotel\/be-smart-florida-plaza-puerto-de-la-cruz-24-197\" target=\"_blank\">Be Smart Florida Plaza &#8211; Puerto de la Cruz.<\/a><\/p>\n<p><a href=\"http:\/\/www.canarias.com\/blog\/wp-content\/uploads\/2015\/05\/be-smart.jpg\"><img loading=\"lazy\" src=\"http:\/\/www.canarias.com\/blog\/wp-content\/uploads\/2015\/05\/be-smart-510x405.jpg\" alt=\"be smart\" width=\"510\" height=\"405\" class=\"alignnone size-large wp-image-2057\" srcset=\"https:\/\/www.canarias.com\/blog\/wp-content\/uploads\/2015\/05\/be-smart-510x405.jpg 510w, https:\/\/www.canarias.com\/blog\/wp-content\/uploads\/2015\/05\/be-smart-300x238.jpg 300w, https:\/\/www.canarias.com\/blog\/wp-content\/uploads\/2015\/05\/be-smart-378x300.jpg 378w, https:\/\/www.canarias.com\/blog\/wp-content\/uploads\/2015\/05\/be-smart.jpg 755w\" sizes=\"(max-width: 510px) 100vw, 510px\" \/><\/a><\/p>\n<p><a href=\"http:\/\/www.canarias.com\/detalles-hotel\/pez-azul-puerto-de-la-cruz-24-4084\" target=\"_blank\">Apartamento Pez Azul &#8211; Puerto de la Cruz.<\/a><\/p>\n<p><a href=\"http:\/\/www.canarias.com\/blog\/wp-content\/uploads\/2015\/05\/pez-azul.jpg\"><img loading=\"lazy\" src=\"http:\/\/www.canarias.com\/blog\/wp-content\/uploads\/2015\/05\/pez-azul-510x401.jpg\" alt=\"pez azul\" width=\"510\" height=\"401\" class=\"alignnone size-large wp-image-2058\" srcset=\"https:\/\/www.canarias.com\/blog\/wp-content\/uploads\/2015\/05\/pez-azul-510x401.jpg 510w, https:\/\/www.canarias.com\/blog\/wp-content\/uploads\/2015\/05\/pez-azul-300x236.jpg 300w, https:\/\/www.canarias.com\/blog\/wp-content\/uploads\/2015\/05\/pez-azul-382x300.jpg 382w, https:\/\/www.canarias.com\/blog\/wp-content\/uploads\/2015\/05\/pez-azul.jpg 763w\" sizes=\"(max-width: 510px) 100vw, 510px\" \/><\/a><\/p>\n<p>Pues ya les hemos ense\u00f1ado algunos de los apartamentos low cost de la Isla de Tenerife, ahora toca decidir.:) <\/p>\n","protected":false},"excerpt":{"rendered":"<p>Muchas veces queremos irnos de vacaciones o pasar alg\u00fan fin de semana fuera de casa, pero se nos encarece much\u00edsimo cuando de un hotel se trata, o bien con los ni\u00f1os no podemos ir a cualquier sitio que nos apetezca, o si vamos en grupo nos limita mucho el n\u00famero de personas por habitaci\u00f3n, incluso [&hellip;]<\/p>\n","protected":false},"author":1,"featured_media":2070,"comment_status":"open","ping_status":"open","sticky":false,"template":"","format":"standard","meta":[],"categories":[1],"tags":[375,374,213],"_links":{"self":[{"href":"https:\/\/www.canarias.com\/blog\/wp-json\/wp\/v2\/posts\/2038"}],"collection":[{"href":"https:\/\/www.canarias.com\/blog\/wp-json\/wp\/v2\/posts"}],"about":[{"href":"https:\/\/www.canarias.com\/blog\/wp-json\/wp\/v2\/types\/post"}],"author":[{"embeddable":true,"href":"https:\/\/www.canarias.com\/blog\/wp-json\/wp\/v2\/users\/1"}],"replies":[{"embeddable":true,"href":"https:\/\/www.canarias.com\/blog\/wp-json\/wp\/v2\/comments?post=2038"}],"version-history":[{"count":22,"href":"https:\/\/www.canarias.com\/blog\/wp-json\/wp\/v2\/posts\/2038\/revisions"}],"predecessor-version":[{"id":3560,"href":"https:\/\/www.canarias.com\/blog\/wp-json\/wp\/v2\/posts\/2038\/revisions\/3560"}],"wp:featuredmedia":[{"embeddable":true,"href":"https:\/\/www.canarias.com\/blog\/wp-json\/wp\/v2\/media\/2070"}],"wp:attachment":[{"href":"https:\/\/www.canarias.com\/blog\/wp-json\/wp\/v2\/media?parent=2038"}],"wp:term":[{"taxonomy":"category","embeddable":true,"href":"https:\/\/www.canarias.com\/blog\/wp-json\/wp\/v2\/categories?post=2038"},{"taxonomy":"post_tag","embeddable":true,"href":"https:\/\/www.canarias.com\/blog\/wp-json\/wp\/v2\/tags?post=2038"}],"curies":[{"name":"wp","href":"https:\/\/api.w.org\/{rel}","templated":true}]}}