{"id":2154,"date":"2015-06-02T16:11:23","date_gmt":"2015-06-02T16:11:23","guid":{"rendered":"http:\/\/www.canarias.com\/blog\/?p=2154"},"modified":"2015-06-02T16:11:23","modified_gmt":"2015-06-02T16:11:23","slug":"guia-practica-de-cuba","status":"publish","type":"post","link":"https:\/\/www.canarias.com\/blog\/guia-practica-de-cuba\/","title":{"rendered":"Gu\u00eda Pr\u00e1ctica de Cuba."},"content":{"rendered":"<p><a href=\"http:\/\/es.wikipedia.org\/wiki\/Cuba\" target=\"_blank\">Cuba<\/a>, oficialmente denominada Rep\u00fablica de Cuba, es un pa\u00eds insular del Caribe, asentado en un archipi\u00e9lago del mar de las Antillas.<\/p>\n<p>Su forma de gobierno es la de rep\u00fablica socialista y su territorio est\u00e1 organizado en quince provincias y un municipio especial. Su capital y ciudad m\u00e1s poblada es La Habana.<\/p>\n<p>&nbsp;<\/p>\n<p class=\"p\"><strong>Documentaci\u00f3n.<\/strong><\/p>\n<p class=\"p\">Los ciudadanos espa\u00f1oles necesitan un pasaporte en regla y un visado que expiden las autoridades cubanas cuyo coste oscila en torno a los 22 euros, y puede obtenerse en dependencias consulares o en el propio aeropuerto de Barajas. Este documento es imprescindible. Sin \u00e9l, no se podr\u00e1 entrar al pa\u00eds.<\/p>\n<p class=\"p\"><a href=\"http:\/\/www.canarias.com\/blog\/wp-content\/uploads\/2015\/06\/images.jpg\"><img loading=\"lazy\" class=\"alignnone size-full wp-image-2167\" src=\"http:\/\/www.canarias.com\/blog\/wp-content\/uploads\/2015\/06\/images.jpg\" alt=\"images\" width=\"242\" height=\"208\" \/><\/a><\/p>\n<p class=\"p\"><strong>Dinero.\u00a0<\/strong><\/p>\n<p class=\"p\">En Cuba rige un sistema monetario doble, uno en el denominado Peso Cubano, de muy bajo valor, que es el que utilizan los cubanos, y por otro lado, el Peso Cubano Convertible, utilizado por los turistas.<\/p>\n<p class=\"p\"><a href=\"http:\/\/www.canarias.com\/blog\/wp-content\/uploads\/2015\/06\/cuba-unificacion-moneda-021213-g.jpg\"><img loading=\"lazy\" class=\"alignnone size-large wp-image-2163\" src=\"http:\/\/www.canarias.com\/blog\/wp-content\/uploads\/2015\/06\/cuba-unificacion-moneda-021213-g-510x383.jpg\" alt=\"cuba-unificacion-moneda-021213-g\" width=\"510\" height=\"383\" srcset=\"https:\/\/www.canarias.com\/blog\/wp-content\/uploads\/2015\/06\/cuba-unificacion-moneda-021213-g-510x383.jpg 510w, https:\/\/www.canarias.com\/blog\/wp-content\/uploads\/2015\/06\/cuba-unificacion-moneda-021213-g-300x226.jpg 300w, https:\/\/www.canarias.com\/blog\/wp-content\/uploads\/2015\/06\/cuba-unificacion-moneda-021213-g-399x300.jpg 399w, https:\/\/www.canarias.com\/blog\/wp-content\/uploads\/2015\/06\/cuba-unificacion-moneda-021213-g.jpg 665w\" sizes=\"(max-width: 510px) 100vw, 510px\" \/><\/a><\/p>\n<p class=\"p\"><strong>Sanidad.<\/strong><\/p>\n<p class=\"p\">Es obligatorio viajar con un seguro m\u00e9dico, adem\u00e1s que nos pedir\u00e1n la p\u00f3liza nada m\u00e1s entremos en el pa\u00eds. Hay varios hospitales que atienden \u00a0a los turistas con p\u00f3liza privada, adem\u00e1s de tener los hoteles y resorts sus propios m\u00e9dicos.<\/p>\n<p class=\"p\"><a href=\"http:\/\/www.canarias.com\/blog\/wp-content\/uploads\/2015\/06\/cuban-hospital..jpeg\"><img loading=\"lazy\" class=\"alignnone size-large wp-image-2170\" src=\"http:\/\/www.canarias.com\/blog\/wp-content\/uploads\/2015\/06\/cuban-hospital.-510x337.jpeg\" alt=\"cuban-hospital.\" width=\"510\" height=\"337\" srcset=\"https:\/\/www.canarias.com\/blog\/wp-content\/uploads\/2015\/06\/cuban-hospital.-510x337.jpeg 510w, https:\/\/www.canarias.com\/blog\/wp-content\/uploads\/2015\/06\/cuban-hospital.-300x198.jpeg 300w, https:\/\/www.canarias.com\/blog\/wp-content\/uploads\/2015\/06\/cuban-hospital.-454x300.jpeg 454w, https:\/\/www.canarias.com\/blog\/wp-content\/uploads\/2015\/06\/cuban-hospital..jpeg 590w\" sizes=\"(max-width: 510px) 100vw, 510px\" \/><\/a><\/p>\n<p class=\"p\"><strong>Transporte.<\/strong><\/p>\n<p class=\"p\">En Cuba podemos alquilar un coche y conducirlo con el permiso espa\u00f1ol.<\/p>\n<p class=\"p\">Para desplazamientos largos, la mejor opci\u00f3n es el servicio de autobuses Viazul. Es el que utilizan la mayor\u00eda de los turistas.<\/p>\n<p class=\"p\"><a href=\"http:\/\/www.canarias.com\/blog\/wp-content\/uploads\/2015\/06\/vintage-american-car-cuba-2010-by-walter-lo-cascio.jpg\"><img loading=\"lazy\" class=\"alignnone size-large wp-image-2164\" src=\"http:\/\/www.canarias.com\/blog\/wp-content\/uploads\/2015\/06\/vintage-american-car-cuba-2010-by-walter-lo-cascio-510x337.jpg\" alt=\"vintage-american-car-cuba-2010-by-walter-lo-cascio\" width=\"510\" height=\"337\" srcset=\"https:\/\/www.canarias.com\/blog\/wp-content\/uploads\/2015\/06\/vintage-american-car-cuba-2010-by-walter-lo-cascio-510x337.jpg 510w, https:\/\/www.canarias.com\/blog\/wp-content\/uploads\/2015\/06\/vintage-american-car-cuba-2010-by-walter-lo-cascio-300x198.jpg 300w, https:\/\/www.canarias.com\/blog\/wp-content\/uploads\/2015\/06\/vintage-american-car-cuba-2010-by-walter-lo-cascio-453x300.jpg 453w, https:\/\/www.canarias.com\/blog\/wp-content\/uploads\/2015\/06\/vintage-american-car-cuba-2010-by-walter-lo-cascio.jpg 792w\" sizes=\"(max-width: 510px) 100vw, 510px\" \/><\/a><\/p>\n<p class=\"p\"><strong>Seguridad.<\/strong><\/p>\n<p class=\"p\">Cuba es un pa\u00eds muy seguro, sobretodo para los visitantes extranjeros. \u00danicamente hay estar atentos a nuestras pertenencias para no ser v\u00edctima de alg\u00fan hurto.<\/p>\n<p class=\"p\"><a href=\"http:\/\/www.canarias.com\/blog\/wp-content\/uploads\/2015\/06\/cuba_police.jpg\"><img loading=\"lazy\" class=\"alignnone size-full wp-image-2171\" src=\"http:\/\/www.canarias.com\/blog\/wp-content\/uploads\/2015\/06\/cuba_police.jpg\" alt=\"cuba_police\" width=\"480\" height=\"314\" srcset=\"https:\/\/www.canarias.com\/blog\/wp-content\/uploads\/2015\/06\/cuba_police.jpg 480w, https:\/\/www.canarias.com\/blog\/wp-content\/uploads\/2015\/06\/cuba_police-300x196.jpg 300w, https:\/\/www.canarias.com\/blog\/wp-content\/uploads\/2015\/06\/cuba_police-459x300.jpg 459w\" sizes=\"(max-width: 480px) 100vw, 480px\" \/><\/a><\/p>\n<p class=\"p\"><strong>Alojamiento.<\/strong><\/p>\n<p class=\"p\">La presenta una gran oferta hotelera en Cuba, as\u00ed que no tendremos problemas a la hora de elegir d\u00f3nde nos quedaremos. Tambi\u00e9n \u00a0hay otra posibilidad, pero s\u00f3lo para aqu\u00e9llos turistas m\u00e1s intr\u00e9pidos, los cubanos ofrecen\u00a0espacio en sus casas a los visitantes por peque\u00f1as cantidades. Estas funcionan con autorizaci\u00f3n y bajo supervisi\u00f3n oficial, cumplen todos los requisitos de higiene, comodidad e intimidad.<\/p>\n<p class=\"p\"><a href=\"http:\/\/www.canarias.com\/blog\/wp-content\/uploads\/2015\/06\/cubaaaaaa.jpg\"><img loading=\"lazy\" class=\"alignnone size-full wp-image-2165\" src=\"http:\/\/www.canarias.com\/blog\/wp-content\/uploads\/2015\/06\/cubaaaaaa.jpg\" alt=\"cubaaaaaa\" width=\"389\" height=\"293\" srcset=\"https:\/\/www.canarias.com\/blog\/wp-content\/uploads\/2015\/06\/cubaaaaaa.jpg 389w, https:\/\/www.canarias.com\/blog\/wp-content\/uploads\/2015\/06\/cubaaaaaa-300x226.jpg 300w\" sizes=\"(max-width: 389px) 100vw, 389px\" \/><\/a><\/p>\n<p class=\"p\"><strong>Vuelos.<\/strong><\/p>\n<p class=\"p\">Lo mejor es contratar todo el paquete <a href=\"http:\/\/viajes.canarias.com\/\" target=\"_blank\">vacacional hotel+vuelo+transporte,<\/a> as\u00ed que puedes acudir a tu agencia de viajes tanto si es f\u00edsica como si es online y contratarlo todo all\u00ed.<\/p>\n<p class=\"p\"><a href=\"http:\/\/www.canarias.com\/blog\/wp-content\/uploads\/2015\/06\/5114758203_ebea1be640_o.jpg\"><img loading=\"lazy\" class=\"alignnone size-large wp-image-2172\" src=\"http:\/\/www.canarias.com\/blog\/wp-content\/uploads\/2015\/06\/5114758203_ebea1be640_o-510x340.jpg\" alt=\"5114758203_ebea1be640_o\" width=\"510\" height=\"340\" srcset=\"https:\/\/www.canarias.com\/blog\/wp-content\/uploads\/2015\/06\/5114758203_ebea1be640_o-510x340.jpg 510w, https:\/\/www.canarias.com\/blog\/wp-content\/uploads\/2015\/06\/5114758203_ebea1be640_o-300x200.jpg 300w, https:\/\/www.canarias.com\/blog\/wp-content\/uploads\/2015\/06\/5114758203_ebea1be640_o-450x300.jpg 450w, https:\/\/www.canarias.com\/blog\/wp-content\/uploads\/2015\/06\/5114758203_ebea1be640_o-900x600.jpg 900w\" sizes=\"(max-width: 510px) 100vw, 510px\" \/><\/a><\/p>\n<p class=\"p\"><strong>Lugares de inter\u00e9s.<\/strong><\/p>\n<p class=\"p\">Aqu\u00ed les hemos hecho una breve selecci\u00f3n, sabemos que se nos quedan muchas maravillas atr\u00e1s, pero ser\u00eda imposible enumerarlas todas, esperemos que os sirva de utilidad.<\/p>\n<ul>\n<li class=\"p\">Malec\u00f3n, La Habana vieja.<\/li>\n<\/ul>\n<p><a href=\"http:\/\/www.canarias.com\/blog\/wp-content\/uploads\/2015\/06\/malecon.jpg\"><img loading=\"lazy\" class=\"alignnone size-large wp-image-2180\" src=\"http:\/\/www.canarias.com\/blog\/wp-content\/uploads\/2015\/06\/malecon-510x341.jpg\" alt=\"malecon\" width=\"510\" height=\"341\" srcset=\"https:\/\/www.canarias.com\/blog\/wp-content\/uploads\/2015\/06\/malecon-510x341.jpg 510w, https:\/\/www.canarias.com\/blog\/wp-content\/uploads\/2015\/06\/malecon-300x201.jpg 300w, https:\/\/www.canarias.com\/blog\/wp-content\/uploads\/2015\/06\/malecon-448x300.jpg 448w, https:\/\/www.canarias.com\/blog\/wp-content\/uploads\/2015\/06\/malecon-900x602.jpg 900w, https:\/\/www.canarias.com\/blog\/wp-content\/uploads\/2015\/06\/malecon.jpg 1024w\" sizes=\"(max-width: 510px) 100vw, 510px\" \/><\/a><\/p>\n<ul>\n<li class=\"p\">El Museo de la Revoluci\u00f3n.<\/li>\n<\/ul>\n<p><img loading=\"lazy\" class=\"alignnone size-full wp-image-2181\" src=\"http:\/\/www.canarias.com\/blog\/wp-content\/uploads\/2015\/06\/museo-de-la-revolucion.jpg\" alt=\"museo de la revolucion\" width=\"276\" height=\"183\" \/><\/p>\n<ul>\n<li class=\"p\">Capitolio de la Habana.<\/li>\n<\/ul>\n<p><img loading=\"lazy\" class=\"alignnone size-large wp-image-2182\" src=\"http:\/\/www.canarias.com\/blog\/wp-content\/uploads\/2015\/06\/la-habana-capitolio-nacional-l61-510x339.jpg\" alt=\"la-habana-capitolio-nacional-l61\" width=\"510\" height=\"339\" srcset=\"https:\/\/www.canarias.com\/blog\/wp-content\/uploads\/2015\/06\/la-habana-capitolio-nacional-l61-510x339.jpg 510w, https:\/\/www.canarias.com\/blog\/wp-content\/uploads\/2015\/06\/la-habana-capitolio-nacional-l61-300x200.jpg 300w, https:\/\/www.canarias.com\/blog\/wp-content\/uploads\/2015\/06\/la-habana-capitolio-nacional-l61.jpg 600w, https:\/\/www.canarias.com\/blog\/wp-content\/uploads\/2015\/06\/la-habana-capitolio-nacional-l61-451x300.jpg 451w\" sizes=\"(max-width: 510px) 100vw, 510px\" \/><\/p>\n<ul>\n<li class=\"p\">Castillo de los Tres Reyes Magos del Morro.<\/li>\n<\/ul>\n<p><a href=\"http:\/\/www.canarias.com\/blog\/wp-content\/uploads\/2015\/06\/Castillo-de-los-Tres-Reyes-Magos-del-Morro.jpg\"><img loading=\"lazy\" class=\"alignnone size-full wp-image-2183\" src=\"http:\/\/www.canarias.com\/blog\/wp-content\/uploads\/2015\/06\/Castillo-de-los-Tres-Reyes-Magos-del-Morro.jpg\" alt=\"Castillo de los Tres Reyes Magos del Morro\" width=\"500\" height=\"361\" srcset=\"https:\/\/www.canarias.com\/blog\/wp-content\/uploads\/2015\/06\/Castillo-de-los-Tres-Reyes-Magos-del-Morro.jpg 500w, https:\/\/www.canarias.com\/blog\/wp-content\/uploads\/2015\/06\/Castillo-de-los-Tres-Reyes-Magos-del-Morro-300x217.jpg 300w, https:\/\/www.canarias.com\/blog\/wp-content\/uploads\/2015\/06\/Castillo-de-los-Tres-Reyes-Magos-del-Morro-416x300.jpg 416w\" sizes=\"(max-width: 500px) 100vw, 500px\" \/><\/a><\/p>\n<ul>\n<li class=\"p\">Gran Teatro de la Habana.<\/li>\n<\/ul>\n<p><img loading=\"lazy\" class=\"size-large wp-image-2184\" src=\"http:\/\/www.canarias.com\/blog\/wp-content\/uploads\/2015\/06\/Gran_Teatro_de_la_Habana_interior_2-510x338.jpg\" alt=\"Picture taken during a Cuba photo trip with Nikon School in November 2010.\" width=\"510\" height=\"338\" srcset=\"https:\/\/www.canarias.com\/blog\/wp-content\/uploads\/2015\/06\/Gran_Teatro_de_la_Habana_interior_2-510x338.jpg 510w, https:\/\/www.canarias.com\/blog\/wp-content\/uploads\/2015\/06\/Gran_Teatro_de_la_Habana_interior_2-300x199.jpg 300w, https:\/\/www.canarias.com\/blog\/wp-content\/uploads\/2015\/06\/Gran_Teatro_de_la_Habana_interior_2-453x300.jpg 453w, https:\/\/www.canarias.com\/blog\/wp-content\/uploads\/2015\/06\/Gran_Teatro_de_la_Habana_interior_2-900x596.jpg 900w, https:\/\/www.canarias.com\/blog\/wp-content\/uploads\/2015\/06\/Gran_Teatro_de_la_Habana_interior_2.jpg 1000w\" sizes=\"(max-width: 510px) 100vw, 510px\" \/><\/p>\n<ul>\n<li class=\"p\">Cueva de Saturno &#8211; Varadero.<\/li>\n<\/ul>\n<p><a href=\"http:\/\/www.canarias.com\/blog\/wp-content\/uploads\/2015\/06\/Piscina-natural-de-la-Cueva-de-Saturno1-640x350.jpg\"><img loading=\"lazy\" class=\"alignnone size-large wp-image-2185\" src=\"http:\/\/www.canarias.com\/blog\/wp-content\/uploads\/2015\/06\/Piscina-natural-de-la-Cueva-de-Saturno1-640x350-510x279.jpg\" alt=\"Piscina-natural-de-la-Cueva-de-Saturno1-640x350\" width=\"510\" height=\"279\" srcset=\"https:\/\/www.canarias.com\/blog\/wp-content\/uploads\/2015\/06\/Piscina-natural-de-la-Cueva-de-Saturno1-640x350-510x279.jpg 510w, https:\/\/www.canarias.com\/blog\/wp-content\/uploads\/2015\/06\/Piscina-natural-de-la-Cueva-de-Saturno1-640x350-300x164.jpg 300w, https:\/\/www.canarias.com\/blog\/wp-content\/uploads\/2015\/06\/Piscina-natural-de-la-Cueva-de-Saturno1-640x350-500x273.jpg 500w, https:\/\/www.canarias.com\/blog\/wp-content\/uploads\/2015\/06\/Piscina-natural-de-la-Cueva-de-Saturno1-640x350.jpg 640w\" sizes=\"(max-width: 510px) 100vw, 510px\" \/><\/a><\/p>\n<ul>\n<li class=\"p\">La Casa del Ron.<\/li>\n<\/ul>\n<p><a href=\"http:\/\/www.canarias.com\/blog\/wp-content\/uploads\/2015\/06\/varadero.jpg\"><img loading=\"lazy\" class=\"alignnone size-full wp-image-2186\" src=\"http:\/\/www.canarias.com\/blog\/wp-content\/uploads\/2015\/06\/varadero.jpg\" alt=\"varadero\" width=\"337\" height=\"450\" srcset=\"https:\/\/www.canarias.com\/blog\/wp-content\/uploads\/2015\/06\/varadero.jpg 337w, https:\/\/www.canarias.com\/blog\/wp-content\/uploads\/2015\/06\/varadero-225x300.jpg 225w\" sizes=\"(max-width: 337px) 100vw, 337px\" \/><\/a><\/p>\n<ul>\n<li class=\"p\">Cristo de la Habana.<\/li>\n<\/ul>\n<p><a href=\"http:\/\/www.canarias.com\/blog\/wp-content\/uploads\/2015\/06\/03El-Cristo-de-La-Habana.jpg\"><img loading=\"lazy\" class=\"size-large wp-image-2188\" src=\"http:\/\/www.canarias.com\/blog\/wp-content\/uploads\/2015\/06\/03El-Cristo-de-La-Habana-510x341.jpg\" alt=\"SONY DSC\" width=\"510\" height=\"341\" srcset=\"https:\/\/www.canarias.com\/blog\/wp-content\/uploads\/2015\/06\/03El-Cristo-de-La-Habana-510x341.jpg 510w, https:\/\/www.canarias.com\/blog\/wp-content\/uploads\/2015\/06\/03El-Cristo-de-La-Habana-300x201.jpg 300w, https:\/\/www.canarias.com\/blog\/wp-content\/uploads\/2015\/06\/03El-Cristo-de-La-Habana-449x300.jpg 449w, https:\/\/www.canarias.com\/blog\/wp-content\/uploads\/2015\/06\/03El-Cristo-de-La-Habana.jpg 640w\" sizes=\"(max-width: 510px) 100vw, 510px\" \/><\/a><\/p>\n<ul>\n<li class=\"p\">Museo Nacional de Bellas Artes<\/li>\n<\/ul>\n<p><a href=\"http:\/\/www.canarias.com\/blog\/wp-content\/uploads\/2015\/06\/Museo-Nacional-de-Bellas-Artes.jpg\"><img loading=\"lazy\" class=\"alignnone size-large wp-image-2190\" src=\"http:\/\/www.canarias.com\/blog\/wp-content\/uploads\/2015\/06\/Museo-Nacional-de-Bellas-Artes-510x339.jpg\" alt=\"Museo-Nacional-de-Bellas-Artes\" width=\"510\" height=\"339\" srcset=\"https:\/\/www.canarias.com\/blog\/wp-content\/uploads\/2015\/06\/Museo-Nacional-de-Bellas-Artes-510x339.jpg 510w, https:\/\/www.canarias.com\/blog\/wp-content\/uploads\/2015\/06\/Museo-Nacional-de-Bellas-Artes-300x199.jpg 300w, https:\/\/www.canarias.com\/blog\/wp-content\/uploads\/2015\/06\/Museo-Nacional-de-Bellas-Artes-452x300.jpg 452w, https:\/\/www.canarias.com\/blog\/wp-content\/uploads\/2015\/06\/Museo-Nacional-de-Bellas-Artes.jpg 800w\" sizes=\"(max-width: 510px) 100vw, 510px\" \/><\/a><\/p>\n<p>\u00a1Nos vemos en Cuba! \ud83d\ude42<\/p>\n","protected":false},"excerpt":{"rendered":"<p>Cuba, oficialmente denominada Rep\u00fablica de Cuba, es un pa\u00eds insular del Caribe, asentado en un archipi\u00e9lago del mar de las Antillas. Su forma de gobierno es la de rep\u00fablica socialista y su territorio est\u00e1 organizado en quince provincias y un municipio especial. Su capital y ciudad m\u00e1s poblada es La Habana. &nbsp; Documentaci\u00f3n. Los ciudadanos [&hellip;]<\/p>\n","protected":false},"author":1,"featured_media":2191,"comment_status":"open","ping_status":"open","sticky":false,"template":"","format":"standard","meta":[],"categories":[383,290],"tags":[384,385],"_links":{"self":[{"href":"https:\/\/www.canarias.com\/blog\/wp-json\/wp\/v2\/posts\/2154"}],"collection":[{"href":"https:\/\/www.canarias.com\/blog\/wp-json\/wp\/v2\/posts"}],"about":[{"href":"https:\/\/www.canarias.com\/blog\/wp-json\/wp\/v2\/types\/post"}],"author":[{"embeddable":true,"href":"https:\/\/www.canarias.com\/blog\/wp-json\/wp\/v2\/users\/1"}],"replies":[{"embeddable":true,"href":"https:\/\/www.canarias.com\/blog\/wp-json\/wp\/v2\/comments?post=2154"}],"version-history":[{"count":19,"href":"https:\/\/www.canarias.com\/blog\/wp-json\/wp\/v2\/posts\/2154\/revisions"}],"predecessor-version":[{"id":2193,"href":"https:\/\/www.canarias.com\/blog\/wp-json\/wp\/v2\/posts\/2154\/revisions\/2193"}],"wp:featuredmedia":[{"embeddable":true,"href":"https:\/\/www.canarias.com\/blog\/wp-json\/wp\/v2\/media\/2191"}],"wp:attachment":[{"href":"https:\/\/www.canarias.com\/blog\/wp-json\/wp\/v2\/media?parent=2154"}],"wp:term":[{"taxonomy":"category","embeddable":true,"href":"https:\/\/www.canarias.com\/blog\/wp-json\/wp\/v2\/categories?post=2154"},{"taxonomy":"post_tag","embeddable":true,"href":"https:\/\/www.canarias.com\/blog\/wp-json\/wp\/v2\/tags?post=2154"}],"curies":[{"name":"wp","href":"https:\/\/api.w.org\/{rel}","templated":true}]}}