{"id":2194,"date":"2015-06-03T16:21:35","date_gmt":"2015-06-03T16:21:35","guid":{"rendered":"http:\/\/www.canarias.com\/blog\/?p=2194"},"modified":"2015-06-03T16:21:35","modified_gmt":"2015-06-03T16:21:35","slug":"la-gomera-en-1-dia","status":"publish","type":"post","link":"https:\/\/www.canarias.com\/blog\/la-gomera-en-1-dia\/","title":{"rendered":"La Gomera, en 1 d\u00eda."},"content":{"rendered":"<p>Si hemos decidido pasar un d\u00eda diferente y alejarnos de la rutina La Gomera es ideal para ello, pues es la isla m\u00e1s pr\u00f3xima a Tenerife. \u00c9sta isla guarda en su verde coraz\u00f3n el\u00a0majestuoso\u00a0Parque Nacional de Garajonay, el cual no dudamos en recomendar pues, en 1986 fue declarado Patrimonio de la Humanidad por la UNESCO.<\/p>\n<p>La Gomera desde el a\u00f1o 2012 es considerada Reserva de la Biosfera.Y tambi\u00e9n su Silbo Gomero, el lenguaje silbado practicado por algunos de sus habitantes, es Patrimonio de la Humanidad desde 2009.<\/p>\n<div id=\"attachment_2196\" style=\"width: 429px\" class=\"wp-caption alignnone\"><a href=\"http:\/\/www.canarias.com\/blog\/wp-content\/uploads\/2015\/06\/Garajonay2.jpg\"><img aria-describedby=\"caption-attachment-2196\" loading=\"lazy\" class=\"wp-image-2196 \" src=\"http:\/\/www.canarias.com\/blog\/wp-content\/uploads\/2015\/06\/Garajonay2-216x160.jpg\" alt=\"Garajonay2\" width=\"419\" height=\"310\" \/><\/a><p id=\"caption-attachment-2196\" class=\"wp-caption-text\">Parque Nacional de Garajonay.<\/p><\/div>\n<p>Tras esta breve rese\u00f1a, y seguro que ahora con m\u00e1s ganas de descubrir este tesoro, les diremos c\u00f3mo hacer para pasar un d\u00eda inolvidable.<\/p>\n<p>Nosotros hemos decidido coger el primer <a href=\"http:\/\/www.canarias.com\/ferry\" target=\"_blank\">ferry <\/a>de la ma\u00f1ana, a las \u00a09:00, partiendo desde el Muelle de Los Cristianos, en Tenerife. El ferry tiene una duraci\u00f3n aproximada de 50 minutos, tanto para la ida como para la vuelta.<\/p>\n<p>Una vez lleguemos a San Sebasti\u00e1n, capital de la Isla, nos iremos rumbo a Vallehermoso, d\u00f3nde podremos visitar la Laguna Grande, no sin antes pararnos en el Roque Agando, perteneciente al Monumento Natural de los Roques de La Gomera.<\/p>\n<p>&nbsp;<\/p>\n<div id=\"attachment_2195\" style=\"width: 520px\" class=\"wp-caption alignnone\"><a href=\"http:\/\/www.canarias.com\/blog\/wp-content\/uploads\/2015\/06\/roque-de-agando_0.jpg\"><img aria-describedby=\"caption-attachment-2195\" loading=\"lazy\" class=\"wp-image-2195 size-large\" src=\"http:\/\/www.canarias.com\/blog\/wp-content\/uploads\/2015\/06\/roque-de-agando_0-510x340.jpg\" alt=\"roque de agando_0\" width=\"510\" height=\"340\" srcset=\"https:\/\/www.canarias.com\/blog\/wp-content\/uploads\/2015\/06\/roque-de-agando_0-510x340.jpg 510w, https:\/\/www.canarias.com\/blog\/wp-content\/uploads\/2015\/06\/roque-de-agando_0-300x200.jpg 300w, https:\/\/www.canarias.com\/blog\/wp-content\/uploads\/2015\/06\/roque-de-agando_0-450x300.jpg 450w, https:\/\/www.canarias.com\/blog\/wp-content\/uploads\/2015\/06\/roque-de-agando_0-900x600.jpg 900w, https:\/\/www.canarias.com\/blog\/wp-content\/uploads\/2015\/06\/roque-de-agando_0.jpg 970w\" sizes=\"(max-width: 510px) 100vw, 510px\" \/><\/a><p id=\"caption-attachment-2195\" class=\"wp-caption-text\">Roque Agando<\/p><\/div>\n<p>Al tener tan poquito tiempo nos dirigimos rumbo a Hermigua, Alajer\u00f3 y Agulo, d\u00f3nde haremos una parada para comer. Y despu\u00e9s de vuelta al punto de partida d\u00f3nde no podemos dejar de visitar su casco hist\u00f3rico.<\/p>\n<p>Y por \u00faltimo, la vuelta a la casa, \u00a0la cual tenemos prevista en el \u00faltimo ferry, a las 17:30, pero en el caso de quedarse con ganas de m\u00e1s, podr\u00e1n echar un vistazo a nuestra gran oferta <a href=\"http:\/\/www.canarias.com\/hoteles\/espana\/la-gomera\" target=\"_blank\">hotelera<\/a>\u00a0y as\u00ed recorrer al detalle todos sus rincones. Pues nos hemos dejado atr\u00e1s entre muchas otras cosas, <a href=\"http:\/\/www.canarias.com\/hoteles\/espana\/la-gomera\/valle-gran-rey\" target=\"_blank\">Valle Gran Rey.<\/a><\/p>\n<div id=\"attachment_2210\" style=\"width: 520px\" class=\"wp-caption alignnone\"><a href=\"http:\/\/www.canarias.com\/hoteles\/espana\/la-gomera\/san-sebastian-de-la-gomera\" target=\"_blank\"><img aria-describedby=\"caption-attachment-2210\" loading=\"lazy\" class=\"size-large wp-image-2210\" src=\"http:\/\/www.canarias.com\/blog\/wp-content\/uploads\/2015\/06\/ISS_8115_01136-Torre-del-Conde-La-gomera-510x382.jpg\" alt=\"Torre del Conde - famous tower on the island La Gomera, Canary Islands, Spain\" width=\"510\" height=\"382\" srcset=\"https:\/\/www.canarias.com\/blog\/wp-content\/uploads\/2015\/06\/ISS_8115_01136-Torre-del-Conde-La-gomera-510x382.jpg 510w, https:\/\/www.canarias.com\/blog\/wp-content\/uploads\/2015\/06\/ISS_8115_01136-Torre-del-Conde-La-gomera-300x225.jpg 300w, https:\/\/www.canarias.com\/blog\/wp-content\/uploads\/2015\/06\/ISS_8115_01136-Torre-del-Conde-La-gomera-400x300.jpg 400w, https:\/\/www.canarias.com\/blog\/wp-content\/uploads\/2015\/06\/ISS_8115_01136-Torre-del-Conde-La-gomera-900x675.jpg 900w, https:\/\/www.canarias.com\/blog\/wp-content\/uploads\/2015\/06\/ISS_8115_01136-Torre-del-Conde-La-gomera.jpg 1119w\" sizes=\"(max-width: 510px) 100vw, 510px\" \/><\/a><p id=\"caption-attachment-2210\" class=\"wp-caption-text\">Torre del Conde &#8211; San Sebasti\u00e1n.<\/p><\/div>\n","protected":false},"excerpt":{"rendered":"<p>Si hemos decidido pasar un d\u00eda diferente y alejarnos de la rutina La Gomera es ideal para ello, pues es la isla m\u00e1s pr\u00f3xima a Tenerife. \u00c9sta isla guarda en su verde coraz\u00f3n el\u00a0majestuoso\u00a0Parque Nacional de Garajonay, el cual no dudamos en recomendar pues, en 1986 fue declarado Patrimonio de la Humanidad por la UNESCO. [&hellip;]<\/p>\n","protected":false},"author":1,"featured_media":2217,"comment_status":"open","ping_status":"open","sticky":false,"template":"","format":"standard","meta":[],"categories":[386],"tags":[312,387,388],"_links":{"self":[{"href":"https:\/\/www.canarias.com\/blog\/wp-json\/wp\/v2\/posts\/2194"}],"collection":[{"href":"https:\/\/www.canarias.com\/blog\/wp-json\/wp\/v2\/posts"}],"about":[{"href":"https:\/\/www.canarias.com\/blog\/wp-json\/wp\/v2\/types\/post"}],"author":[{"embeddable":true,"href":"https:\/\/www.canarias.com\/blog\/wp-json\/wp\/v2\/users\/1"}],"replies":[{"embeddable":true,"href":"https:\/\/www.canarias.com\/blog\/wp-json\/wp\/v2\/comments?post=2194"}],"version-history":[{"count":16,"href":"https:\/\/www.canarias.com\/blog\/wp-json\/wp\/v2\/posts\/2194\/revisions"}],"predecessor-version":[{"id":2216,"href":"https:\/\/www.canarias.com\/blog\/wp-json\/wp\/v2\/posts\/2194\/revisions\/2216"}],"wp:featuredmedia":[{"embeddable":true,"href":"https:\/\/www.canarias.com\/blog\/wp-json\/wp\/v2\/media\/2217"}],"wp:attachment":[{"href":"https:\/\/www.canarias.com\/blog\/wp-json\/wp\/v2\/media?parent=2194"}],"wp:term":[{"taxonomy":"category","embeddable":true,"href":"https:\/\/www.canarias.com\/blog\/wp-json\/wp\/v2\/categories?post=2194"},{"taxonomy":"post_tag","embeddable":true,"href":"https:\/\/www.canarias.com\/blog\/wp-json\/wp\/v2\/tags?post=2194"}],"curies":[{"name":"wp","href":"https:\/\/api.w.org\/{rel}","templated":true}]}}