{"id":2309,"date":"2015-06-16T10:31:40","date_gmt":"2015-06-16T10:31:40","guid":{"rendered":"http:\/\/www.canarias.com\/blog\/?p=2309"},"modified":"2016-03-15T11:44:09","modified_gmt":"2016-03-15T11:44:09","slug":"guia-de-la-alpujarra-granadina","status":"publish","type":"post","link":"https:\/\/www.canarias.com\/blog\/guia-de-la-alpujarra-granadina\/","title":{"rendered":"Gu\u00eda de la Alpujarra granadina"},"content":{"rendered":"<h2>Gu\u00eda de la\u00a0Alpujarra granadina<\/h2>\n<p style=\"text-align: justify;\"><strong>Andaluc\u00eda<\/strong> llena de historia y tradici\u00f3n no s\u00f3lo tiene las playas de la Costa del Sol y sus ciudades mas emblem\u00e1ticas como C\u00f3rdoba, Sevilla y Granada. Tambi\u00e9n esconde rincones espectaculares. En este blog te invitamos a descubrir los <strong>pueblos blancos<\/strong> de la <a href=\"https:\/\/es.wikipedia.org\/wiki\/Alpujarra_Granadina\">Alpujarra granadina<\/a>, un lugar muy poco conocido donde reina la tranquilidad y el fuerte olor de los secaderos del jam\u00f3n! Descubre un lugar de belleza sin igual y perfecto para practicar <strong>turismo rural<\/strong>.<\/p>\n<p><a href=\"http:\/\/www.canarias.com\/blog\/wp-content\/uploads\/2015\/06\/Pm.jpg\"><img loading=\"lazy\" class=\"aligncenter wp-image-2326\" src=\"http:\/\/www.canarias.com\/blog\/wp-content\/uploads\/2015\/06\/Pm-225x300.jpg\" alt=\"\" width=\"307\" height=\"409\" srcset=\"https:\/\/www.canarias.com\/blog\/wp-content\/uploads\/2015\/06\/Pm-225x300.jpg 225w, https:\/\/www.canarias.com\/blog\/wp-content\/uploads\/2015\/06\/Pm-510x679.jpg 510w, https:\/\/www.canarias.com\/blog\/wp-content\/uploads\/2015\/06\/Pm.jpg 640w\" sizes=\"(max-width: 307px) 100vw, 307px\" \/><\/a><\/p>\n<p style=\"text-align: justify;\">La comarca por su patrimonio hist\u00f3rico es declarada como <strong><a href=\"https:\/\/es.wikipedia.org\/wiki\/Bien_de_Inter%C3%A9s_Cultural_(Espa%C3%B1a)\">Bien de Inter\u00e9s Cultural<\/a>.\u00a0<\/strong>La conservaci\u00f3n de las tradiciones artesanales tambi\u00e9n est\u00e1 muy presente en todos los pueblos. Lo m\u00e1s destacado es la <strong>confecci\u00f3n de tejidos<\/strong>, especialmente de las\u00a0<strong>jarapas<\/strong>. Existen diferentes talleres de artesan\u00eda ademas de los telares, tambi\u00e9n de alfarer\u00eda\u00a0y orfebrer\u00eda. Hecho, muchos artistas y artesanos como m\u00fasicos, pintores y poetas tienen lugar de residencia la Alpujarra Granadina.<\/p>\n<p style=\"text-align: justify;\">La visita de la regi\u00f3n podr\u00edas comenzar por\u00a0la localidad de <strong>Lanjar\u00f3n<\/strong>, conocida como la <strong>Puerta de la Alpujarra<\/strong> uniendo el mar Mediterr\u00e1neo con la Sierra Nevada. Famosa por sus aguas manantiales y medicinales posee un hotel <strong>balneario<\/strong> d\u00f3nde se puede disfrutar todo tipo de tratamientos.<\/p>\n<p>&nbsp;<\/p>\n<p style=\"text-align: justify;\">Los pueblos blancos enclavados en las laderas con su forma de vida tradicional ofrecen como un peque\u00f1o viaje al pasado. Los pueblos como destino tur\u00edstico\u00a0\u00a0son de <strong>Pampaneira<\/strong>, <strong>Bubi\u00f3n<\/strong>, <strong>Capileira<\/strong>\u00a0y <strong>Trev\u00e9lez<\/strong>.<\/p>\n<h3 style=\"text-align: justify;\">Pampaneira<\/h3>\n<p style=\"text-align: justify;\">El pueblo de Pampaneira se encuentra en el <strong>Conjunto Hist\u00f3rico del\u00a0Barranco de Poqueira<\/strong>, dentro del <a href=\"https:\/\/es.wikipedia.org\/wiki\/Parque_nacional_de_Sierra_Nevada_(Espa%C3%B1a)\">Parque Nacional de Sierra Nevarra<\/a>. El aspecto del \u00a0pueblo conserva toda la herencia de los antiguos pobladores bereberes.<\/p>\n<h3>Bubi\u00f3n<\/h3>\n<p style=\"text-align: justify;\">Bubi\u00f3n por su situaci\u00f3n c\u00e9ntrica ofrece unas <strong>vistas magnificas<\/strong>. Desde all\u00ed en d\u00edas claros es posible ver a la vez el Mar Mediterr\u00e1neo y la Sierra Nevada. Localidad considerado como hist\u00f3rico-art\u00edstico, cuenta con\u00a0una <strong>villa hotelera<\/strong> construida por la Junta de Andaluc\u00eda.<\/p>\n<h3 style=\"text-align: justify;\">Capileira<\/h3>\n<p style=\"text-align: justify;\">Capileira en el <strong>coraz\u00f3n<\/strong> de las Alpujarras \u00a0tambi\u00e9n ofrece este arquitectura tan peculiar, con sus casas adaptadas al terreno perdurando as\u00ed el pasado morisco.<\/p>\n<p><a href=\"http:\/\/www.canarias.com\/blog\/wp-content\/uploads\/2015\/06\/JamondeTrevelez.jpg\"><img loading=\"lazy\" class=\"aligncenter wp-image-2321\" src=\"http:\/\/www.canarias.com\/blog\/wp-content\/uploads\/2015\/06\/JamondeTrevelez-300x238.jpg\" alt=\"JamondeTrevelez\" width=\"240\" height=\"190\" srcset=\"https:\/\/www.canarias.com\/blog\/wp-content\/uploads\/2015\/06\/JamondeTrevelez-300x238.jpg 300w, https:\/\/www.canarias.com\/blog\/wp-content\/uploads\/2015\/06\/JamondeTrevelez-510x405.jpg 510w, https:\/\/www.canarias.com\/blog\/wp-content\/uploads\/2015\/06\/JamondeTrevelez-378x300.jpg 378w, https:\/\/www.canarias.com\/blog\/wp-content\/uploads\/2015\/06\/JamondeTrevelez-900x715.jpg 900w, https:\/\/www.canarias.com\/blog\/wp-content\/uploads\/2015\/06\/JamondeTrevelez.jpg 1626w\" sizes=\"(max-width: 240px) 100vw, 240px\" \/><\/a><\/p>\n<h3>Trev\u00e9lez<\/h3>\n<p>Trev\u00e9lez es el pueblo <strong>m\u00e1s alto<\/strong> de Espa\u00f1a, se sit\u00faa a 1.476 metros de altitud en las laderas del <a href=\"https:\/\/es.wikipedia.org\/wiki\/Mulhac%C3%A9n\">Mulhac\u00e9n<\/a>. Por la localidad pasa el r\u00edo Trev\u00e9lez, donde abundan las truchas. Justo en la entrada al pueblo\u00a0se encuentra\u00a0un restaurante dedicado a los platos de trucha, altamente recomendado! Por el aire fresco y puro que viene de las monta\u00f1as, la actividad principal del pueblo son los secaderos de los jamones.<\/p>\n<h3>C\u00f3mo llegar<\/h3>\n<p>Desde cualquier punto nacional o internacional la mejor forma para acercar la regi\u00f3n es coger un <a href=\"http:\/\/www.canarias.com\/vuelos\/nacional\/malaga-costa-del-sol\" target=\"_blank\">vuelo barato <\/a>a<strong> <a href=\"http:\/\/www.canarias.com\/blog\/guia-practica-de-malaga\/\" target=\"_blank\">M\u00e1laga<\/a> <\/strong>o a Granada &#8211; Ja\u00e9n.\u00a0El aeropuerto internacional de M\u00e1laga opera tambi\u00e9n muchos vuelos de low &#8211; cost.<\/p>\n<p>[wpgmappity id=\u00bb5&#8243;]<\/p>\n","protected":false},"excerpt":{"rendered":"<p>Gu\u00eda de la\u00a0Alpujarra granadina Andaluc\u00eda llena de historia y tradici\u00f3n no s\u00f3lo tiene las playas de la Costa del Sol y sus ciudades mas emblem\u00e1ticas como C\u00f3rdoba, Sevilla y Granada. Tambi\u00e9n esconde rincones espectaculares. En este blog te invitamos a descubrir los pueblos blancos de la Alpujarra granadina, un lugar muy poco conocido donde reina [&hellip;]<\/p>\n","protected":false},"author":1,"featured_media":2312,"comment_status":"open","ping_status":"open","sticky":false,"template":"","format":"standard","meta":[],"categories":[154,414,5,71],"tags":[422,419,420,415,417,418,421,416],"_links":{"self":[{"href":"https:\/\/www.canarias.com\/blog\/wp-json\/wp\/v2\/posts\/2309"}],"collection":[{"href":"https:\/\/www.canarias.com\/blog\/wp-json\/wp\/v2\/posts"}],"about":[{"href":"https:\/\/www.canarias.com\/blog\/wp-json\/wp\/v2\/types\/post"}],"author":[{"embeddable":true,"href":"https:\/\/www.canarias.com\/blog\/wp-json\/wp\/v2\/users\/1"}],"replies":[{"embeddable":true,"href":"https:\/\/www.canarias.com\/blog\/wp-json\/wp\/v2\/comments?post=2309"}],"version-history":[{"count":22,"href":"https:\/\/www.canarias.com\/blog\/wp-json\/wp\/v2\/posts\/2309\/revisions"}],"predecessor-version":[{"id":3534,"href":"https:\/\/www.canarias.com\/blog\/wp-json\/wp\/v2\/posts\/2309\/revisions\/3534"}],"wp:featuredmedia":[{"embeddable":true,"href":"https:\/\/www.canarias.com\/blog\/wp-json\/wp\/v2\/media\/2312"}],"wp:attachment":[{"href":"https:\/\/www.canarias.com\/blog\/wp-json\/wp\/v2\/media?parent=2309"}],"wp:term":[{"taxonomy":"category","embeddable":true,"href":"https:\/\/www.canarias.com\/blog\/wp-json\/wp\/v2\/categories?post=2309"},{"taxonomy":"post_tag","embeddable":true,"href":"https:\/\/www.canarias.com\/blog\/wp-json\/wp\/v2\/tags?post=2309"}],"curies":[{"name":"wp","href":"https:\/\/api.w.org\/{rel}","templated":true}]}}