{"id":2438,"date":"2015-06-30T16:05:27","date_gmt":"2015-06-30T16:05:27","guid":{"rendered":"http:\/\/www.canarias.com\/blog\/?p=2438"},"modified":"2015-06-30T16:05:27","modified_gmt":"2015-06-30T16:05:27","slug":"turquia-el-pais-de-las-7-regiones","status":"publish","type":"post","link":"https:\/\/www.canarias.com\/blog\/turquia-el-pais-de-las-7-regiones\/","title":{"rendered":"Turqu\u00eda &#8211; El pa\u00eds de las 7 Regiones."},"content":{"rendered":"<p><span style=\"color: #808080;\"><em><strong><a style=\"color: #808080;\" href=\"https:\/\/es.wikipedia.org\/wiki\/Turqu%C3%ADa\" target=\"_blank\">Turqu\u00eda<\/a> <\/strong><\/em><\/span>es un pa\u00eds ubicado entre Asia y Europa que se extiende por la Pen\u00ednsula de Anatolia y Tracia. Su capital es Ankara y su n\u00facleo m\u00e1s poblado es Estambul, conocida tambi\u00e9n como la joya del B\u00f3sforo.<\/p>\n<p>El pa\u00eds se divide en <em>7 Regiones,<\/em> el Mar de M\u00e1rmara, las Costas del Egeo, el Mar Mediterr\u00e1neo, Anatolia Central, el Mar Negro, y el Este y Sudeste de Anatolia.<\/p>\n<p>Aqu\u00ed te dejamos las visitas\u00a0imprescindibles si te decides por conocer este maravilloso pa\u00eds lleno de Historia y de Cultura, conocido tambi\u00e9n,<\/p>\n<ul>\n<li><b><i>Sur del Mar de \u00a0<\/i><\/b><b><i>M\u00e1rmara: <\/i><\/b>Ciudad de Bursa y Aqupoblaci\u00f3n cercana de Iznik (la antigua Nicea).<\/li>\n<\/ul>\n<ul>\n<li>\n<div class=\"ladillo2\"><strong><em>En las costas del Egeo<\/em>:\u00a0<\/strong>Ruinas de Assos,\u00a0Antiguas ciudades de Priene, Mileto y Didima.<\/div>\n<\/li>\n<\/ul>\n<ul>\n<li>\n<div class=\"ladillo2\"><strong>Entre el Egeo y el Mediterr\u00e1neo:<\/strong>Villas de Bodrum, Marmaris, Fethiye y Oludeniz.<\/div>\n<\/li>\n<\/ul>\n<ul>\n<li>\n<div class=\"ladillo2\"><strong><em>En la costa mediterr\u00e1nea<\/em>:\u00a0<\/strong>Ciudad de Antalya, Pozo de San Pablo en Tarso,\u00a0Ciudad de Antakya.<\/div>\n<\/li>\n<\/ul>\n<ul>\n<li>\n<div class=\"ladillo2\"><em><strong>En el sureste de Anatolia:<\/strong><\/em>\u00a0Ruinas de Belkis-Zeugma,\u00a0Harran y Lago Baliklig\u00f6l en URFA (la antigua Edesa),<\/div>\n<div class=\"ladillo2\">y Mardin.<\/div>\n<\/li>\n<\/ul>\n<ul>\n<li>\n<div class=\"ladillo2\"><em><strong>En el oriente de Anatolia<\/strong>:<\/em>\u00a0En la provincia de Van, Yacimiento de Ani\u00a0y<br \/>\nCiudad de Erzurum.<\/div>\n<\/li>\n<\/ul>\n<p>&nbsp;<\/p>\n<p><a href=\"http:\/\/www.canarias.com\/blog\/wp-content\/uploads\/2015\/06\/turquia.jpg\"><img loading=\"lazy\" class=\"aligncenter wp-image-2439 size-large\" src=\"http:\/\/www.canarias.com\/blog\/wp-content\/uploads\/2015\/06\/turquia-510x246.jpg\" alt=\"turquia\" width=\"510\" height=\"246\" srcset=\"https:\/\/www.canarias.com\/blog\/wp-content\/uploads\/2015\/06\/turquia-510x246.jpg 510w, https:\/\/www.canarias.com\/blog\/wp-content\/uploads\/2015\/06\/turquia-300x145.jpg 300w, https:\/\/www.canarias.com\/blog\/wp-content\/uploads\/2015\/06\/turquia-500x241.jpg 500w, https:\/\/www.canarias.com\/blog\/wp-content\/uploads\/2015\/06\/turquia.jpg 673w\" sizes=\"(max-width: 510px) 100vw, 510px\" \/><\/a><\/p>\n<p><em><span style=\"text-decoration: underline;\"><strong>Moneda.<\/strong><\/span><\/em><\/p>\n<p>La moneda oficial de Turqu\u00eda es la<span style=\"color: #808080;\"><em><strong> Lira Turca (TL).<\/strong><\/em><\/span><\/p>\n<p>Si quer\u00e9is cambiar euros o d\u00f3lares lo mejor es hacerlo en las casas de cambio, o bien en los bancos, pero en estos \u00faltimos la comisi\u00f3n es mayor.<\/p>\n<p>Aproximadamente en el cambio, un euro equivale a dos liras turcas, y un d\u00f3lar a una lira y media.<\/p>\n<p><a href=\"http:\/\/www.canarias.com\/blog\/wp-content\/uploads\/2015\/06\/billetes.jpg\"><img loading=\"lazy\" class=\"alignnone size-large wp-image-2443\" src=\"http:\/\/www.canarias.com\/blog\/wp-content\/uploads\/2015\/06\/billetes-510x381.jpg\" alt=\"billetes\" width=\"510\" height=\"381\" srcset=\"https:\/\/www.canarias.com\/blog\/wp-content\/uploads\/2015\/06\/billetes-510x381.jpg 510w, https:\/\/www.canarias.com\/blog\/wp-content\/uploads\/2015\/06\/billetes-216x160.jpg 216w, https:\/\/www.canarias.com\/blog\/wp-content\/uploads\/2015\/06\/billetes-300x224.jpg 300w, https:\/\/www.canarias.com\/blog\/wp-content\/uploads\/2015\/06\/billetes-402x300.jpg 402w, https:\/\/www.canarias.com\/blog\/wp-content\/uploads\/2015\/06\/billetes.jpg 565w\" sizes=\"(max-width: 510px) 100vw, 510px\" \/><\/a><\/p>\n<p><em><span style=\"text-decoration: underline;\"><strong>Documentaci\u00f3n.<\/strong><\/span><\/em><\/p>\n<p>Para entrar los ciudadanos espa\u00f1oles en Turqu\u00eda ser\u00e1 necesario\u00a0<b>el pasaporte o el DNI<\/b> indistintamente, siempre que su estancia sea inferior a tres meses.<\/p>\n<p>Y en cuanto lleguemos al aeropuerto deber\u00e9is pagar 15\u20ac por el visado, tambi\u00e9n es posible obtenerlo online en el siguiente enlace,<a href=\"https:\/\/www.evisa.gov.tr\/en\/\" target=\"_blank\">\u00a0https:\/\/www.evisa.gov.tr\/en\/<\/a><\/p>\n<p>&nbsp;<\/p>\n<p><a href=\"http:\/\/www.canarias.com\/blog\/wp-content\/uploads\/2015\/06\/3481513360_7b08d57c6b_o.jpg\"><img loading=\"lazy\" class=\"alignnone size-large wp-image-2446\" src=\"http:\/\/www.canarias.com\/blog\/wp-content\/uploads\/2015\/06\/3481513360_7b08d57c6b_o-510x381.jpg\" alt=\"3481513360_7b08d57c6b_o\" width=\"510\" height=\"381\" srcset=\"https:\/\/www.canarias.com\/blog\/wp-content\/uploads\/2015\/06\/3481513360_7b08d57c6b_o-510x381.jpg 510w, https:\/\/www.canarias.com\/blog\/wp-content\/uploads\/2015\/06\/3481513360_7b08d57c6b_o-216x160.jpg 216w, https:\/\/www.canarias.com\/blog\/wp-content\/uploads\/2015\/06\/3481513360_7b08d57c6b_o-300x224.jpg 300w, https:\/\/www.canarias.com\/blog\/wp-content\/uploads\/2015\/06\/3481513360_7b08d57c6b_o-402x300.jpg 402w, https:\/\/www.canarias.com\/blog\/wp-content\/uploads\/2015\/06\/3481513360_7b08d57c6b_o-900x672.jpg 900w, https:\/\/www.canarias.com\/blog\/wp-content\/uploads\/2015\/06\/3481513360_7b08d57c6b_o.jpg 967w\" sizes=\"(max-width: 510px) 100vw, 510px\" \/><\/a><\/p>\n<p><em><span style=\"text-decoration: underline;\"><strong>C\u00f3mo llegar y d\u00f3nde alojarse.<\/strong><\/span><\/em><\/p>\n<p>La mejor forma de llegar a Turqu\u00eda es con <span style=\"color: #999999;\"><strong>avi\u00f3n<\/strong><\/span>, muchas compa\u00f1\u00edas ofrecen infinidad de <a href=\"http:\/\/www.canarias.com\/vuelos\" target=\"_blank\">vuelos low cost<\/a> a Estambul, la cual cuenta con dos aeropuertos Ataturks y\u00a0Sabiha Gokce.<\/p>\n<p>&nbsp;<\/p>\n<p>[wpgmappity id=\u00bb7&#8243;]<\/p>\n","protected":false},"excerpt":{"rendered":"<p>Turqu\u00eda es un pa\u00eds ubicado entre Asia y Europa que se extiende por la Pen\u00ednsula de Anatolia y Tracia. Su capital es Ankara y su n\u00facleo m\u00e1s poblado es Estambul, conocida tambi\u00e9n como la joya del B\u00f3sforo. El pa\u00eds se divide en 7 Regiones, el Mar de M\u00e1rmara, las Costas del Egeo, el Mar Mediterr\u00e1neo, [&hellip;]<\/p>\n","protected":false},"author":1,"featured_media":2441,"comment_status":"open","ping_status":"open","sticky":false,"template":"","format":"standard","meta":[],"categories":[435,289],"tags":[434,433,317],"_links":{"self":[{"href":"https:\/\/www.canarias.com\/blog\/wp-json\/wp\/v2\/posts\/2438"}],"collection":[{"href":"https:\/\/www.canarias.com\/blog\/wp-json\/wp\/v2\/posts"}],"about":[{"href":"https:\/\/www.canarias.com\/blog\/wp-json\/wp\/v2\/types\/post"}],"author":[{"embeddable":true,"href":"https:\/\/www.canarias.com\/blog\/wp-json\/wp\/v2\/users\/1"}],"replies":[{"embeddable":true,"href":"https:\/\/www.canarias.com\/blog\/wp-json\/wp\/v2\/comments?post=2438"}],"version-history":[{"count":9,"href":"https:\/\/www.canarias.com\/blog\/wp-json\/wp\/v2\/posts\/2438\/revisions"}],"predecessor-version":[{"id":2453,"href":"https:\/\/www.canarias.com\/blog\/wp-json\/wp\/v2\/posts\/2438\/revisions\/2453"}],"wp:featuredmedia":[{"embeddable":true,"href":"https:\/\/www.canarias.com\/blog\/wp-json\/wp\/v2\/media\/2441"}],"wp:attachment":[{"href":"https:\/\/www.canarias.com\/blog\/wp-json\/wp\/v2\/media?parent=2438"}],"wp:term":[{"taxonomy":"category","embeddable":true,"href":"https:\/\/www.canarias.com\/blog\/wp-json\/wp\/v2\/categories?post=2438"},{"taxonomy":"post_tag","embeddable":true,"href":"https:\/\/www.canarias.com\/blog\/wp-json\/wp\/v2\/tags?post=2438"}],"curies":[{"name":"wp","href":"https:\/\/api.w.org\/{rel}","templated":true}]}}