{"id":2499,"date":"2015-07-10T17:41:53","date_gmt":"2015-07-10T17:41:53","guid":{"rendered":"http:\/\/www.canarias.com\/blog\/?p=2499"},"modified":"2015-07-10T17:41:53","modified_gmt":"2015-07-10T17:41:53","slug":"el-hierro","status":"publish","type":"post","link":"https:\/\/www.canarias.com\/blog\/el-hierro\/","title":{"rendered":"El Hierro."},"content":{"rendered":"<p>El Hierro, o la isla del Meridiano, fue considerada as\u00ed porque desde 1885\u00a0la Punta de Orchilla fue el Meridiano 0, convirti\u00e9ndose as\u00ed en uno de los m\u00e1s usados en los mapas del siglo XVI y XVII. . Es la primera\u00a0isla completamente autosuficiente con fuentes de energ\u00eda renovables desde la inauguraci\u00f3n de la central hidroe\u00f3lica Gorona del Viento.<\/p>\n<p>A\u00f1adir que se trata de una Reserva de la Biosfera y est\u00e1 reconocida por la UNESCO.<\/p>\n<p>&nbsp;<\/p>\n<p><a href=\"http:\/\/www.canarias.com\/blog\/wp-content\/uploads\/2015\/07\/hierro.jpg\"><img loading=\"lazy\" class=\"alignnone size-full wp-image-2503\" src=\"http:\/\/www.canarias.com\/blog\/wp-content\/uploads\/2015\/07\/hierro.jpg\" alt=\"hierro\" width=\"490\" height=\"326\" srcset=\"https:\/\/www.canarias.com\/blog\/wp-content\/uploads\/2015\/07\/hierro.jpg 490w, https:\/\/www.canarias.com\/blog\/wp-content\/uploads\/2015\/07\/hierro-300x200.jpg 300w, https:\/\/www.canarias.com\/blog\/wp-content\/uploads\/2015\/07\/hierro-451x300.jpg 451w\" sizes=\"(max-width: 490px) 100vw, 490px\" \/><\/a><\/p>\n<p><span style=\"text-decoration: underline;\"><strong>Qu\u00e9 ver.<\/strong><\/span><\/p>\n<ul>\n<li>El Mirador de la Pe\u00f1a.<\/li>\n<\/ul>\n<p><a href=\"http:\/\/www.canarias.com\/blog\/wp-content\/uploads\/2015\/07\/mirador_de_la_pena.jpg\"><img loading=\"lazy\" class=\"alignnone size-full wp-image-2514\" src=\"http:\/\/www.canarias.com\/blog\/wp-content\/uploads\/2015\/07\/mirador_de_la_pena.jpg\" alt=\"mirador_de_la_pena\" width=\"390\" height=\"311\" srcset=\"https:\/\/www.canarias.com\/blog\/wp-content\/uploads\/2015\/07\/mirador_de_la_pena.jpg 390w, https:\/\/www.canarias.com\/blog\/wp-content\/uploads\/2015\/07\/mirador_de_la_pena-300x239.jpg 300w, https:\/\/www.canarias.com\/blog\/wp-content\/uploads\/2015\/07\/mirador_de_la_pena-376x300.jpg 376w\" sizes=\"(max-width: 390px) 100vw, 390px\" \/><\/a><\/p>\n<ul>\n<li>\u00c1rbol Garo\u00e9.<\/li>\n<\/ul>\n<p><a href=\"http:\/\/www.canarias.com\/blog\/wp-content\/uploads\/2015\/07\/220px-Ocotea_foetens_1336.jpg\"><img loading=\"lazy\" class=\"alignnone size-full wp-image-2513\" src=\"http:\/\/www.canarias.com\/blog\/wp-content\/uploads\/2015\/07\/220px-Ocotea_foetens_1336.jpg\" alt=\"220px-Ocotea_foetens_1336\" width=\"220\" height=\"293\" \/><\/a><\/p>\n<ul>\n<li>El Charco Azul.<\/li>\n<\/ul>\n<p><a href=\"http:\/\/www.canarias.com\/blog\/wp-content\/uploads\/2015\/07\/Charco-Azul-Isla-de-El-Hierro.jpg\"><img loading=\"lazy\" class=\"alignnone size-large wp-image-2511\" src=\"http:\/\/www.canarias.com\/blog\/wp-content\/uploads\/2015\/07\/Charco-Azul-Isla-de-El-Hierro-510x268.jpg\" alt=\"Charco Azul - Isla de El Hierro\" width=\"510\" height=\"268\" srcset=\"https:\/\/www.canarias.com\/blog\/wp-content\/uploads\/2015\/07\/Charco-Azul-Isla-de-El-Hierro-510x268.jpg 510w, https:\/\/www.canarias.com\/blog\/wp-content\/uploads\/2015\/07\/Charco-Azul-Isla-de-El-Hierro-300x158.jpg 300w, https:\/\/www.canarias.com\/blog\/wp-content\/uploads\/2015\/07\/Charco-Azul-Isla-de-El-Hierro-500x263.jpg 500w, https:\/\/www.canarias.com\/blog\/wp-content\/uploads\/2015\/07\/Charco-Azul-Isla-de-El-Hierro.jpg 760w\" sizes=\"(max-width: 510px) 100vw, 510px\" \/><\/a><\/p>\n<ul>\n<li>El Sabinar.<\/li>\n<\/ul>\n<p><a href=\"http:\/\/www.canarias.com\/blog\/wp-content\/uploads\/2015\/07\/El-Sabinar-El-Hierro-01.jpg\"><img loading=\"lazy\" class=\"alignnone size-large wp-image-2512\" src=\"http:\/\/www.canarias.com\/blog\/wp-content\/uploads\/2015\/07\/El-Sabinar-El-Hierro-01-510x370.jpg\" alt=\"El-Sabinar-El-Hierro-01\" width=\"510\" height=\"370\" srcset=\"https:\/\/www.canarias.com\/blog\/wp-content\/uploads\/2015\/07\/El-Sabinar-El-Hierro-01-510x370.jpg 510w, https:\/\/www.canarias.com\/blog\/wp-content\/uploads\/2015\/07\/El-Sabinar-El-Hierro-01-300x218.jpg 300w, https:\/\/www.canarias.com\/blog\/wp-content\/uploads\/2015\/07\/El-Sabinar-El-Hierro-01-413x300.jpg 413w, https:\/\/www.canarias.com\/blog\/wp-content\/uploads\/2015\/07\/El-Sabinar-El-Hierro-01-900x653.jpg 900w, https:\/\/www.canarias.com\/blog\/wp-content\/uploads\/2015\/07\/El-Sabinar-El-Hierro-01.jpg 1600w\" sizes=\"(max-width: 510px) 100vw, 510px\" \/><\/a><\/p>\n<p><span style=\"text-decoration: underline;\"><strong>C\u00f3mo Llegar y d\u00f3nde alojarse.<\/strong><\/span><\/p>\n<p>Nosotros recomendamos la ruta en avi\u00f3n, podr\u00e1s encontrar innumerables ofertas y <a href=\"http:\/\/www.canarias.com\/vuelos\/nacional\/el-hierro\" target=\"_blank\">vuelos low cost<\/a> en a<a href=\"http:\/\/www.canarias.com\" target=\"_blank\">gencias online<\/a>, as\u00ed que no tendr\u00e9is problema por elegir la opci\u00f3n que mejor os convenga. Al igual con el hotel, casa rural o apartamento, hay infinidad de opciones y a m\u00faltiples precios, adapt\u00e1ndose siempre a las necesidades del viajero.<\/p>\n<p>[wpgmappity id=\u00bb9&#8243;]<\/p>\n","protected":false},"excerpt":{"rendered":"<p>El Hierro, o la isla del Meridiano, fue considerada as\u00ed porque desde 1885\u00a0la Punta de Orchilla fue el Meridiano 0, convirti\u00e9ndose as\u00ed en uno de los m\u00e1s usados en los mapas del siglo XVI y XVII. . Es la primera\u00a0isla completamente autosuficiente con fuentes de energ\u00eda renovables desde la inauguraci\u00f3n de la central hidroe\u00f3lica Gorona [&hellip;]<\/p>\n","protected":false},"author":1,"featured_media":2504,"comment_status":"open","ping_status":"open","sticky":false,"template":"","format":"standard","meta":[],"categories":[444],"tags":[312,441,442,443],"_links":{"self":[{"href":"https:\/\/www.canarias.com\/blog\/wp-json\/wp\/v2\/posts\/2499"}],"collection":[{"href":"https:\/\/www.canarias.com\/blog\/wp-json\/wp\/v2\/posts"}],"about":[{"href":"https:\/\/www.canarias.com\/blog\/wp-json\/wp\/v2\/types\/post"}],"author":[{"embeddable":true,"href":"https:\/\/www.canarias.com\/blog\/wp-json\/wp\/v2\/users\/1"}],"replies":[{"embeddable":true,"href":"https:\/\/www.canarias.com\/blog\/wp-json\/wp\/v2\/comments?post=2499"}],"version-history":[{"count":10,"href":"https:\/\/www.canarias.com\/blog\/wp-json\/wp\/v2\/posts\/2499\/revisions"}],"predecessor-version":[{"id":2515,"href":"https:\/\/www.canarias.com\/blog\/wp-json\/wp\/v2\/posts\/2499\/revisions\/2515"}],"wp:featuredmedia":[{"embeddable":true,"href":"https:\/\/www.canarias.com\/blog\/wp-json\/wp\/v2\/media\/2504"}],"wp:attachment":[{"href":"https:\/\/www.canarias.com\/blog\/wp-json\/wp\/v2\/media?parent=2499"}],"wp:term":[{"taxonomy":"category","embeddable":true,"href":"https:\/\/www.canarias.com\/blog\/wp-json\/wp\/v2\/categories?post=2499"},{"taxonomy":"post_tag","embeddable":true,"href":"https:\/\/www.canarias.com\/blog\/wp-json\/wp\/v2\/tags?post=2499"}],"curies":[{"name":"wp","href":"https:\/\/api.w.org\/{rel}","templated":true}]}}