{"id":2655,"date":"2015-08-20T11:28:21","date_gmt":"2015-08-20T11:28:21","guid":{"rendered":"http:\/\/www.canarias.com\/blog\/?p=2655"},"modified":"2015-10-26T10:55:46","modified_gmt":"2015-10-26T10:55:46","slug":"carreras-de-caballos-sanlucar-2015","status":"publish","type":"post","link":"https:\/\/www.canarias.com\/blog\/carreras-de-caballos-sanlucar-2015\/","title":{"rendered":"Carreras de Caballos Sanl\u00facar 2015"},"content":{"rendered":"<h2>Carreras de Caballos Sanl\u00facar 2015<\/h2>\n<p id=\"yiv4368169910yui_3_16_0_1_1439890718760_3645\" style=\"text-align: justify;\">Un bello espect\u00e1culo de competiciones h\u00edpicas, las Carreras de Caballos en la <strong>Playa de Sanl\u00facar de Barrameda<\/strong> (C\u00e1diz) se celebran cada a\u00f1o durante el mes de Agosto. Con una trayectoria de m\u00e1s de 165 ediciones las carreras son unas de las actividades ecuestres m\u00e1s <strong>antiguas<\/strong> de Europa. Un acontecimiento llamado tambi\u00e9n como el <strong>Mayor Espect\u00e1culo de las Playas del Sur<\/strong> que est\u00e1n declaradas como de Inter\u00e9s Tur\u00edstico Internacional desde 1997.\u00a0El evento suele tener dos ciclos de tres d\u00edas cada uno.\u00a0El segundo ciclo de la temporada de 2015 se celebra el 26, 27 y 28 de Agosto.<\/p>\n<p><a href=\"http:\/\/www.canarias.com\/blog\/wp-content\/uploads\/2015\/08\/sanlucar.jpg\"><img loading=\"lazy\" class=\"aligncenter wp-image-2663 size-large\" src=\"http:\/\/www.canarias.com\/blog\/wp-content\/uploads\/2015\/08\/sanlucar-510x311.jpg\" alt=\"sanlucar\" width=\"510\" height=\"311\" srcset=\"https:\/\/www.canarias.com\/blog\/wp-content\/uploads\/2015\/08\/sanlucar-510x311.jpg 510w, https:\/\/www.canarias.com\/blog\/wp-content\/uploads\/2015\/08\/sanlucar-300x183.jpg 300w, https:\/\/www.canarias.com\/blog\/wp-content\/uploads\/2015\/08\/sanlucar-492x300.jpg 492w, https:\/\/www.canarias.com\/blog\/wp-content\/uploads\/2015\/08\/sanlucar.jpg 640w\" sizes=\"(max-width: 510px) 100vw, 510px\" \/><\/a><\/p>\n<p id=\"yiv4368169910yui_3_16_0_1_1439890718760_3645\" dir=\"ltr\">El <strong>acceso<\/strong> al evento es libre y gratuito. Las apuestas oficiales se pueden hacer en la l\u00ednea de meta. La nota divertida al evento la ponen los ni\u00f1os, que a lo largo de la playa organizan sus coloridas casetas para sus propias apuestas.\u00a0Las carreras tambi\u00e9n suelen coincidir con las Fiestas Patronales de Sanl\u00facar con desfiles de carrozas y alfombras de flores en las calles c\u00e9ntricas.<\/p>\n<p><a href=\"http:\/\/www.canarias.com\/blog\/wp-content\/uploads\/2015\/08\/sc.jpg\"><img loading=\"lazy\" class=\"aligncenter wp-image-2665 size-large\" src=\"http:\/\/www.canarias.com\/blog\/wp-content\/uploads\/2015\/08\/sc-510x383.jpg\" alt=\"sc\" width=\"510\" height=\"383\" srcset=\"https:\/\/www.canarias.com\/blog\/wp-content\/uploads\/2015\/08\/sc-510x383.jpg 510w, https:\/\/www.canarias.com\/blog\/wp-content\/uploads\/2015\/08\/sc-300x225.jpg 300w, https:\/\/www.canarias.com\/blog\/wp-content\/uploads\/2015\/08\/sc-400x300.jpg 400w, https:\/\/www.canarias.com\/blog\/wp-content\/uploads\/2015\/08\/sc-900x675.jpg 900w, https:\/\/www.canarias.com\/blog\/wp-content\/uploads\/2015\/08\/sc.jpg 960w\" sizes=\"(max-width: 510px) 100vw, 510px\" \/><\/a><\/p>\n<h3 id=\"yiv4368169910yui_3_16_0_1_1439890718760_3645\" dir=\"ltr\"><\/h3>\n<h3 dir=\"ltr\">Jerez de la Frontera<\/h3>\n<p style=\"text-align: justify;\">Viajando por la provincia de C\u00e1diz la visita obligada sin duda es la ciudad m\u00e1s representativa de Andaluc\u00eda\u00a0<strong>Jerez de la Frontera.<\/strong>\u00a0Lugar bien conocida por sus <strong>vinos<\/strong>, sus <strong>caballos<\/strong> y su flamenco. A parte de su riqueza cultural y hist\u00f3rica su gastronom\u00eda regional destaca por sus excelentes vinos con la <a href=\"https:\/\/es.wikipedia.org\/wiki\/Denominaci%C3%B3n_de_Origen_Manzanilla-Sanl%C3%BAcar_de_Barrameda\">Denominaci\u00f3n de Origen de Jerez-X\u00e9r\u00e9s- Sherry Manzanilla-Sanl\u00facar de Barrameda<\/a>.<\/p>\n<h3 id=\"yiv4368169910yui_3_16_0_1_1439890718760_3645\" dir=\"ltr\">C\u00f3mo llegar y d\u00f3nde alojarse<\/h3>\n<p style=\"text-align: justify;\">El aeropuerto m\u00e1s cercano a Sanl\u00facar de Barrameda es el de <strong>Sevilla<\/strong>, que se encuentra a 100 kil\u00f3metros de la localidad. Para Sevilla existe un gran <strong><a href=\"http:\/\/www.canarias.com\/vuelos\/nacional\/sevilla\" target=\"_blank\">oferta de vuelos<\/a><\/strong> desde ciudades nacionales como de internacionales. En las localidades de <strong>Sanl\u00facar<\/strong> o en la ciudad m\u00e1s cercana <strong>Chipiona<\/strong>\u00a0puedes encontrar un gran variedad de <strong><a href=\"http:\/\/www.canarias.com\/hoteles\/espana\/cadiz\" target=\"_blank\">alojamientos<\/a> <\/strong>para pasar unos d\u00edas en las costas de C\u00e1diz.<\/p>\n<div id=\"yiv4368169910yui_3_16_0_1_1439890718760_3645\" style=\"text-align: justify;\"><\/div>\n<p>&nbsp;<\/p>\n<p>&nbsp;<\/p>\n","protected":false},"excerpt":{"rendered":"<p>Carreras de Caballos Sanl\u00facar 2015 Un bello espect\u00e1culo de competiciones h\u00edpicas, las Carreras de Caballos en la Playa de Sanl\u00facar de Barrameda (C\u00e1diz) se celebran cada a\u00f1o durante el mes de Agosto. Con una trayectoria de m\u00e1s de 165 ediciones las carreras son unas de las actividades ecuestres m\u00e1s antiguas de Europa. Un acontecimiento llamado [&hellip;]<\/p>\n","protected":false},"author":1,"featured_media":2656,"comment_status":"open","ping_status":"open","sticky":false,"template":"","format":"standard","meta":[],"categories":[154,428,273],"tags":[475,477,478,474,476],"_links":{"self":[{"href":"https:\/\/www.canarias.com\/blog\/wp-json\/wp\/v2\/posts\/2655"}],"collection":[{"href":"https:\/\/www.canarias.com\/blog\/wp-json\/wp\/v2\/posts"}],"about":[{"href":"https:\/\/www.canarias.com\/blog\/wp-json\/wp\/v2\/types\/post"}],"author":[{"embeddable":true,"href":"https:\/\/www.canarias.com\/blog\/wp-json\/wp\/v2\/users\/1"}],"replies":[{"embeddable":true,"href":"https:\/\/www.canarias.com\/blog\/wp-json\/wp\/v2\/comments?post=2655"}],"version-history":[{"count":15,"href":"https:\/\/www.canarias.com\/blog\/wp-json\/wp\/v2\/posts\/2655\/revisions"}],"predecessor-version":[{"id":2679,"href":"https:\/\/www.canarias.com\/blog\/wp-json\/wp\/v2\/posts\/2655\/revisions\/2679"}],"wp:featuredmedia":[{"embeddable":true,"href":"https:\/\/www.canarias.com\/blog\/wp-json\/wp\/v2\/media\/2656"}],"wp:attachment":[{"href":"https:\/\/www.canarias.com\/blog\/wp-json\/wp\/v2\/media?parent=2655"}],"wp:term":[{"taxonomy":"category","embeddable":true,"href":"https:\/\/www.canarias.com\/blog\/wp-json\/wp\/v2\/categories?post=2655"},{"taxonomy":"post_tag","embeddable":true,"href":"https:\/\/www.canarias.com\/blog\/wp-json\/wp\/v2\/tags?post=2655"}],"curies":[{"name":"wp","href":"https:\/\/api.w.org\/{rel}","templated":true}]}}