{"id":2756,"date":"2015-09-19T17:34:09","date_gmt":"2015-09-19T17:34:09","guid":{"rendered":"http:\/\/www.canarias.com\/blog\/?p=2756"},"modified":"2015-10-26T10:57:22","modified_gmt":"2015-10-26T10:57:22","slug":"oktoberfest-espana-2015","status":"publish","type":"post","link":"https:\/\/www.canarias.com\/blog\/oktoberfest-espana-2015\/","title":{"rendered":"Oktoberfest Espa\u00f1a 2015"},"content":{"rendered":"<h2>Oktoberfest Espa\u00f1a 2015<\/h2>\n<p style=\"text-align: justify;\">Para celebrar la famosa fiesta de la cerveza<strong> la Oktoberfest<\/strong> no tienes que salir de Espa\u00f1a! Te hemos preparado una lista de <strong>ciudades<\/strong> d\u00f3nde van a organizar a lo grande este acontecimiento anual de Munich. Mira las fechas y seguro todav\u00eda podr\u00e1s encontrar un<strong><a href=\"http:\/\/www.canarias.com\/vuelos\" target=\"_blank\"> vuelo barato<\/a><\/strong> para disfrutar un fin de semana al estilo alem\u00e1n.<\/p>\n<p style=\"text-align: justify;\"><a href=\"http:\/\/www.canarias.com\/blog\/wp-content\/uploads\/2015\/09\/th1_6220_oktoberfest9.jpg\"><img loading=\"lazy\" class=\"aligncenter  wp-image-2763\" src=\"http:\/\/www.canarias.com\/blog\/wp-content\/uploads\/2015\/09\/th1_6220_oktoberfest9-300x207.jpg\" alt=\"\" width=\"387\" height=\"267\" srcset=\"https:\/\/www.canarias.com\/blog\/wp-content\/uploads\/2015\/09\/th1_6220_oktoberfest9-300x207.jpg 300w, https:\/\/www.canarias.com\/blog\/wp-content\/uploads\/2015\/09\/th1_6220_oktoberfest9-510x351.jpg 510w, https:\/\/www.canarias.com\/blog\/wp-content\/uploads\/2015\/09\/th1_6220_oktoberfest9-436x300.jpg 436w, https:\/\/www.canarias.com\/blog\/wp-content\/uploads\/2015\/09\/th1_6220_oktoberfest9-900x620.jpg 900w, https:\/\/www.canarias.com\/blog\/wp-content\/uploads\/2015\/09\/th1_6220_oktoberfest9.jpg 950w\" sizes=\"(max-width: 387px) 100vw, 387px\" \/><\/a><\/p>\n<h3>Historia<\/h3>\n<p style=\"text-align: justify;\">La Oktoberfest &#8211; fiesta de octubre &#8211; se celebra en la ciudad B\u00e1vara de <strong>Munich<\/strong> desde <strong>12 de octubre de 1810<\/strong>, d\u00eda de la celebraci\u00f3n de<strong> la boda<\/strong> de<strong> Luis I<\/strong> y <strong>Teresa de Sajonia<\/strong>, quienes organizaron su boda en el Prado de Teresa de Munich. La fiesta de la cerveza con los a\u00f1os se transform\u00f3 a una de las mayores del mundo que cada a\u00f1o recibe m\u00e1s de de <strong>seis milliones de visitantes<\/strong>. Entre otros lugares como Brasil, Canad\u00e1, EEUU y Argentina tambi\u00e9n se celebran como en Chile, B\u00e9lgica y por supuesto en Espa\u00f1a.<\/p>\n<p><a href=\"http:\/\/www.canarias.com\/blog\/wp-content\/uploads\/2015\/09\/10398882_98412190551_5188387_n.jpg\"><img loading=\"lazy\" class=\"aligncenter  wp-image-2793\" src=\"http:\/\/www.canarias.com\/blog\/wp-content\/uploads\/2015\/09\/10398882_98412190551_5188387_n-234x300.jpg\" alt=\"\" width=\"284\" height=\"364\" srcset=\"https:\/\/www.canarias.com\/blog\/wp-content\/uploads\/2015\/09\/10398882_98412190551_5188387_n-234x300.jpg 234w, https:\/\/www.canarias.com\/blog\/wp-content\/uploads\/2015\/09\/10398882_98412190551_5188387_n.jpg 472w\" sizes=\"(max-width: 284px) 100vw, 284px\" \/><\/a><\/p>\n<h3>Calella del 3 al 24 Octubre<\/h3>\n<p style=\"text-align: justify;\">La celebraci\u00f3n de Oktoberfest en Calella este a\u00f1o llega a su edici\u00f3n <strong>n\u00famero 28<\/strong>. Va a ser un encuentro <strong>internacional<\/strong> d\u00f3nde m\u00e1s de 2.500 <strong>m\u00fasicos<\/strong> de toda Europa van a participar. En la gran fiesta tambi\u00e9n se podr\u00e1n degustar platos t\u00edpicos de diferentes pa\u00edses.<\/p>\n<div><\/div>\n<h3>\u00a0Calpe del 7 al 18 de Octubre<\/h3>\n<p style=\"text-align: justify;\">La Oktoberfest de Calpe se viene celebrando <strong>desde 1988<\/strong> y es considerada como uno de los <strong>mejores<\/strong> de Espa\u00f1a! Una fiesta de la m\u00e1s multitudinaria d\u00f3nde esperan m\u00e1s de 10.000 visitantes al d\u00eda. Entre las actividades singulares se organizan lanzar huesos de oliva, serrar troncos o levantar jarras.<\/p>\n<div style=\"text-align: justify;\"><\/div>\n<div><a href=\"http:\/\/www.canarias.com\/blog\/wp-content\/uploads\/2015\/09\/oktoberfest-mallorca-2014-santa-ponsa-calvia.jpg\"><img loading=\"lazy\" class=\"aligncenter  wp-image-2778\" src=\"http:\/\/www.canarias.com\/blog\/wp-content\/uploads\/2015\/09\/oktoberfest-mallorca-2014-santa-ponsa-calvia-300x176.jpg\" alt=\"\" width=\"332\" height=\"195\" srcset=\"https:\/\/www.canarias.com\/blog\/wp-content\/uploads\/2015\/09\/oktoberfest-mallorca-2014-santa-ponsa-calvia-300x176.jpg 300w, https:\/\/www.canarias.com\/blog\/wp-content\/uploads\/2015\/09\/oktoberfest-mallorca-2014-santa-ponsa-calvia.jpg 500w\" sizes=\"(max-width: 332px) 100vw, 332px\" \/><\/a><\/div>\n<h3>Calvi\u00e1 del 1 al 12 de Octubre<\/h3>\n<p style=\"text-align: justify;\"><strong>Mallorca<\/strong> siendo uno de los destinos preferidos por los alemanes no puede ser menos a la hora de celebrar la Oktoberfest. Los s\u00e1bados y domingos la gran carpa abrir\u00e1 desde las <strong>12 de las ma\u00f1anas<\/strong> para ofrecer diversi\u00f3n para toda la familia con castillos hinchables y una zona especial para los peques jueguen mientras los padres toman algo.<\/p>\n<div><\/div>\n<div><a href=\"http:\/\/www.canarias.com\/blog\/wp-content\/uploads\/2015\/09\/60778_375352349220253_1562425661_n.jpg\"><img loading=\"lazy\" class=\"aligncenter size-medium wp-image-2772\" src=\"http:\/\/www.canarias.com\/blog\/wp-content\/uploads\/2015\/09\/60778_375352349220253_1562425661_n-300x300.jpg\" alt=\"60778_375352349220253_1562425661_n\" width=\"300\" height=\"300\" srcset=\"https:\/\/www.canarias.com\/blog\/wp-content\/uploads\/2015\/09\/60778_375352349220253_1562425661_n-300x300.jpg 300w, https:\/\/www.canarias.com\/blog\/wp-content\/uploads\/2015\/09\/60778_375352349220253_1562425661_n-510x510.jpg 510w, https:\/\/www.canarias.com\/blog\/wp-content\/uploads\/2015\/09\/60778_375352349220253_1562425661_n-144x144.jpg 144w, https:\/\/www.canarias.com\/blog\/wp-content\/uploads\/2015\/09\/60778_375352349220253_1562425661_n-150x150.jpg 150w, https:\/\/www.canarias.com\/blog\/wp-content\/uploads\/2015\/09\/60778_375352349220253_1562425661_n-200x200.jpg 200w, https:\/\/www.canarias.com\/blog\/wp-content\/uploads\/2015\/09\/60778_375352349220253_1562425661_n.jpg 531w\" sizes=\"(max-width: 300px) 100vw, 300px\" \/><\/a><\/div>\n<h3>Madrid del 24 al 27 de septiembre<\/h3>\n<p style=\"text-align: justify;\">La Fiesta de la Cerveza va a celebrar en el <strong>Barclaycard Center Madrid<\/strong>. Todav\u00eda est\u00e1s a tiempo para<strong><a href=\"http:\/\/madridoktoberfest.es\/2015\/reservar\/\"> reservar<\/a><\/strong> tu mesa para disfrutar la famosa cerveza <strong>Paulaner<\/strong> que van servir junto con la comida t\u00edpica alemana. La Paulaner empezaron a elaborarse en el siglo XVIII por monjes para aliviar su ayuno, y se alimentaban de cerveza, conocida entonces como el \u00abpan l\u00edquido\u00bb.<\/p>\n<h3>Barcelona del 2 al 11 de octubre<\/h3>\n<p style=\"text-align: justify;\">En Barcelona se celebra\u00a0el Oktoberfest en <strong>Plaza Universo<\/strong> de <strong>Fira Barcelona Montjuic<\/strong> (junto a Plaza Espa\u00f1a). La gran fiesta tendr\u00e1 <strong>acceso gratuito,<\/strong> sin embargo podr\u00e1s <strong><a href=\"http:\/\/www.oktoberfest-barcelona.es\/reservasmesas.html\">reservar<\/a><\/strong> tu mesa incluso para la zona VIP. En una Gran Carpa de m\u00e1s de 4.500 m2 estar\u00e1n\u00a0presentes\u00a0la M\u00fasica en directo con grupos b\u00e1varos y dj`s, \u00a0la comida tradicional y \u00a0atracciones para todas las edades.<\/p>\n","protected":false},"excerpt":{"rendered":"<p>Oktoberfest Espa\u00f1a 2015 Para celebrar la famosa fiesta de la cerveza la Oktoberfest no tienes que salir de Espa\u00f1a! Te hemos preparado una lista de ciudades d\u00f3nde van a organizar a lo grande este acontecimiento anual de Munich. Mira las fechas y seguro todav\u00eda podr\u00e1s encontrar un vuelo barato para disfrutar un fin de semana [&hellip;]<\/p>\n","protected":false},"author":1,"featured_media":2763,"comment_status":"open","ping_status":"open","sticky":false,"template":"","format":"standard","meta":[],"categories":[153,503,185,484,1],"tags":[486,485,488,490,489,487,83],"_links":{"self":[{"href":"https:\/\/www.canarias.com\/blog\/wp-json\/wp\/v2\/posts\/2756"}],"collection":[{"href":"https:\/\/www.canarias.com\/blog\/wp-json\/wp\/v2\/posts"}],"about":[{"href":"https:\/\/www.canarias.com\/blog\/wp-json\/wp\/v2\/types\/post"}],"author":[{"embeddable":true,"href":"https:\/\/www.canarias.com\/blog\/wp-json\/wp\/v2\/users\/1"}],"replies":[{"embeddable":true,"href":"https:\/\/www.canarias.com\/blog\/wp-json\/wp\/v2\/comments?post=2756"}],"version-history":[{"count":18,"href":"https:\/\/www.canarias.com\/blog\/wp-json\/wp\/v2\/posts\/2756\/revisions"}],"predecessor-version":[{"id":2797,"href":"https:\/\/www.canarias.com\/blog\/wp-json\/wp\/v2\/posts\/2756\/revisions\/2797"}],"wp:featuredmedia":[{"embeddable":true,"href":"https:\/\/www.canarias.com\/blog\/wp-json\/wp\/v2\/media\/2763"}],"wp:attachment":[{"href":"https:\/\/www.canarias.com\/blog\/wp-json\/wp\/v2\/media?parent=2756"}],"wp:term":[{"taxonomy":"category","embeddable":true,"href":"https:\/\/www.canarias.com\/blog\/wp-json\/wp\/v2\/categories?post=2756"},{"taxonomy":"post_tag","embeddable":true,"href":"https:\/\/www.canarias.com\/blog\/wp-json\/wp\/v2\/tags?post=2756"}],"curies":[{"name":"wp","href":"https:\/\/api.w.org\/{rel}","templated":true}]}}