{"id":2817,"date":"2015-09-29T17:04:52","date_gmt":"2015-09-29T17:04:52","guid":{"rendered":"http:\/\/www.canarias.com\/blog\/?p=2817"},"modified":"2015-10-27T19:20:51","modified_gmt":"2015-10-27T19:20:51","slug":"el_bajon","status":"publish","type":"post","link":"https:\/\/www.canarias.com\/blog\/el_bajon\/","title":{"rendered":"El Baj\u00f3n"},"content":{"rendered":"<p>En la isla de <a href=\"http:\/\/canarias.com\/hoteles\/espana\/el-hierro\">El Hierro<\/a>, Reserva Natural de la Biosfera, al suroeste del puerto de La\u00a0Restinga y a dos minutos de navegaci\u00f3n, se encuentra El Baj\u00f3n, el ed\u00e9n\u00a0submarino de los amantes del buceo.<\/p>\n<p>A unos pocos metros de la costa hallamos las insondables aguas del Oc\u00e9ano Atl\u00e1ntico, a la saz\u00f3n, en el Mar de las Calmas, desde la profundidad asciende\u00a0una monta\u00f1a submarina de dos gibas y un gran cr\u00e1ter central que alcanza los\u00a0nueve metros de profundidad, de extraordinaria vida marina y los m\u00e1s bellos y\u00a0fascinantes entornos acu\u00e1ticos, nos referimos a El Baj\u00f3n, considerado por la\u00a0mayor\u00eda de los amantes del buceo como el punto rey de la inmersi\u00f3n, lo que\u00a0adem\u00e1s lo convierte en un destino frecuente de los fot\u00f3grafos submarinos para el\u00a0popular certamen internacional Open Fotosub de <a href=\"http:\/\/canarias.com\/hoteles\/espana\/el-hierro\">El Hierro<\/a>.<\/p>\n<p><a href=\"http:\/\/www.canarias.com\/blog\/wp-content\/uploads\/2015\/09\/BuceoElBajon.jpg\"><img loading=\"lazy\" class=\"alignnone size-full wp-image-2818\" src=\"http:\/\/www.canarias.com\/blog\/wp-content\/uploads\/2015\/09\/BuceoElBajon.jpg\" alt=\"Buceo El Bajon\" width=\"720\" height=\"479\" srcset=\"https:\/\/www.canarias.com\/blog\/wp-content\/uploads\/2015\/09\/BuceoElBajon.jpg 720w, https:\/\/www.canarias.com\/blog\/wp-content\/uploads\/2015\/09\/BuceoElBajon-300x200.jpg 300w, https:\/\/www.canarias.com\/blog\/wp-content\/uploads\/2015\/09\/BuceoElBajon-510x339.jpg 510w, https:\/\/www.canarias.com\/blog\/wp-content\/uploads\/2015\/09\/BuceoElBajon-451x300.jpg 451w\" sizes=\"(max-width: 720px) 100vw, 720px\" \/><\/a><\/p>\n<p>El buzo encuentra en El baj\u00f3n un para\u00edso submarino, de singulares paredes\u00a0dispuestas en forma de cuchilla que en algunos tramos llegan a ser casi\u00a0completamente verticales, con corrientes muy suaves en algunos momentos y\u00a0muy fuertes en otros, de lo cual depender\u00e1 el recorrido a realizar y las especies\u00a0marinas que ser\u00e1n atra\u00eddas, las cuales constituyen el verdadero y colorido\u00a0espect\u00e1culo de esta inmersi\u00f3n, donde se pueden admirar gran diversidad de\u00a0especies encontr\u00e1ndose grandes bancos como el de las barracudas, los sargos\u00a0breados, morenas, rascacios y en sus grietas gran cantidad de alfonsitos y\u00a0pejeverdes y quiz\u00e1s ese sea el d\u00eda en que el rey de la inmersi\u00f3n se pueda coronar,\u00a0con el desfile de algunas maromas (Mobula mobular y Manta birrostris) y como\u00a0aconteci\u00f3 en 1.999, del m\u00edtico Tibur\u00f3n Ballena, para deleite del buceador.<\/p>\n<p>El Baj\u00f3n, un para\u00edso submarino en el Mar de Las Calmas para los amantes del\u00a0buceo.<\/p>\n","protected":false},"excerpt":{"rendered":"<p>En la isla de El Hierro, Reserva Natural de la Biosfera, al suroeste del puerto de La\u00a0Restinga y a dos minutos de navegaci\u00f3n, se encuentra El Baj\u00f3n, el ed\u00e9n\u00a0submarino de los amantes del buceo. A unos pocos metros de la costa hallamos las insondables aguas del Oc\u00e9ano Atl\u00e1ntico, a la saz\u00f3n, en el Mar de [&hellip;]<\/p>\n","protected":false},"author":1,"featured_media":2820,"comment_status":"open","ping_status":"open","sticky":false,"template":"","format":"standard","meta":[],"categories":[444],"tags":[512,312,441,511],"_links":{"self":[{"href":"https:\/\/www.canarias.com\/blog\/wp-json\/wp\/v2\/posts\/2817"}],"collection":[{"href":"https:\/\/www.canarias.com\/blog\/wp-json\/wp\/v2\/posts"}],"about":[{"href":"https:\/\/www.canarias.com\/blog\/wp-json\/wp\/v2\/types\/post"}],"author":[{"embeddable":true,"href":"https:\/\/www.canarias.com\/blog\/wp-json\/wp\/v2\/users\/1"}],"replies":[{"embeddable":true,"href":"https:\/\/www.canarias.com\/blog\/wp-json\/wp\/v2\/comments?post=2817"}],"version-history":[{"count":1,"href":"https:\/\/www.canarias.com\/blog\/wp-json\/wp\/v2\/posts\/2817\/revisions"}],"predecessor-version":[{"id":2821,"href":"https:\/\/www.canarias.com\/blog\/wp-json\/wp\/v2\/posts\/2817\/revisions\/2821"}],"wp:featuredmedia":[{"embeddable":true,"href":"https:\/\/www.canarias.com\/blog\/wp-json\/wp\/v2\/media\/2820"}],"wp:attachment":[{"href":"https:\/\/www.canarias.com\/blog\/wp-json\/wp\/v2\/media?parent=2817"}],"wp:term":[{"taxonomy":"category","embeddable":true,"href":"https:\/\/www.canarias.com\/blog\/wp-json\/wp\/v2\/categories?post=2817"},{"taxonomy":"post_tag","embeddable":true,"href":"https:\/\/www.canarias.com\/blog\/wp-json\/wp\/v2\/tags?post=2817"}],"curies":[{"name":"wp","href":"https:\/\/api.w.org\/{rel}","templated":true}]}}