{"id":2822,"date":"2015-10-01T17:28:54","date_gmt":"2015-10-01T17:28:54","guid":{"rendered":"http:\/\/www.canarias.com\/blog\/?p=2822"},"modified":"2015-10-27T19:19:51","modified_gmt":"2015-10-27T19:19:51","slug":"el-mirador-de-abrante","status":"publish","type":"post","link":"https:\/\/www.canarias.com\/blog\/el-mirador-de-abrante\/","title":{"rendered":"El Mirador de Abrante"},"content":{"rendered":"<p>El Mirador de Abrante Una asombrosa y espectacular vista que produce la\u00a0sensaci\u00f3n \u00fanica de estar en la cima del cielo.<\/p>\n<p>A nuestros pies el pueblo de Agulo con El Charco, Las Casas y La Monta\u00f1eta y en\u00a0el horizonte, el hermoso Oc\u00e9ano Atl\u00e1ntico con la isla de <a href=\"http:\/\/www.canarias.com\/hoteles\/espana\/tenerife\">Tenerife<\/a> a lo lejos y su\u00a0Teide alz\u00e1ndose imponente, bajo las encantadas y absortas miradas de todos los\u00a0presentes.<\/p>\n<p>El Mirador de Abrante est\u00e1 ubicado a 620 metros sobre el nivel del mar, en la isla\u00a0de <a href=\"http:\/\/www.canarias.com\/hoteles\/espana\/la-gomera\">La Gomera<\/a>, Municipio de Agulo, en la c\u00faspide del risco de Abrante, raz\u00f3n de su\u00a0nombre, al filo de un impresionante acantilado con un declive vertical de 200\u00a0metros, todo un espect\u00e1culo para los amantes de las alturas y de adrenalina y\u00a0sobresalto para los que sufren de v\u00e9rtigo.<\/p>\n<p>La originalidad de este mirador es la cornisa situada sobre el vac\u00edo, de\u00a0aproximadamente siete metros, con el piso y las paredes de vidrio estructural, todo\u00a0un reto de arquitectura y construcci\u00f3n dise\u00f1ado por el arquitecto canario Jos\u00e9 Luis\u00a0Bermejo, y obra que ha sido nominada para los premios Buliding of the Year y es\u00a0referencia obligada de la arquitectura mundial.<\/p>\n<p><a href=\"http:\/\/www.canarias.com\/blog\/wp-content\/uploads\/2015\/10\/Mirador-de-Abrante.jpg\"><img loading=\"lazy\" class=\"alignnone size-full wp-image-2824\" src=\"http:\/\/www.canarias.com\/blog\/wp-content\/uploads\/2015\/10\/Mirador-de-Abrante.jpg\" alt=\"Mirador de Abrante La Gomera\" width=\"600\" height=\"450\" srcset=\"https:\/\/www.canarias.com\/blog\/wp-content\/uploads\/2015\/10\/Mirador-de-Abrante.jpg 600w, https:\/\/www.canarias.com\/blog\/wp-content\/uploads\/2015\/10\/Mirador-de-Abrante-300x225.jpg 300w, https:\/\/www.canarias.com\/blog\/wp-content\/uploads\/2015\/10\/Mirador-de-Abrante-510x383.jpg 510w, https:\/\/www.canarias.com\/blog\/wp-content\/uploads\/2015\/10\/Mirador-de-Abrante-400x300.jpg 400w\" sizes=\"(max-width: 600px) 100vw, 600px\" \/><\/a><\/p>\n<p>Dispone en su interior de un recinto de informaci\u00f3n tur\u00edstica y de un acogedor\u00a0restaurante en donde podemos degustar de exquisitos platos acompa\u00f1ados de\u00a0una delicada copa de vino de la regi\u00f3n, mientras admiramos el hermoso panorama\u00a0a trav\u00e9s de sus cristales.<\/p>\n<p>Cuenta adem\u00e1s con jardines exteriores desde donde podemos observar el\u00a0imponente paisaje mientras disfrutamos de una cerveza y bandejillas para picoteo\u00a0en un rato de amena tertulia con amigos o visitantes del lugar.<\/p>\n<p>El Mirador de Abrante, referencia tur\u00edstica de Canarias para el mundo\u2026<\/p>\n","protected":false},"excerpt":{"rendered":"<p>El Mirador de Abrante Una asombrosa y espectacular vista que produce la\u00a0sensaci\u00f3n \u00fanica de estar en la cima del cielo. A nuestros pies el pueblo de Agulo con El Charco, Las Casas y La Monta\u00f1eta y en\u00a0el horizonte, el hermoso Oc\u00e9ano Atl\u00e1ntico con la isla de Tenerife a lo lejos y su\u00a0Teide alz\u00e1ndose imponente, bajo [&hellip;]<\/p>\n","protected":false},"author":1,"featured_media":2823,"comment_status":"open","ping_status":"open","sticky":false,"template":"","format":"standard","meta":[],"categories":[386],"tags":[510,312,387],"_links":{"self":[{"href":"https:\/\/www.canarias.com\/blog\/wp-json\/wp\/v2\/posts\/2822"}],"collection":[{"href":"https:\/\/www.canarias.com\/blog\/wp-json\/wp\/v2\/posts"}],"about":[{"href":"https:\/\/www.canarias.com\/blog\/wp-json\/wp\/v2\/types\/post"}],"author":[{"embeddable":true,"href":"https:\/\/www.canarias.com\/blog\/wp-json\/wp\/v2\/users\/1"}],"replies":[{"embeddable":true,"href":"https:\/\/www.canarias.com\/blog\/wp-json\/wp\/v2\/comments?post=2822"}],"version-history":[{"count":2,"href":"https:\/\/www.canarias.com\/blog\/wp-json\/wp\/v2\/posts\/2822\/revisions"}],"predecessor-version":[{"id":2993,"href":"https:\/\/www.canarias.com\/blog\/wp-json\/wp\/v2\/posts\/2822\/revisions\/2993"}],"wp:featuredmedia":[{"embeddable":true,"href":"https:\/\/www.canarias.com\/blog\/wp-json\/wp\/v2\/media\/2823"}],"wp:attachment":[{"href":"https:\/\/www.canarias.com\/blog\/wp-json\/wp\/v2\/media?parent=2822"}],"wp:term":[{"taxonomy":"category","embeddable":true,"href":"https:\/\/www.canarias.com\/blog\/wp-json\/wp\/v2\/categories?post=2822"},{"taxonomy":"post_tag","embeddable":true,"href":"https:\/\/www.canarias.com\/blog\/wp-json\/wp\/v2\/tags?post=2822"}],"curies":[{"name":"wp","href":"https:\/\/api.w.org\/{rel}","templated":true}]}}