{"id":2877,"date":"2015-10-15T20:40:19","date_gmt":"2015-10-15T20:40:19","guid":{"rendered":"http:\/\/www.canarias.com\/blog\/?p=2877"},"modified":"2015-10-27T19:14:44","modified_gmt":"2015-10-27T19:14:44","slug":"12-razones-para-visitar-espana","status":"publish","type":"post","link":"https:\/\/www.canarias.com\/blog\/12-razones-para-visitar-espana\/","title":{"rendered":"12 Razones para visitar Espa\u00f1a"},"content":{"rendered":"<p>Espa\u00f1a, una de las regiones m\u00e1s hermosas del mundo, rodeada casi en su\u00a0totalidad por dos mares y un oc\u00e9ano, con un sinf\u00edn de razones para visitarla\u2026<\/p>\n<p>Descubramos juntos algunas de ellas:<\/p>\n<h3>1. Exuberantes y magn\u00edficas ciudades<\/h3>\n<p>Dos ejemplos: Madrid y Barcelona\u2026que rivalizan en belleza y cultura<\/p>\n<p><a href=\"http:\/\/www.canarias.com\/blog\/wp-content\/uploads\/2015\/10\/Madrid.jpg\"><img loading=\"lazy\" class=\"alignnone size-full wp-image-2878\" src=\"http:\/\/www.canarias.com\/blog\/wp-content\/uploads\/2015\/10\/Madrid.jpg\" alt=\"Madrid\" width=\"660\" height=\"365\" srcset=\"https:\/\/www.canarias.com\/blog\/wp-content\/uploads\/2015\/10\/Madrid.jpg 660w, https:\/\/www.canarias.com\/blog\/wp-content\/uploads\/2015\/10\/Madrid-300x166.jpg 300w, https:\/\/www.canarias.com\/blog\/wp-content\/uploads\/2015\/10\/Madrid-510x282.jpg 510w, https:\/\/www.canarias.com\/blog\/wp-content\/uploads\/2015\/10\/Madrid-500x277.jpg 500w\" sizes=\"(max-width: 660px) 100vw, 660px\" \/><\/a>\u00a0<a href=\"http:\/\/www.canarias.com\/blog\/wp-content\/uploads\/2015\/10\/Barcelona.jpg\"><img loading=\"lazy\" class=\"alignnone wp-image-2879\" src=\"http:\/\/www.canarias.com\/blog\/wp-content\/uploads\/2015\/10\/Barcelona-510x353.jpg\" alt=\"Barcelona\" width=\"527\" height=\"365\" srcset=\"https:\/\/www.canarias.com\/blog\/wp-content\/uploads\/2015\/10\/Barcelona-510x353.jpg 510w, https:\/\/www.canarias.com\/blog\/wp-content\/uploads\/2015\/10\/Barcelona-300x208.jpg 300w, https:\/\/www.canarias.com\/blog\/wp-content\/uploads\/2015\/10\/Barcelona-433x300.jpg 433w, https:\/\/www.canarias.com\/blog\/wp-content\/uploads\/2015\/10\/Barcelona.jpg 638w\" sizes=\"(max-width: 527px) 100vw, 527px\" \/><\/a><\/p>\n<h3>2. La magia de sus villas medievales llenas de historia<\/h3>\n<p>Como Ayna (Albacete) conocida popularmente en esta localidad como la\u00a0<em><strong>Suiza de\u00a0La Mancha<\/strong><\/em>.<\/p>\n<p><a href=\"http:\/\/www.canarias.com\/blog\/wp-content\/uploads\/2015\/10\/Ayna.jpg\"><img loading=\"lazy\" class=\"alignnone wp-image-2880\" src=\"http:\/\/www.canarias.com\/blog\/wp-content\/uploads\/2015\/10\/Ayna.jpg\" alt=\"Ayna\" width=\"509\" height=\"268\" srcset=\"https:\/\/www.canarias.com\/blog\/wp-content\/uploads\/2015\/10\/Ayna.jpg 450w, https:\/\/www.canarias.com\/blog\/wp-content\/uploads\/2015\/10\/Ayna-300x158.jpg 300w\" sizes=\"(max-width: 509px) 100vw, 509px\" \/><\/a><\/p>\n<p>Y Besal\u00fa (Gerona) Con su gran arquitectura medieval excelentemente\u00a0conservada.<\/p>\n<p><a href=\"http:\/\/www.canarias.com\/blog\/wp-content\/uploads\/2015\/10\/Besalu.jpg\"><img loading=\"lazy\" class=\"alignnone size-large wp-image-2881\" src=\"http:\/\/www.canarias.com\/blog\/wp-content\/uploads\/2015\/10\/Besalu-510x287.jpg\" alt=\"Besalu\" width=\"510\" height=\"287\" srcset=\"https:\/\/www.canarias.com\/blog\/wp-content\/uploads\/2015\/10\/Besalu-510x287.jpg 510w, https:\/\/www.canarias.com\/blog\/wp-content\/uploads\/2015\/10\/Besalu-300x169.jpg 300w, https:\/\/www.canarias.com\/blog\/wp-content\/uploads\/2015\/10\/Besalu-500x281.jpg 500w, https:\/\/www.canarias.com\/blog\/wp-content\/uploads\/2015\/10\/Besalu.jpg 644w\" sizes=\"(max-width: 510px) 100vw, 510px\" \/><\/a><\/p>\n<h3>3. Sin dejar de lado sus encantadores pueblos<\/h3>\n<p>Muestra de ellos son Cudillero en Asturias y Mijas<\/p>\n<p><a href=\"http:\/\/www.canarias.com\/blog\/wp-content\/uploads\/2015\/10\/Cudillero.jpg\"><img loading=\"lazy\" class=\"alignnone wp-image-2882\" src=\"http:\/\/www.canarias.com\/blog\/wp-content\/uploads\/2015\/10\/Cudillero-300x201.jpg\" alt=\"Cudillero\" width=\"379\" height=\"254\" srcset=\"https:\/\/www.canarias.com\/blog\/wp-content\/uploads\/2015\/10\/Cudillero-300x201.jpg 300w, https:\/\/www.canarias.com\/blog\/wp-content\/uploads\/2015\/10\/Cudillero-510x342.jpg 510w, https:\/\/www.canarias.com\/blog\/wp-content\/uploads\/2015\/10\/Cudillero-448x300.jpg 448w, https:\/\/www.canarias.com\/blog\/wp-content\/uploads\/2015\/10\/Cudillero-900x603.jpg 900w, https:\/\/www.canarias.com\/blog\/wp-content\/uploads\/2015\/10\/Cudillero.jpg 1024w\" sizes=\"(max-width: 379px) 100vw, 379px\" \/><\/a>\u00a0<a href=\"http:\/\/www.canarias.com\/blog\/wp-content\/uploads\/2015\/10\/Mijas.jpg\"><img loading=\"lazy\" class=\"alignnone size-large wp-image-2883\" src=\"http:\/\/www.canarias.com\/blog\/wp-content\/uploads\/2015\/10\/Mijas-510x255.jpg\" alt=\"Mijas\" width=\"510\" height=\"255\" srcset=\"https:\/\/www.canarias.com\/blog\/wp-content\/uploads\/2015\/10\/Mijas-510x255.jpg 510w, https:\/\/www.canarias.com\/blog\/wp-content\/uploads\/2015\/10\/Mijas-300x150.jpg 300w, https:\/\/www.canarias.com\/blog\/wp-content\/uploads\/2015\/10\/Mijas.jpg 600w, https:\/\/www.canarias.com\/blog\/wp-content\/uploads\/2015\/10\/Mijas-500x250.jpg 500w\" sizes=\"(max-width: 510px) 100vw, 510px\" \/><\/a><\/p>\n<h3>4. Dos mares y un oc\u00e9ano que le otorgan\u00a0extraordinarias y bell\u00edsimas playas<\/h3>\n<p>Como por ejemplo la Playa de La Concha en Fuerteventura<\/p>\n<p><a href=\"http:\/\/www.canarias.com\/blog\/wp-content\/uploads\/2015\/09\/PlayaCotilloFuerteventura.jpg\"><img loading=\"lazy\" class=\"alignnone wp-image-2814\" src=\"http:\/\/www.canarias.com\/blog\/wp-content\/uploads\/2015\/09\/PlayaCotilloFuerteventura.jpg\" alt=\"Playa La Concha (El Cotillo) Fuerteventura\" width=\"900\" height=\"176\" srcset=\"https:\/\/www.canarias.com\/blog\/wp-content\/uploads\/2015\/09\/PlayaCotilloFuerteventura.jpg 1120w, https:\/\/www.canarias.com\/blog\/wp-content\/uploads\/2015\/09\/PlayaCotilloFuerteventura-300x59.jpg 300w, https:\/\/www.canarias.com\/blog\/wp-content\/uploads\/2015\/09\/PlayaCotilloFuerteventura-510x100.jpg 510w, https:\/\/www.canarias.com\/blog\/wp-content\/uploads\/2015\/09\/PlayaCotilloFuerteventura-500x98.jpg 500w, https:\/\/www.canarias.com\/blog\/wp-content\/uploads\/2015\/09\/PlayaCotilloFuerteventura-900x176.jpg 900w\" sizes=\"(max-width: 900px) 100vw, 900px\" \/><\/a><\/p>\n<p>Y Cala D\u00b4Hort en Ibiza<\/p>\n<p><a href=\"http:\/\/www.canarias.com\/blog\/wp-content\/uploads\/2015\/10\/caladhort.jpg\"><img loading=\"lazy\" class=\"alignnone size-large wp-image-2841\" src=\"http:\/\/www.canarias.com\/blog\/wp-content\/uploads\/2015\/10\/caladhort-510x331.jpg\" alt=\"Cala D'Hort\" width=\"510\" height=\"331\" srcset=\"https:\/\/www.canarias.com\/blog\/wp-content\/uploads\/2015\/10\/caladhort-510x331.jpg 510w, https:\/\/www.canarias.com\/blog\/wp-content\/uploads\/2015\/10\/caladhort-300x195.jpg 300w, https:\/\/www.canarias.com\/blog\/wp-content\/uploads\/2015\/10\/caladhort-462x300.jpg 462w, https:\/\/www.canarias.com\/blog\/wp-content\/uploads\/2015\/10\/caladhort.jpg 800w\" sizes=\"(max-width: 510px) 100vw, 510px\" \/><\/a><\/p>\n<h3>5. Parques Naturales de hermos\u00edsimos paisajes<\/h3>\n<p>\u00bfDos de ellos? Parque Nacional del Teide en Canarias y el Parque Nacional de la\u00a0Sierra de Guadarrama, Madrid y Castilla y Le\u00f3n<\/p>\n<p><a href=\"http:\/\/www.canarias.com\/blog\/wp-content\/uploads\/2015\/10\/SierraGuadarrama.jpg\"><img loading=\"lazy\" class=\"alignnone wp-image-2885\" src=\"http:\/\/www.canarias.com\/blog\/wp-content\/uploads\/2015\/10\/Teide.jpg\" alt=\"Teide\" width=\"557\" height=\"372\" srcset=\"https:\/\/www.canarias.com\/blog\/wp-content\/uploads\/2015\/10\/Teide.jpg 800w, https:\/\/www.canarias.com\/blog\/wp-content\/uploads\/2015\/10\/Teide-300x200.jpg 300w, https:\/\/www.canarias.com\/blog\/wp-content\/uploads\/2015\/10\/Teide-510x340.jpg 510w, https:\/\/www.canarias.com\/blog\/wp-content\/uploads\/2015\/10\/Teide-449x300.jpg 449w\" sizes=\"(max-width: 557px) 100vw, 557px\" \/> <\/a><a href=\"http:\/\/www.canarias.com\/blog\/wp-content\/uploads\/2015\/10\/SierraGuadarrama.jpg\"><img loading=\"lazy\" class=\"alignnone wp-image-2884\" src=\"http:\/\/www.canarias.com\/blog\/wp-content\/uploads\/2015\/10\/SierraGuadarrama.jpg\" alt=\"SierraGuadarrama\" width=\"561\" height=\"372\" srcset=\"https:\/\/www.canarias.com\/blog\/wp-content\/uploads\/2015\/10\/SierraGuadarrama.jpg 570w, https:\/\/www.canarias.com\/blog\/wp-content\/uploads\/2015\/10\/SierraGuadarrama-300x199.jpg 300w, https:\/\/www.canarias.com\/blog\/wp-content\/uploads\/2015\/10\/SierraGuadarrama-510x338.jpg 510w, https:\/\/www.canarias.com\/blog\/wp-content\/uploads\/2015\/10\/SierraGuadarrama-452x300.jpg 452w\" sizes=\"(max-width: 561px) 100vw, 561px\" \/><\/a><\/p>\n<h3>6. Disfrutar su rica y suculenta cocina\u2026<\/h3>\n<p>Tal como su internacionalmente conocida paella valenciana y su exquisito jam\u00f3n\u00a0ib\u00e9rico o jam\u00f3n serrano<\/p>\n<p><a href=\"http:\/\/www.canarias.com\/blog\/wp-content\/uploads\/2015\/10\/Paella.jpg\"><img loading=\"lazy\" class=\"alignnone wp-image-2887\" src=\"http:\/\/www.canarias.com\/blog\/wp-content\/uploads\/2015\/10\/Paella-510x326.jpg\" alt=\"Paella\" width=\"476\" height=\"304\" srcset=\"https:\/\/www.canarias.com\/blog\/wp-content\/uploads\/2015\/10\/Paella-510x326.jpg 510w, https:\/\/www.canarias.com\/blog\/wp-content\/uploads\/2015\/10\/Paella-300x192.jpg 300w, https:\/\/www.canarias.com\/blog\/wp-content\/uploads\/2015\/10\/Paella-469x300.jpg 469w, https:\/\/www.canarias.com\/blog\/wp-content\/uploads\/2015\/10\/Paella.jpg 640w\" sizes=\"(max-width: 476px) 100vw, 476px\" \/><\/a>\u00a0<a href=\"http:\/\/www.canarias.com\/blog\/wp-content\/uploads\/2015\/10\/JamonSerrano.jpg\"><img loading=\"lazy\" class=\"alignnone wp-image-2886\" src=\"http:\/\/www.canarias.com\/blog\/wp-content\/uploads\/2015\/10\/JamonSerrano.jpg\" alt=\"JamonSerrano\" width=\"379\" height=\"305\" srcset=\"https:\/\/www.canarias.com\/blog\/wp-content\/uploads\/2015\/10\/JamonSerrano.jpg 384w, https:\/\/www.canarias.com\/blog\/wp-content\/uploads\/2015\/10\/JamonSerrano-300x241.jpg 300w, https:\/\/www.canarias.com\/blog\/wp-content\/uploads\/2015\/10\/JamonSerrano-373x300.jpg 373w\" sizes=\"(max-width: 379px) 100vw, 379px\" \/><\/a><\/p>\n<h3>7. Salir de \u201ctapas\u201d, un concepto muy propio<\/h3>\n<p><a href=\"http:\/\/www.canarias.com\/blog\/wp-content\/uploads\/2015\/10\/tapas-y-vinos.jpg\"><img loading=\"lazy\" class=\"alignnone size-medium wp-image-2888\" src=\"http:\/\/www.canarias.com\/blog\/wp-content\/uploads\/2015\/10\/tapas-y-vinos-214x300.jpg\" alt=\"tapas-y-vinos\" width=\"214\" height=\"300\" srcset=\"https:\/\/www.canarias.com\/blog\/wp-content\/uploads\/2015\/10\/tapas-y-vinos-214x300.jpg 214w, https:\/\/www.canarias.com\/blog\/wp-content\/uploads\/2015\/10\/tapas-y-vinos-510x715.jpg 510w, https:\/\/www.canarias.com\/blog\/wp-content\/uploads\/2015\/10\/tapas-y-vinos.jpg 800w\" sizes=\"(max-width: 214px) 100vw, 214px\" \/><\/a><\/p>\n<h3>8. Y degustar sus exquisitos vinos\u2026<\/h3>\n<p><a href=\"http:\/\/www.canarias.com\/blog\/wp-content\/uploads\/2015\/10\/vinoteca-.jpg\"><img loading=\"lazy\" class=\"alignnone size-medium wp-image-2889\" src=\"http:\/\/www.canarias.com\/blog\/wp-content\/uploads\/2015\/10\/vinoteca--300x266.jpg\" alt=\"vinoteca-\" width=\"300\" height=\"266\" srcset=\"https:\/\/www.canarias.com\/blog\/wp-content\/uploads\/2015\/10\/vinoteca--300x266.jpg 300w, https:\/\/www.canarias.com\/blog\/wp-content\/uploads\/2015\/10\/vinoteca--510x452.jpg 510w, https:\/\/www.canarias.com\/blog\/wp-content\/uploads\/2015\/10\/vinoteca--338x300.jpg 338w, https:\/\/www.canarias.com\/blog\/wp-content\/uploads\/2015\/10\/vinoteca-.jpg 874w\" sizes=\"(max-width: 300px) 100vw, 300px\" \/><\/a><\/p>\n<h3>9. Con su pasional Flamenco<\/h3>\n<p><a href=\"http:\/\/www.canarias.com\/blog\/wp-content\/uploads\/2015\/10\/Flamenco.jpg\"><img loading=\"lazy\" class=\"alignnone size-medium wp-image-2890\" src=\"http:\/\/www.canarias.com\/blog\/wp-content\/uploads\/2015\/10\/Flamenco-300x298.jpg\" alt=\"Flamenco\" width=\"300\" height=\"298\" srcset=\"https:\/\/www.canarias.com\/blog\/wp-content\/uploads\/2015\/10\/Flamenco-300x298.jpg 300w, https:\/\/www.canarias.com\/blog\/wp-content\/uploads\/2015\/10\/Flamenco-144x144.jpg 144w, https:\/\/www.canarias.com\/blog\/wp-content\/uploads\/2015\/10\/Flamenco-150x150.jpg 150w, https:\/\/www.canarias.com\/blog\/wp-content\/uploads\/2015\/10\/Flamenco-200x200.jpg 200w, https:\/\/www.canarias.com\/blog\/wp-content\/uploads\/2015\/10\/Flamenco.jpg 302w\" sizes=\"(max-width: 300px) 100vw, 300px\" \/><\/a><\/p>\n<h3>10.\u00a0Famosos museos que albergan excelent\u00edsimas obras\u00a0de arte<\/h3>\n<p>Como el Museo del Prado, en Madrid<\/p>\n<p><a href=\"http:\/\/www.canarias.com\/blog\/wp-content\/uploads\/2015\/10\/MuseodelPrado.jpg\"><img loading=\"lazy\" class=\"alignnone size-large wp-image-2891\" src=\"http:\/\/www.canarias.com\/blog\/wp-content\/uploads\/2015\/10\/MuseodelPrado-510x289.jpg\" alt=\"MuseodelPrado\" width=\"510\" height=\"289\" srcset=\"https:\/\/www.canarias.com\/blog\/wp-content\/uploads\/2015\/10\/MuseodelPrado-510x289.jpg 510w, https:\/\/www.canarias.com\/blog\/wp-content\/uploads\/2015\/10\/MuseodelPrado-300x170.jpg 300w, https:\/\/www.canarias.com\/blog\/wp-content\/uploads\/2015\/10\/MuseodelPrado-500x284.jpg 500w, https:\/\/www.canarias.com\/blog\/wp-content\/uploads\/2015\/10\/MuseodelPrado-900x511.jpg 900w, https:\/\/www.canarias.com\/blog\/wp-content\/uploads\/2015\/10\/MuseodelPrado.jpg 1600w\" sizes=\"(max-width: 510px) 100vw, 510px\" \/><\/a><\/p>\n<h3>11.\u00a0Extraordinarias Catedrales y mezquitas<\/h3>\n<p>La espectacular Catedral La Sagrada Familia en Barcelona<\/p>\n<p><a href=\"http:\/\/www.canarias.com\/blog\/wp-content\/uploads\/2015\/10\/Sagrada-Familia.jpeg\"><img loading=\"lazy\" class=\"alignnone size-large wp-image-2892\" src=\"http:\/\/www.canarias.com\/blog\/wp-content\/uploads\/2015\/10\/Sagrada-Familia-510x383.jpeg\" alt=\"Sagrada-Familia\" width=\"510\" height=\"383\" srcset=\"https:\/\/www.canarias.com\/blog\/wp-content\/uploads\/2015\/10\/Sagrada-Familia-510x383.jpeg 510w, https:\/\/www.canarias.com\/blog\/wp-content\/uploads\/2015\/10\/Sagrada-Familia-300x225.jpeg 300w, https:\/\/www.canarias.com\/blog\/wp-content\/uploads\/2015\/10\/Sagrada-Familia-400x300.jpeg 400w, https:\/\/www.canarias.com\/blog\/wp-content\/uploads\/2015\/10\/Sagrada-Familia-900x675.jpeg 900w, https:\/\/www.canarias.com\/blog\/wp-content\/uploads\/2015\/10\/Sagrada-Familia.jpeg 1920w\" sizes=\"(max-width: 510px) 100vw, 510px\" \/><\/a><\/p>\n<p>y la Gran Mezquita de C\u00f3rdoba<\/p>\n<p><a href=\"http:\/\/www.canarias.com\/blog\/wp-content\/uploads\/2015\/10\/Mezquita.jpg\"><img loading=\"lazy\" class=\"alignnone size-large wp-image-2893\" src=\"http:\/\/www.canarias.com\/blog\/wp-content\/uploads\/2015\/10\/Mezquita-510x344.jpg\" alt=\"Mezquita\" width=\"510\" height=\"344\" srcset=\"https:\/\/www.canarias.com\/blog\/wp-content\/uploads\/2015\/10\/Mezquita-510x344.jpg 510w, https:\/\/www.canarias.com\/blog\/wp-content\/uploads\/2015\/10\/Mezquita-300x203.jpg 300w, https:\/\/www.canarias.com\/blog\/wp-content\/uploads\/2015\/10\/Mezquita-444x300.jpg 444w, https:\/\/www.canarias.com\/blog\/wp-content\/uploads\/2015\/10\/Mezquita.jpg 800w\" sizes=\"(max-width: 510px) 100vw, 510px\" \/><\/a><\/p>\n<h3>12.\u00a0M\u00e1gicos parques de fantas\u00eda<\/h3>\n<p>Como el incre\u00edble Parque G\u00fcell que parece de un cuento de hadas.<\/p>\n<p><a href=\"http:\/\/www.canarias.com\/blog\/wp-content\/uploads\/2015\/10\/ParqueGuell.jpg\"><img loading=\"lazy\" class=\"alignnone size-large wp-image-2894\" src=\"http:\/\/www.canarias.com\/blog\/wp-content\/uploads\/2015\/10\/ParqueGuell-510x287.jpg\" alt=\"ParqueGuell\" width=\"510\" height=\"287\" srcset=\"https:\/\/www.canarias.com\/blog\/wp-content\/uploads\/2015\/10\/ParqueGuell-510x287.jpg 510w, https:\/\/www.canarias.com\/blog\/wp-content\/uploads\/2015\/10\/ParqueGuell-300x169.jpg 300w, https:\/\/www.canarias.com\/blog\/wp-content\/uploads\/2015\/10\/ParqueGuell-500x281.jpg 500w, https:\/\/www.canarias.com\/blog\/wp-content\/uploads\/2015\/10\/ParqueGuell-900x506.jpg 900w, https:\/\/www.canarias.com\/blog\/wp-content\/uploads\/2015\/10\/ParqueGuell.jpg 1920w\" sizes=\"(max-width: 510px) 100vw, 510px\" \/><\/a><\/p>\n<h3 style=\"text-align: center;\">\u00bfY t\u00fa, tienes m\u00e1s razones? \u00a1Comp\u00e1rtelas con\u00a0nosotros!<\/h3>\n","protected":false},"excerpt":{"rendered":"<p>Espa\u00f1a, una de las regiones m\u00e1s hermosas del mundo, rodeada casi en su\u00a0totalidad por dos mares y un oc\u00e9ano, con un sinf\u00edn de razones para visitarla\u2026 Descubramos juntos algunas de ellas: 1. Exuberantes y magn\u00edficas ciudades Dos ejemplos: Madrid y Barcelona\u2026que rivalizan en belleza y cultura \u00a0 2. La magia de sus villas medievales llenas [&hellip;]<\/p>\n","protected":false},"author":1,"featured_media":2895,"comment_status":"open","ping_status":"open","sticky":false,"template":"","format":"standard","meta":[],"categories":[252,501,290,498],"tags":[508,32,317],"_links":{"self":[{"href":"https:\/\/www.canarias.com\/blog\/wp-json\/wp\/v2\/posts\/2877"}],"collection":[{"href":"https:\/\/www.canarias.com\/blog\/wp-json\/wp\/v2\/posts"}],"about":[{"href":"https:\/\/www.canarias.com\/blog\/wp-json\/wp\/v2\/types\/post"}],"author":[{"embeddable":true,"href":"https:\/\/www.canarias.com\/blog\/wp-json\/wp\/v2\/users\/1"}],"replies":[{"embeddable":true,"href":"https:\/\/www.canarias.com\/blog\/wp-json\/wp\/v2\/comments?post=2877"}],"version-history":[{"count":1,"href":"https:\/\/www.canarias.com\/blog\/wp-json\/wp\/v2\/posts\/2877\/revisions"}],"predecessor-version":[{"id":2896,"href":"https:\/\/www.canarias.com\/blog\/wp-json\/wp\/v2\/posts\/2877\/revisions\/2896"}],"wp:featuredmedia":[{"embeddable":true,"href":"https:\/\/www.canarias.com\/blog\/wp-json\/wp\/v2\/media\/2895"}],"wp:attachment":[{"href":"https:\/\/www.canarias.com\/blog\/wp-json\/wp\/v2\/media?parent=2877"}],"wp:term":[{"taxonomy":"category","embeddable":true,"href":"https:\/\/www.canarias.com\/blog\/wp-json\/wp\/v2\/categories?post=2877"},{"taxonomy":"post_tag","embeddable":true,"href":"https:\/\/www.canarias.com\/blog\/wp-json\/wp\/v2\/tags?post=2877"}],"curies":[{"name":"wp","href":"https:\/\/api.w.org\/{rel}","templated":true}]}}