{"id":3041,"date":"2015-11-10T22:09:19","date_gmt":"2015-11-10T22:09:19","guid":{"rendered":"http:\/\/www.canarias.com\/blog\/?p=3041"},"modified":"2015-11-10T22:09:19","modified_gmt":"2015-11-10T22:09:19","slug":"black-friday-2015","status":"publish","type":"post","link":"https:\/\/www.canarias.com\/blog\/black-friday-2015\/","title":{"rendered":"Black Friday 2015"},"content":{"rendered":"<h2>Black Friday 2015<\/h2>\n<p style=\"text-align: justify;\">\u00a1Prepara el bolsillo porque el d\u00eda<strong> 27 de Noviembre<\/strong> nos vamos de compras!<\/p>\n<div><a href=\"http:\/\/www.canarias.com\/blog\/wp-content\/uploads\/2015\/11\/black-friday-petropolis__.jpg\"><img loading=\"lazy\" class=\"aligncenter wp-image-3043\" src=\"http:\/\/www.canarias.com\/blog\/wp-content\/uploads\/2015\/11\/black-friday-petropolis__-300x225.jpg\" alt=\"black-friday\" width=\"338\" height=\"253\" srcset=\"https:\/\/www.canarias.com\/blog\/wp-content\/uploads\/2015\/11\/black-friday-petropolis__-300x225.jpg 300w, https:\/\/www.canarias.com\/blog\/wp-content\/uploads\/2015\/11\/black-friday-petropolis__-510x383.jpg 510w, https:\/\/www.canarias.com\/blog\/wp-content\/uploads\/2015\/11\/black-friday-petropolis__-400x300.jpg 400w, https:\/\/www.canarias.com\/blog\/wp-content\/uploads\/2015\/11\/black-friday-petropolis__.jpg 800w\" sizes=\"(max-width: 338px) 100vw, 338px\" \/><\/a><\/div>\n<div><\/div>\n<p style=\"text-align: justify;\">\u00bfQu\u00e9 es el<strong> Black Friday<\/strong>? Es el d\u00eda de los grandes <strong>descuentos<\/strong> &#8211; el viernes negro inaugura la temporada de <strong>compras navide\u00f1as,<\/strong>\u00a0se celebra el \u00faltimo viernes del mes de noviembre, siempre tras el <a href=\"https:\/\/es.wikipedia.org\/wiki\/D%C3%ADa_de_Acci%C3%B3n_de_Gracias\">D\u00eda de Acci\u00f3n de Gracias<\/a>. Las tiendas ofrecen <strong>descuentos muy altos <\/strong>para liberar la mercanc\u00eda que les ha quedado a lo largo del a\u00f1o. Es un evento que comenz\u00f3 originalmente en Norteam\u00e9rica especialmente en Estados Unidos y Canad\u00e1 pero poco a poco se ha extendido por todo el mundo.<\/p>\n<p style=\"text-align: justify;\">El comercio espa\u00f1ol tambi\u00e9n cada a\u00f1o lo anuncia con m\u00e1s fuerza, incluso en el sector de los <strong>viajes<\/strong>. El d\u00eda de<strong> 27 de Noviembre<\/strong> seguro que vais a encontrar muchas ofertas de electr\u00f3nica, libros, juguetes, ropa etc. pero tambi\u00e9n muchas empresas del sector tur\u00edstico ofrecer\u00e1n<strong><a href=\"http:\/\/viajes.canarias.com\/\" target=\"_blank\"> viajes<\/a><\/strong>, <strong><a href=\"http:\/\/www.canarias.com\/vuelos\" target=\"_blank\">vuelos<\/a><\/strong>,\u00a0<strong><a href=\"http:\/\/www.canarias.com\/hoteles\" target=\"_blank\">hoteles<\/a><\/strong>, restaurantes etc. con buen descuento por la proximidad de las <strong>vacaciones de Navidad<\/strong>.<\/p>\n<div style=\"text-align: justify;\"><a href=\"http:\/\/www.canarias.com\/blog\/wp-content\/uploads\/2013\/12\/navidad1.jpg\"><img loading=\"lazy\" class=\"aligncenter wp-image-716\" src=\"http:\/\/www.canarias.com\/blog\/wp-content\/uploads\/2013\/12\/navidad1-300x271.jpg\" alt=\"navidad1\" width=\"315\" height=\"285\" srcset=\"https:\/\/www.canarias.com\/blog\/wp-content\/uploads\/2013\/12\/navidad1-300x271.jpg 300w, https:\/\/www.canarias.com\/blog\/wp-content\/uploads\/2013\/12\/navidad1-60x55.jpg 60w, https:\/\/www.canarias.com\/blog\/wp-content\/uploads\/2013\/12\/navidad1.jpg 420w\" sizes=\"(max-width: 315px) 100vw, 315px\" \/><\/a><\/div>\n<h3 style=\"text-align: justify;\"><\/h3>\n<h3 style=\"text-align: justify;\">\u00bfPor qu\u00e9 se llama \u00abviernes negro\u00bb?<\/h3>\n<p style=\"text-align: justify;\">El nombre de la jornada, Black Friday tiene origen de <strong>Filadelfia<\/strong>. A finales de los a\u00f1os 60 utilizaban la expresi\u00f3n para describir la multitud y el caos de la gente que se ocasionaba el d\u00eda despu\u00e9s de Acci\u00f3n de Gracias por los descuentos que comenzaban ofrecer los comercios. Pero el nombre tambi\u00e9n hace<strong> referencia a la caja<\/strong> que despu\u00e9s de un per\u00edodo de perdidas en n\u00fameros rojos aquel d\u00eda pasaron a n\u00fameros negros.<\/p>\n","protected":false},"excerpt":{"rendered":"<p>Black Friday 2015 \u00a1Prepara el bolsillo porque el d\u00eda 27 de Noviembre nos vamos de compras! \u00bfQu\u00e9 es el Black Friday? Es el d\u00eda de los grandes descuentos &#8211; el viernes negro inaugura la temporada de compras navide\u00f1as,\u00a0se celebra el \u00faltimo viernes del mes de noviembre, siempre tras el D\u00eda de Acci\u00f3n de Gracias. Las [&hellip;]<\/p>\n","protected":false},"author":1,"featured_media":3048,"comment_status":"open","ping_status":"open","sticky":false,"template":"","format":"standard","meta":[],"categories":[431],"tags":[541,320,544,542,543],"_links":{"self":[{"href":"https:\/\/www.canarias.com\/blog\/wp-json\/wp\/v2\/posts\/3041"}],"collection":[{"href":"https:\/\/www.canarias.com\/blog\/wp-json\/wp\/v2\/posts"}],"about":[{"href":"https:\/\/www.canarias.com\/blog\/wp-json\/wp\/v2\/types\/post"}],"author":[{"embeddable":true,"href":"https:\/\/www.canarias.com\/blog\/wp-json\/wp\/v2\/users\/1"}],"replies":[{"embeddable":true,"href":"https:\/\/www.canarias.com\/blog\/wp-json\/wp\/v2\/comments?post=3041"}],"version-history":[{"count":19,"href":"https:\/\/www.canarias.com\/blog\/wp-json\/wp\/v2\/posts\/3041\/revisions"}],"predecessor-version":[{"id":3064,"href":"https:\/\/www.canarias.com\/blog\/wp-json\/wp\/v2\/posts\/3041\/revisions\/3064"}],"wp:featuredmedia":[{"embeddable":true,"href":"https:\/\/www.canarias.com\/blog\/wp-json\/wp\/v2\/media\/3048"}],"wp:attachment":[{"href":"https:\/\/www.canarias.com\/blog\/wp-json\/wp\/v2\/media?parent=3041"}],"wp:term":[{"taxonomy":"category","embeddable":true,"href":"https:\/\/www.canarias.com\/blog\/wp-json\/wp\/v2\/categories?post=3041"},{"taxonomy":"post_tag","embeddable":true,"href":"https:\/\/www.canarias.com\/blog\/wp-json\/wp\/v2\/tags?post=3041"}],"curies":[{"name":"wp","href":"https:\/\/api.w.org\/{rel}","templated":true}]}}