{"id":3115,"date":"2015-11-24T22:36:08","date_gmt":"2015-11-24T22:36:08","guid":{"rendered":"http:\/\/www.canarias.com\/blog\/?p=3115"},"modified":"2015-11-24T22:36:08","modified_gmt":"2015-11-24T22:36:08","slug":"feria-de-navidad-de-jijona-2015-2","status":"publish","type":"post","link":"https:\/\/www.canarias.com\/blog\/feria-de-navidad-de-jijona-2015-2\/","title":{"rendered":"Feria de Navidad de Jijona 2015"},"content":{"rendered":"<h3>Feria de Navidad de Jijona 2015<\/h3>\n<p style=\"text-align: justify;\">Los<strong> d\u00edas 5, 6, 7 y 8 de diciembre se celebra la Feria de Navidad de Jijona 2015<\/strong> (<a href=\"http:\/\/www.canarias.com\/blog\/guia-practica-de-alicante\/\" target=\"_blank\">Alicante<\/a>). Acercando las festividades todos tenemos planes para visitar los t\u00edpicos mercadillos y ferias navide\u00f1as.\u00a0Para<strong> iniciar la Navidad<\/strong> aproveche la <strong><a href=\"http:\/\/viajes.canarias.com\/\" target=\"_blank\">puente de la Constituci\u00f3n<\/a><\/strong> y visita <strong><a href=\"http:\/\/www.canarias.com\/hoteles\/espana\/alicante\" target=\"_blank\">Alicante<\/a><\/strong>\u00a0 la <strong>cuna del Turr\u00f3n. La Feria de Navidad y del Turr\u00f3n de Jijona <\/strong>va a ser\u00a0un lugar ideal\u00a0para saborear un aut\u00e9ntico turr\u00f3n donde podr\u00e1s comprar los dulces m\u00e1s tradicionales navide\u00f1os tambi\u00e9n, como los polvorones, mazapanes y mantecados.<\/p>\n<div id=\"attachment_3118\" style=\"width: 360px\" class=\"wp-caption aligncenter\"><a href=\"http:\/\/www.canarias.com\/blog\/wp-content\/uploads\/2015\/11\/77554187_62f36e11f7_z.jpg\"><img aria-describedby=\"caption-attachment-3118\" loading=\"lazy\" class=\"wp-image-3118\" src=\"http:\/\/www.canarias.com\/blog\/wp-content\/uploads\/2015\/11\/77554187_62f36e11f7_z-300x225.jpg\" alt=\"Turr\u00f3 d\u00b4Alacant Autor: Emi Ya\u00f1ez\" width=\"350\" height=\"261\" srcset=\"https:\/\/www.canarias.com\/blog\/wp-content\/uploads\/2015\/11\/77554187_62f36e11f7_z-300x225.jpg 300w, https:\/\/www.canarias.com\/blog\/wp-content\/uploads\/2015\/11\/77554187_62f36e11f7_z-216x160.jpg 216w\" sizes=\"(max-width: 350px) 100vw, 350px\" \/><\/a><p id=\"caption-attachment-3118\" class=\"wp-caption-text\">Turr\u00f3 d\u00b4Alacant Autor: Emi Ya\u00f1ez<\/p><\/div>\n<p style=\"text-align: justify;\">Este a\u00f1o va a ser la s\u00e9ptima edici\u00f3n de la <strong>Feria del Turr\u00f3n, <\/strong>un evento gastron\u00f3mico que a\u00f1o tras a\u00f1o ha ido incrementando el n\u00famero de visitantes. La feria acoger\u00e1 m\u00e1s de<strong> 90 expositores<\/strong> de turrones y dulces de Navidad de calidad. En el pleno centro de la ciudad de Jijona por la Avenida Constituci\u00f3n el turr\u00f3n va a ser la estrella principal.<\/p>\n<h3 style=\"text-align: justify;\">Turr\u00f3n de Jijona<\/h3>\n<p style=\"text-align: justify;\">El origen de este dulce delicioso se remonta a siglos y siglos atr\u00e1s. Los ingredientes principales del turr\u00f3n de fama mundial de Jijona son <strong>almendras y miel pura de abejas<\/strong>. Aunque existen diferentes tipos de almendra, Marcona, Planeta, Mollar etc. la m\u00e1s id\u00f3nea y utilizada para el turr\u00f3n de Jijona es de la variedad Marcona. Consejo: el turr\u00f3n no debe guardarse en el frigor\u00edfico, sino en un lugar fresco para que este terso y no muy duro.<\/p>\n<p>Turrones SIN GLUTEN: Los turrones cl\u00e1sicos como los de sin az\u00facar de Jijona y de Alicante <strong>no contienen gluten<\/strong> ni lactosa. Los turrones de yema y de fruta no contienen gluten pero lactosa si.<\/p>\n<p style=\"text-align: justify;\">Pero<strong> la feria<\/strong> no s\u00f3lo es de<a href=\"https:\/\/es.wikipedia.org\/wiki\/Turr%C3%B3n\"> turr\u00f3n<\/a>, tambi\u00e9n suelen realizar <strong>actividades para toda la familia, <\/strong>talleres para ni\u00f1os y tambi\u00e9n para adultos, demostraciones de cocina en directo, degustaciones, concursos, aparte de\u00a0tener stands con decoraci\u00f3n navide\u00f1a, licores, regalos etc. y distintas actuaciones musicales y teatrales. Para los visitantes que quieran conocer Jijona la cuna del turr\u00f3n, durante la Feria van a organizar<strong> visitas guiadas por el casco antiguo<\/strong> de la ciudad. La entrada de la ciudad cada a\u00f1o decoran con un maravilloso bel\u00e9n con figuras a tama\u00f1o real.<\/p>\n<p>&nbsp;<\/p>\n","protected":false},"excerpt":{"rendered":"<p>Feria de Navidad de Jijona 2015 Los d\u00edas 5, 6, 7 y 8 de diciembre se celebra la Feria de Navidad de Jijona 2015 (Alicante). Acercando las festividades todos tenemos planes para visitar los t\u00edpicos mercadillos y ferias navide\u00f1as.\u00a0Para iniciar la Navidad aproveche la puente de la Constituci\u00f3n y visita Alicante\u00a0 la cuna del Turr\u00f3n. [&hellip;]<\/p>\n","protected":false},"author":1,"featured_media":3118,"comment_status":"open","ping_status":"open","sticky":false,"template":"","format":"standard","meta":[],"categories":[154,503,504,169],"tags":[550,549,552,553,551],"_links":{"self":[{"href":"https:\/\/www.canarias.com\/blog\/wp-json\/wp\/v2\/posts\/3115"}],"collection":[{"href":"https:\/\/www.canarias.com\/blog\/wp-json\/wp\/v2\/posts"}],"about":[{"href":"https:\/\/www.canarias.com\/blog\/wp-json\/wp\/v2\/types\/post"}],"author":[{"embeddable":true,"href":"https:\/\/www.canarias.com\/blog\/wp-json\/wp\/v2\/users\/1"}],"replies":[{"embeddable":true,"href":"https:\/\/www.canarias.com\/blog\/wp-json\/wp\/v2\/comments?post=3115"}],"version-history":[{"count":20,"href":"https:\/\/www.canarias.com\/blog\/wp-json\/wp\/v2\/posts\/3115\/revisions"}],"predecessor-version":[{"id":3139,"href":"https:\/\/www.canarias.com\/blog\/wp-json\/wp\/v2\/posts\/3115\/revisions\/3139"}],"wp:featuredmedia":[{"embeddable":true,"href":"https:\/\/www.canarias.com\/blog\/wp-json\/wp\/v2\/media\/3118"}],"wp:attachment":[{"href":"https:\/\/www.canarias.com\/blog\/wp-json\/wp\/v2\/media?parent=3115"}],"wp:term":[{"taxonomy":"category","embeddable":true,"href":"https:\/\/www.canarias.com\/blog\/wp-json\/wp\/v2\/categories?post=3115"},{"taxonomy":"post_tag","embeddable":true,"href":"https:\/\/www.canarias.com\/blog\/wp-json\/wp\/v2\/tags?post=3115"}],"curies":[{"name":"wp","href":"https:\/\/api.w.org\/{rel}","templated":true}]}}