{"id":3191,"date":"2015-12-14T22:42:49","date_gmt":"2015-12-14T22:42:49","guid":{"rendered":"http:\/\/www.canarias.com\/blog\/?p=3191"},"modified":"2015-12-17T10:23:18","modified_gmt":"2015-12-17T10:23:18","slug":"curiosidades-de-canarias","status":"publish","type":"post","link":"https:\/\/www.canarias.com\/blog\/curiosidades-de-canarias\/","title":{"rendered":"Curiosidades de Canarias"},"content":{"rendered":"<h2>Curiosidades de Canarias<\/h2>\n<p style=\"text-align: justify;\">El Archipi\u00e9lago Canario formado por 7 islas es un destino tur\u00edstico muy bien conocido tanto por su <strong>riqueza natural<\/strong> como \u00a0por su <strong>excelente clima<\/strong>. A continuaci\u00f3n te vamos a contar curiosidades sobre las islas.<\/p>\n<h3>Nombre<\/h3>\n<p style=\"text-align: justify;\">El nombre de las Islas Canarias no tiene nada que ver con los p\u00e1jaros canarios, al contrario el ave tom\u00f3 su nombre de las islas. Seg\u00fan historiadores proviene de Can (Perro) ya que se dice que cuando llegaron los primeros colonos se encontraron muchos perros en las islas.<\/p>\n<h3>Clima<\/h3>\n<p style=\"text-align: justify;\">El clima de las Islas seg\u00fan expertos climat\u00f3logos es el <strong>mejor del mundo<\/strong>. La Islas de Gran Canaria durante todo el a\u00f1o ofrece temperaturas medias sobre los 20 grados que permite disfrutar a un <strong>permanente verano.<\/strong><\/p>\n<p>&nbsp;<\/p>\n<p><img loading=\"lazy\" class=\"aligncenter size-medium wp-image-3152\" src=\"http:\/\/www.canarias.com\/blog\/wp-content\/uploads\/2015\/11\/alquiler-de-coches-en-tenerife-noviembre2-300x200.jpg\" alt=\"alquiler de coches en tenerife\" width=\"300\" height=\"200\" srcset=\"https:\/\/www.canarias.com\/blog\/wp-content\/uploads\/2015\/11\/alquiler-de-coches-en-tenerife-noviembre2-300x200.jpg 300w, https:\/\/www.canarias.com\/blog\/wp-content\/uploads\/2015\/11\/alquiler-de-coches-en-tenerife-noviembre2-510x340.jpg 510w, https:\/\/www.canarias.com\/blog\/wp-content\/uploads\/2015\/11\/alquiler-de-coches-en-tenerife-noviembre2-450x300.jpg 450w, https:\/\/www.canarias.com\/blog\/wp-content\/uploads\/2015\/11\/alquiler-de-coches-en-tenerife-noviembre2-900x600.jpg 900w, https:\/\/www.canarias.com\/blog\/wp-content\/uploads\/2015\/11\/alquiler-de-coches-en-tenerife-noviembre2.jpg 1024w\" sizes=\"(max-width: 300px) 100vw, 300px\" \/><\/p>\n<h3>Carnavales<\/h3>\n<p style=\"text-align: justify;\">Los carnavales que se realizan en <strong>Santa Cruz de Tenerife<\/strong> y <strong>Las Palmas de Gran Canaria<\/strong> se ubican entre los mejores del mundo junto con los de Brasil y Venecia. El carnaval de Las Palmas es la \u00fanica que elige a su <strong>reina Drag Queen.<\/strong><\/p>\n<h3>Gofio y Caf\u00e9<\/h3>\n<p style=\"text-align: justify;\">El <strong><a href=\"http:\/\/www.tenerife.com\/blog\/tenerife-de-todo-un-poco\/el-gofio-canario\/\" target=\"_blank\">Gofio<\/a><\/strong> es un alimento natural de origen <a href=\"https:\/\/es.wikipedia.org\/wiki\/Guanche\">guanche<\/a> que es una <strong>harina<\/strong> hecha a base de cereales molidos y tostados como el trigo, millo y cebada. El gofio es uno de los alimentos m\u00e1s emblem\u00e1ticos de las Islas Canarias que puedes encontrarlo en polvo, mousse, helado, bizcocho etc.<\/p>\n<p style=\"text-align: justify;\">El valle de Agaete de la isla de Gran Canaria es el<strong> \u00fanico lugar<\/strong> en Espa\u00f1a y Europa d\u00f3nde se cultiva caf\u00e9. El<strong> Caf\u00e9 Agaete<\/strong> es uno de los m\u00e1s valorados del mundo por su sabor y cuerpo espectacular.<\/p>\n<p><img loading=\"lazy\" class=\"aligncenter wp-image-2461\" src=\"http:\/\/www.canarias.com\/blog\/wp-content\/uploads\/2015\/07\/Free-Wifi-in-Nepal-300x281.jpeg\" alt=\"Free-Wifi\" width=\"234\" height=\"219\" srcset=\"https:\/\/www.canarias.com\/blog\/wp-content\/uploads\/2015\/07\/Free-Wifi-in-Nepal-300x281.jpeg 300w, https:\/\/www.canarias.com\/blog\/wp-content\/uploads\/2015\/07\/Free-Wifi-in-Nepal-510x477.jpeg 510w, https:\/\/www.canarias.com\/blog\/wp-content\/uploads\/2015\/07\/Free-Wifi-in-Nepal-321x300.jpeg 321w, https:\/\/www.canarias.com\/blog\/wp-content\/uploads\/2015\/07\/Free-Wifi-in-Nepal-900x842.jpeg 900w, https:\/\/www.canarias.com\/blog\/wp-content\/uploads\/2015\/07\/Free-Wifi-in-Nepal.jpeg 1000w\" sizes=\"(max-width: 234px) 100vw, 234px\" \/><\/p>\n<h3>Tecnolog\u00eda<\/h3>\n<p>El aeropuerto de <strong>La Palma<\/strong> es el \u00fanico en toda \u00a0Europa que se alimenta exclusivamente con energ\u00eda e\u00f3lica.<\/p>\n<p><strong>El Hierro<\/strong> es la primera <strong>\u00abSmart Island\u00bb<\/strong> del mundo, que posee una red wifi gratuita.<\/p>\n<p>&nbsp;<\/p>\n<div id=\"attachment_3200\" style=\"width: 310px\" class=\"wp-caption aligncenter\"><img aria-describedby=\"caption-attachment-3200\" loading=\"lazy\" class=\"size-medium wp-image-3200\" src=\"http:\/\/www.canarias.com\/blog\/wp-content\/uploads\/2015\/12\/Socotra_dragon_tree-300x206.jpg\" alt=\"autor Boris Khwostichenko\" width=\"300\" height=\"206\" srcset=\"https:\/\/www.canarias.com\/blog\/wp-content\/uploads\/2015\/12\/Socotra_dragon_tree-300x206.jpg 300w, https:\/\/www.canarias.com\/blog\/wp-content\/uploads\/2015\/12\/Socotra_dragon_tree-768x526.jpg 768w, https:\/\/www.canarias.com\/blog\/wp-content\/uploads\/2015\/12\/Socotra_dragon_tree-510x349.jpg 510w, https:\/\/www.canarias.com\/blog\/wp-content\/uploads\/2015\/12\/Socotra_dragon_tree-438x300.jpg 438w, https:\/\/www.canarias.com\/blog\/wp-content\/uploads\/2015\/12\/Socotra_dragon_tree-900x617.jpg 900w, https:\/\/www.canarias.com\/blog\/wp-content\/uploads\/2015\/12\/Socotra_dragon_tree.jpg 1245w\" sizes=\"(max-width: 300px) 100vw, 300px\" \/><p id=\"caption-attachment-3200\" class=\"wp-caption-text\">autor Boris Khwostichenko<\/p><\/div>\n<h3>Naturaleza<\/h3>\n<p style=\"text-align: justify;\">El <strong>pino canario<\/strong> (pinus canariensis) es el \u00fanico capaz de resistir al fuego gracias a su corteza y es capaz de regenerarse tras un incendio.<\/p>\n<p style=\"text-align: justify;\">El \u00c1rbol Drag\u00f3n (dracaena draco) que se puede encontrar en Canarias es un \u00e1rbol muy especial que son comunes en Madeira y Cabo Verde tambi\u00e9n. \u00a0En la Isla de Tenerife en <a href=\"http:\/\/rentacar.canarias.com\/blog\/icod-de-los-vinos-tenerife\/\" target=\"_blank\">Icod de los Vinos<\/a> existe un ejemplar de m\u00e1s de 800 a\u00f1os el <strong><a href=\"http:\/\/rentacar.canarias.com\/blog\/el-drago-milenario-de-tenerife\/\" target=\"_blank\">Drago Milenario<\/a><\/strong>\u00a0que es uno de los s\u00edmbolos m\u00e1s representativos de las Islas Canarias.<\/p>\n<p style=\"text-align: justify;\">El cielo de <strong>La Palma<\/strong> est\u00e1 reconocido como <strong>Reserva Astron\u00f3mica Mundial<\/strong> por ser uno de los menos contaminados lum\u00ednicamente. Las Islas de Tenerife y La Palma cuentan con la <a href=\"https:\/\/es.wikipedia.org\/w\/index.php?title=Instituto_de_Astrof%C3%ADsica_de_Canarias&amp;action=edit&amp;section=8\">Ley del Cielo<\/a> tambi\u00e9n.<\/p>\n<div class=\"sharedaddy sd-sharing-enabled\" style=\"text-align: justify;\"><\/div>\n<p><img loading=\"lazy\" class=\"aligncenter size-medium wp-image-2885\" src=\"http:\/\/www.canarias.com\/blog\/wp-content\/uploads\/2015\/10\/Teide-300x200.jpg\" alt=\"Teide\" width=\"300\" height=\"200\" srcset=\"https:\/\/www.canarias.com\/blog\/wp-content\/uploads\/2015\/10\/Teide-300x200.jpg 300w, https:\/\/www.canarias.com\/blog\/wp-content\/uploads\/2015\/10\/Teide-510x340.jpg 510w, https:\/\/www.canarias.com\/blog\/wp-content\/uploads\/2015\/10\/Teide-449x300.jpg 449w, https:\/\/www.canarias.com\/blog\/wp-content\/uploads\/2015\/10\/Teide.jpg 800w\" sizes=\"(max-width: 300px) 100vw, 300px\" \/><\/p>\n<aside id=\"abn_singlestealer\" class=\"publi inside-content \"><\/aside>\n<h3>El Teide<\/h3>\n<p style=\"text-align: justify;\">El Teide es el<strong> pico m\u00e1s alto<\/strong> de Espa\u00f1a. Tenerife es la segunda isla volc\u00e1nica de mayor altitud, d\u00f3nde tambi\u00e9n podr\u00e1s visitar la <strong><a href=\"http:\/\/www.tenerife.com\/blog\/tenerife-de-todo-un-poco\/cueva-del-viento-tenerife\/\" target=\"_blank\">Cueva del Viento <\/a><\/strong>uno de los tubos volc\u00e1nicos m\u00e1s grandes del mundo.<\/p>\n<h3>Lucha Canaria<\/h3>\n<p style=\"text-align: justify;\">Todo el archipi\u00e9lago se practica la\u00a0<strong><a href=\"https:\/\/www.canarias.com\/blog\/lucha-canaria\/\" target=\"_blank\">Lucha Canaria<\/a><\/strong> que es una manifestaci\u00f3n deportiva de <strong>origen guanche<\/strong>. Este deporte se practica por equipos de 12 contra 12, y van luchando por parejas. La lucha se realiza de pie, sin violencia, con habilidad y fuerza. Pierde el que toque la arena con cualquier parte del cuerpo que no sean los pies.<\/p>\n<p>&nbsp;<\/p>\n<h3>Mundo cinematogr\u00e1fico<\/h3>\n<p style=\"text-align: justify;\">Por su gran variedad de paisajes y climas, de fauna y flora las Islas Canarias han sido escenario de pel\u00edculas, series y anuncios.<\/p>\n<p style=\"text-align: justify;\">Pel\u00edculas de grandes producciones de Hollywood como <strong>Fast and Furius<\/strong>, <strong>Ira de Titanes<\/strong> o <strong>Exodus<\/strong> han rodado en las Islas de Tenerife, Gran Canaria y Fuerteaventura.<\/p>\n<p style=\"text-align: justify;\">El famoso director de cine espa\u00f1ol <strong>Pedro Almod\u00f3var<\/strong> utiliz\u00f3 como plat\u00f3 natural para su pel\u00edcula <strong>Abrazos Rotos<\/strong> (2008) la Isla de Lanzarote.<\/p>\n<p>&nbsp;<\/p>\n<p>&nbsp;<\/p>\n","protected":false},"excerpt":{"rendered":"<p>Curiosidades de Canarias El Archipi\u00e9lago Canario formado por 7 islas es un destino tur\u00edstico muy bien conocido tanto por su riqueza natural como \u00a0por su excelente clima. A continuaci\u00f3n te vamos a contar curiosidades sobre las islas. Nombre El nombre de las Islas Canarias no tiene nada que ver con los p\u00e1jaros canarios, al contrario [&hellip;]<\/p>\n","protected":false},"author":1,"featured_media":3198,"comment_status":"open","ping_status":"open","sticky":false,"template":"","format":"standard","meta":[],"categories":[431],"tags":[],"_links":{"self":[{"href":"https:\/\/www.canarias.com\/blog\/wp-json\/wp\/v2\/posts\/3191"}],"collection":[{"href":"https:\/\/www.canarias.com\/blog\/wp-json\/wp\/v2\/posts"}],"about":[{"href":"https:\/\/www.canarias.com\/blog\/wp-json\/wp\/v2\/types\/post"}],"author":[{"embeddable":true,"href":"https:\/\/www.canarias.com\/blog\/wp-json\/wp\/v2\/users\/1"}],"replies":[{"embeddable":true,"href":"https:\/\/www.canarias.com\/blog\/wp-json\/wp\/v2\/comments?post=3191"}],"version-history":[{"count":17,"href":"https:\/\/www.canarias.com\/blog\/wp-json\/wp\/v2\/posts\/3191\/revisions"}],"predecessor-version":[{"id":3224,"href":"https:\/\/www.canarias.com\/blog\/wp-json\/wp\/v2\/posts\/3191\/revisions\/3224"}],"wp:featuredmedia":[{"embeddable":true,"href":"https:\/\/www.canarias.com\/blog\/wp-json\/wp\/v2\/media\/3198"}],"wp:attachment":[{"href":"https:\/\/www.canarias.com\/blog\/wp-json\/wp\/v2\/media?parent=3191"}],"wp:term":[{"taxonomy":"category","embeddable":true,"href":"https:\/\/www.canarias.com\/blog\/wp-json\/wp\/v2\/categories?post=3191"},{"taxonomy":"post_tag","embeddable":true,"href":"https:\/\/www.canarias.com\/blog\/wp-json\/wp\/v2\/tags?post=3191"}],"curies":[{"name":"wp","href":"https:\/\/api.w.org\/{rel}","templated":true}]}}