{"id":3229,"date":"2015-12-30T10:14:29","date_gmt":"2015-12-30T10:14:29","guid":{"rendered":"http:\/\/www.canarias.com\/blog\/?p=3229"},"modified":"2015-12-30T10:14:29","modified_gmt":"2015-12-30T10:14:29","slug":"la-rapadura","status":"publish","type":"post","link":"https:\/\/www.canarias.com\/blog\/la-rapadura\/","title":{"rendered":"La Rapadura, un fascinante e irresistible reto para buceadores experimentados."},"content":{"rendered":"<p>El m\u00e1s incre\u00edble y sorprendente paisaje submarino ubicado en la costa de Acentejo\u00a0en Santa \u00darsula, Tenerife.<\/p>\n<p>La inmersi\u00f3n hasta este sorprendente lugar, cuyo punto de descenso se encuentra\u00a0a tres millas n\u00e1uticas del Puerto de La Cruz, requiere condiciones adecuadas de\u00a0marea y corriente y solo es posible acceder a ella en una embarcaci\u00f3n. Es muy\u00a0exigente y especial para buceadores expertos puesto que es una inmersi\u00f3n que\u00a0llega a los 40 metros de profundidad. Estas circunstancias hacen de La Rapadura\u00a0un lugar muy exclusivo.<\/p>\n<p><a href=\"http:\/\/www.canarias.com\/blog\/wp-content\/uploads\/2015\/12\/la-rapadura-por-francis-perez.jpg\" rel=\"attachment wp-att-3231\"><img loading=\"lazy\" class=\"alignnone size-large wp-image-3231\" src=\"http:\/\/www.canarias.com\/blog\/wp-content\/uploads\/2015\/12\/la-rapadura-por-francis-perez-510x370.jpg\" alt=\"La Rapadura - National Geographic\" width=\"510\" height=\"370\" srcset=\"https:\/\/www.canarias.com\/blog\/wp-content\/uploads\/2015\/12\/la-rapadura-por-francis-perez-510x370.jpg 510w, https:\/\/www.canarias.com\/blog\/wp-content\/uploads\/2015\/12\/la-rapadura-por-francis-perez-300x218.jpg 300w, https:\/\/www.canarias.com\/blog\/wp-content\/uploads\/2015\/12\/la-rapadura-por-francis-perez-768x557.jpg 768w, https:\/\/www.canarias.com\/blog\/wp-content\/uploads\/2015\/12\/la-rapadura-por-francis-perez-414x300.jpg 414w, https:\/\/www.canarias.com\/blog\/wp-content\/uploads\/2015\/12\/la-rapadura-por-francis-perez.jpg 800w\" sizes=\"(max-width: 510px) 100vw, 510px\" \/><\/a><\/p>\n<p>Su impresionante belleza le hizo merecedora de ser, en el a\u00f1o 2012, la portada del\u00a0National Geographic, con la excelente toma del fot\u00f3grafo submarino Francis P\u00e9rez.<\/p>\n<p>Este espectacular paisaje submarino, es una formaci\u00f3n rocosa que tiene entre\u00a0quinientos mil y un mill\u00f3n de a\u00f1os de antig\u00fcedad, creada en alg\u00fan momento en el\u00a0que la lava emergi\u00f3 de la tierra y se mezcl\u00f3 con el agua del mar. Con sus\u00a0columnas bas\u00e1lticas de forma hexagonal esculpidas por la naturaleza, alguna vez\u00a0sali\u00f3 a la superficie lo cual erosion\u00f3 su parte superior, para posteriormente quedar\u00a0profundamente sumergido lo cual permite la visita de solo algunos privilegiados\u00a0que cuentan con la fortuna de poder admirar directamente su indescriptible\u00a0belleza, adornada con gorgonias doradas cual abanicos de oro y animada por\u00a0algunas de las especies marinas propias de esta zona.<\/p>\n<p>&nbsp;<br \/>\n<iframe loading=\"lazy\" width=\"560\" height=\"315\" src=\"https:\/\/www.youtube.com\/embed\/9qFOdssANA8?rel=0&amp;controls=0&amp;showinfo=0\" frameborder=\"0\" allowfullscreen><\/iframe><\/p>\n","protected":false},"excerpt":{"rendered":"<p>El m\u00e1s incre\u00edble y sorprendente paisaje submarino ubicado en la costa de Acentejo\u00a0en Santa \u00darsula, Tenerife. La inmersi\u00f3n hasta este sorprendente lugar, cuyo punto de descenso se encuentra\u00a0a tres millas n\u00e1uticas del Puerto de La Cruz, requiere condiciones adecuadas de\u00a0marea y corriente y solo es posible acceder a ella en una embarcaci\u00f3n. Es muy\u00a0exigente y [&hellip;]<\/p>\n","protected":false},"author":1,"featured_media":3230,"comment_status":"open","ping_status":"open","sticky":false,"template":"","format":"standard","meta":[],"categories":[342,40],"tags":[512,565,343],"_links":{"self":[{"href":"https:\/\/www.canarias.com\/blog\/wp-json\/wp\/v2\/posts\/3229"}],"collection":[{"href":"https:\/\/www.canarias.com\/blog\/wp-json\/wp\/v2\/posts"}],"about":[{"href":"https:\/\/www.canarias.com\/blog\/wp-json\/wp\/v2\/types\/post"}],"author":[{"embeddable":true,"href":"https:\/\/www.canarias.com\/blog\/wp-json\/wp\/v2\/users\/1"}],"replies":[{"embeddable":true,"href":"https:\/\/www.canarias.com\/blog\/wp-json\/wp\/v2\/comments?post=3229"}],"version-history":[{"count":1,"href":"https:\/\/www.canarias.com\/blog\/wp-json\/wp\/v2\/posts\/3229\/revisions"}],"predecessor-version":[{"id":3232,"href":"https:\/\/www.canarias.com\/blog\/wp-json\/wp\/v2\/posts\/3229\/revisions\/3232"}],"wp:featuredmedia":[{"embeddable":true,"href":"https:\/\/www.canarias.com\/blog\/wp-json\/wp\/v2\/media\/3230"}],"wp:attachment":[{"href":"https:\/\/www.canarias.com\/blog\/wp-json\/wp\/v2\/media?parent=3229"}],"wp:term":[{"taxonomy":"category","embeddable":true,"href":"https:\/\/www.canarias.com\/blog\/wp-json\/wp\/v2\/categories?post=3229"},{"taxonomy":"post_tag","embeddable":true,"href":"https:\/\/www.canarias.com\/blog\/wp-json\/wp\/v2\/tags?post=3229"}],"curies":[{"name":"wp","href":"https:\/\/api.w.org\/{rel}","templated":true}]}}