{"id":3237,"date":"2016-01-05T12:31:26","date_gmt":"2016-01-05T12:31:26","guid":{"rendered":"http:\/\/www.canarias.com\/blog\/?p=3237"},"modified":"2016-01-05T12:31:26","modified_gmt":"2016-01-05T12:31:26","slug":"auto-sacramental-reyes","status":"publish","type":"post","link":"https:\/\/www.canarias.com\/blog\/auto-sacramental-reyes\/","title":{"rendered":"Auto Sacramental de Reyes: Joya de la cultura popular de Canarias"},"content":{"rendered":"<p>En San Bartolom\u00e9 de Tejina, poblaci\u00f3n situada en el t\u00e9rmino municipal de San Crist\u00f3bal de La Laguna en Tenerife, cada a\u00f1o, el d\u00eda 5 de enero, v\u00edspera de Reyes, se realiza un espect\u00e1culo \u00fanico y maravilloso, un  legado centenario de la cultura popular y que constituye una de nuestras tradiciones navide\u00f1as m\u00e1s hermosa y representativa: El Auto Sacramental de Reyes Magos.<\/p>\n<p>El Auto Sacramental de Reyes Magos es uno de los actos m\u00e1s antiguos y meritorios del teatro navide\u00f1o en Canarias. La herencia de una manifestaci\u00f3n dram\u00e1tica tan ancestral, de or\u00edgenes inciertos que se remontan a la Edad Media, sobrevive gracias a los habitantes del pueblo de Tejina.  La primera referencia conocida data del a\u00f1o 1905, por la iniciativa de Juana Hern\u00e1ndez G\u00f3mez, Francisco Vi\u00f1a y Juan Antonio Herrera.<\/p>\n<p><a href=\"http:\/\/www.canarias.com\/blog\/wp-content\/uploads\/2016\/01\/Reyes-Tejina-Auto.jpg\" rel=\"attachment wp-att-3240\"><img loading=\"lazy\" src=\"http:\/\/www.canarias.com\/blog\/wp-content\/uploads\/2016\/01\/Reyes-Tejina-Auto-510x339.jpg\" alt=\"Reyes Magos en Tejina\" width=\"510\" height=\"339\" class=\"alignnone size-large wp-image-3240\" srcset=\"https:\/\/www.canarias.com\/blog\/wp-content\/uploads\/2016\/01\/Reyes-Tejina-Auto-510x339.jpg 510w, https:\/\/www.canarias.com\/blog\/wp-content\/uploads\/2016\/01\/Reyes-Tejina-Auto-300x199.jpg 300w, https:\/\/www.canarias.com\/blog\/wp-content\/uploads\/2016\/01\/Reyes-Tejina-Auto-768x510.jpg 768w, https:\/\/www.canarias.com\/blog\/wp-content\/uploads\/2016\/01\/Reyes-Tejina-Auto-452x300.jpg 452w, https:\/\/www.canarias.com\/blog\/wp-content\/uploads\/2016\/01\/Reyes-Tejina-Auto.jpg 900w\" sizes=\"(max-width: 510px) 100vw, 510px\" \/><\/a><\/p>\n<p>Los textos utilizados en este acto son originales y nunca han sido modificados prevaleciendo as\u00ed a trav\u00e9s del tiempo. Su procedencia ha sido atribuida al p\u00e1rroco D. Jos\u00e9 Manuel Gonz\u00e1lez de\u00a0la Cruz, originario de Garaf\u00eda en La Palma,\u00a0que la habr\u00eda tra\u00eddo a\u00a0Tejina desde su pueblo natal,\u00a0 aunque otra versi\u00f3n afirma que pudieran provenir de Betancuria en Fuerteventura. No obstante, se cree que ambas versiones proceden de un texto original elaborado por fray Gaspar Fern\u00e1ndez de \u00c1vila y publicado en 1785.<\/p>\n<p>Las primeras representaciones tuvieron lugar dentro de\u00a0la Iglesia de San Bartolom\u00e9 de Tejina, \u00a0pero debido a la gran cantidad de p\u00fablico asistente, a partir de 1946 comenz\u00f3\u00a0a realizarse en la plaza y zonas aleda\u00f1as.<\/p>\n<p>El Auto de Adoraci\u00f3n de los Reyes est\u00e1 dividido en varios actos como el Anuncio del Nacimiento y la Adoraci\u00f3n de los Pastores, la llegada de los Reyes Magos al Palacio de Herodes, la Adoraci\u00f3n de los Reyes al Ni\u00f1o y la Huida a\u00a0Egipto.<\/p>\n<p>La colocaci\u00f3n de los elementos esc\u00e9nicos\u00a0y vestuario de los actores se ha ido modificando y mejorando hasta conseguir el maravilloso escenario actual, que ocupa algo menos de 100 metros lineales, donde destacan la carpa, el desierto, el castillo de Herodes y el pesebre, todos de una belleza inigualable.<\/p>\n<p><a href=\"http:\/\/www.canarias.com\/blog\/wp-content\/uploads\/2016\/01\/Reyes-Tejina-Pesebre.jpg\" rel=\"attachment wp-att-3241\"><img loading=\"lazy\" src=\"http:\/\/www.canarias.com\/blog\/wp-content\/uploads\/2016\/01\/Reyes-Tejina-Pesebre-510x339.jpg\" alt=\"Reyes-Tejina-Pesebre\" width=\"510\" height=\"339\" class=\"alignnone size-large wp-image-3241\" srcset=\"https:\/\/www.canarias.com\/blog\/wp-content\/uploads\/2016\/01\/Reyes-Tejina-Pesebre-510x339.jpg 510w, https:\/\/www.canarias.com\/blog\/wp-content\/uploads\/2016\/01\/Reyes-Tejina-Pesebre-300x199.jpg 300w, https:\/\/www.canarias.com\/blog\/wp-content\/uploads\/2016\/01\/Reyes-Tejina-Pesebre-768x510.jpg 768w, https:\/\/www.canarias.com\/blog\/wp-content\/uploads\/2016\/01\/Reyes-Tejina-Pesebre-452x300.jpg 452w, https:\/\/www.canarias.com\/blog\/wp-content\/uploads\/2016\/01\/Reyes-Tejina-Pesebre.jpg 900w\" sizes=\"(max-width: 510px) 100vw, 510px\" \/><\/a><\/p>\n<p>M\u00e1s de cien actores no profesionales, constituidos por los mismos vecinos de Tejina, son los encargados de representar los distintos momentos del Auto en una obra de manifiesto car\u00e1cter cl\u00e1sico, ya que los textos se recitan en verso, y que llega al punto cumbre de emoci\u00f3n con la aparici\u00f3n de los tres Reyes Magos siguiendo a la estrella, que indica el lugar donde est\u00e1 el pesebre.<\/p>\n<p>En Canarias.com te invitamos a disfrutar de este maravilloso espect\u00e1culo, que constituye una joya de nuestro acervo cultural. Hoy a las 21:30 horas en la plaza de la iglesia de Tejina.<\/p>\n","protected":false},"excerpt":{"rendered":"<p>En San Bartolom\u00e9 de Tejina, poblaci\u00f3n situada en el t\u00e9rmino municipal de San Crist\u00f3bal de La Laguna en Tenerife, cada a\u00f1o, el d\u00eda 5 de enero, v\u00edspera de Reyes, se realiza un espect\u00e1culo \u00fanico y maravilloso, un legado centenario de la cultura popular y que constituye una de nuestras tradiciones navide\u00f1as m\u00e1s hermosa y representativa: [&hellip;]<\/p>\n","protected":false},"author":1,"featured_media":3238,"comment_status":"open","ping_status":"open","sticky":false,"template":"","format":"standard","meta":[],"categories":[431,40],"tags":[567,568,561,557,566,343],"_links":{"self":[{"href":"https:\/\/www.canarias.com\/blog\/wp-json\/wp\/v2\/posts\/3237"}],"collection":[{"href":"https:\/\/www.canarias.com\/blog\/wp-json\/wp\/v2\/posts"}],"about":[{"href":"https:\/\/www.canarias.com\/blog\/wp-json\/wp\/v2\/types\/post"}],"author":[{"embeddable":true,"href":"https:\/\/www.canarias.com\/blog\/wp-json\/wp\/v2\/users\/1"}],"replies":[{"embeddable":true,"href":"https:\/\/www.canarias.com\/blog\/wp-json\/wp\/v2\/comments?post=3237"}],"version-history":[{"count":2,"href":"https:\/\/www.canarias.com\/blog\/wp-json\/wp\/v2\/posts\/3237\/revisions"}],"predecessor-version":[{"id":3242,"href":"https:\/\/www.canarias.com\/blog\/wp-json\/wp\/v2\/posts\/3237\/revisions\/3242"}],"wp:featuredmedia":[{"embeddable":true,"href":"https:\/\/www.canarias.com\/blog\/wp-json\/wp\/v2\/media\/3238"}],"wp:attachment":[{"href":"https:\/\/www.canarias.com\/blog\/wp-json\/wp\/v2\/media?parent=3237"}],"wp:term":[{"taxonomy":"category","embeddable":true,"href":"https:\/\/www.canarias.com\/blog\/wp-json\/wp\/v2\/categories?post=3237"},{"taxonomy":"post_tag","embeddable":true,"href":"https:\/\/www.canarias.com\/blog\/wp-json\/wp\/v2\/tags?post=3237"}],"curies":[{"name":"wp","href":"https:\/\/api.w.org\/{rel}","templated":true}]}}