{"id":3394,"date":"2016-02-15T11:46:04","date_gmt":"2016-02-15T11:46:04","guid":{"rendered":"http:\/\/www.canarias.com\/blog\/?p=3394"},"modified":"2016-03-21T11:36:39","modified_gmt":"2016-03-21T11:36:39","slug":"semana-santa-en-espana","status":"publish","type":"post","link":"https:\/\/www.canarias.com\/blog\/semana-santa-en-espana\/","title":{"rendered":"Semana Santa en Espa\u00f1a"},"content":{"rendered":"<h1>Semana Santa en Espa\u00f1a &#8211; del 20 al 27 de Marzo<\/h1>\n<p style=\"text-align: justify;\">\u00bfTe vas a <strong>viajar<\/strong> esta Semana Santa? En Espa\u00f1a uno de los destinos favoritos en estas fechas son las<strong><a href=\"http:\/\/www.canarias.com\/#featured-offers\" target=\"_blank\"> Islas Canarias<\/a><\/strong> por sus <strong><a href=\"http:\/\/rentacar.canarias.com\/blog\/playas-de-tenerife\/\" target=\"_blank\">playas<\/a><\/strong> y agradables temperaturas. Muchos son que aprovechan estas vacaciones para visitar ciudades espa\u00f1olas para disfrutar sus incre\u00edbles celebraciones o hacen una escapada a alguna de las <strong><a href=\"http:\/\/www.canarias.com\/vuelos\" target=\"_blank\">capitales europeas<\/a><\/strong>. En Espa\u00f1a es el momento de mayor actividad religiosa, pero aunque no se\u00e1is religiosos es un buen pre\u00edodo\u00a0para conocer las m\u00e1s <strong>impresionantes tradiciones religiosas<\/strong>, como la <em>madrug\u00e1<\/em> de Sevilla o los pasos de Cartagena.<\/p>\n<h3>Las fechas de Semana Santa de 2016<\/h3>\n<p>20 de Marzo &#8211; Domingo de Ramos<\/p>\n<p>26 de Marzo &#8211; S\u00e1bado de Gloria<\/p>\n<p>27 de Marzo &#8211; Domingo de Resurrecci\u00f3n o Domingo de Pascua<\/p>\n<p>28 de Marzo &#8211; Lunes de Pascua , festivo en algunas comunidades<\/p>\n<p>&nbsp;<\/p>\n<div id=\"attachment_3408\" style=\"width: 355px\" class=\"wp-caption aligncenter\"><img aria-describedby=\"caption-attachment-3408\" loading=\"lazy\" class=\" wp-image-3408\" src=\"http:\/\/www.canarias.com\/blog\/wp-content\/uploads\/2016\/02\/Sevilla-Semana-Santa-Autor-Sandra-Vallaure-300x199.jpg\" alt=\"Sevilla Semana Santa autor Sandra Vallaure\" width=\"345\" height=\"229\" srcset=\"https:\/\/www.canarias.com\/blog\/wp-content\/uploads\/2016\/02\/Sevilla-Semana-Santa-Autor-Sandra-Vallaure-300x199.jpg 300w, https:\/\/www.canarias.com\/blog\/wp-content\/uploads\/2016\/02\/Sevilla-Semana-Santa-Autor-Sandra-Vallaure-510x338.jpg 510w, https:\/\/www.canarias.com\/blog\/wp-content\/uploads\/2016\/02\/Sevilla-Semana-Santa-Autor-Sandra-Vallaure-453x300.jpg 453w, https:\/\/www.canarias.com\/blog\/wp-content\/uploads\/2016\/02\/Sevilla-Semana-Santa-Autor-Sandra-Vallaure.jpg 640w\" sizes=\"(max-width: 345px) 100vw, 345px\" \/><p id=\"caption-attachment-3408\" class=\"wp-caption-text\">Sevilla Semana Santa autor Sandra Vallaure<\/p><\/div>\n<h3>Sevilla<\/h3>\n<p style=\"text-align: justify;\">La Semana Santa de <strong><a href=\"http:\/\/www.canarias.com\/hoteles\/espana\/sevilla\" target=\"_blank\">Sevilla<\/a><\/strong> est\u00e1 declarada de <strong>Inter\u00e9s Tur\u00edstico Internacional<\/strong> y es una de las m\u00e1s populares de toda Espa\u00f1a. La capital andaluza vive con gran intensidad estos d\u00edas festivos, m\u00e1s de <strong>60 cofrad\u00edas<\/strong> realizar\u00e1n su recorrido por las calles de la ciudad. Es imposible no emocionarse al ver las procesiones, los nazarenos, los pasos, los costaleros o al escuchar las saetas que se cantan desde los balcones. La noche m\u00e1s especial es del Jueves al Viernes Santo cuando se celebra la <em><strong>Madrug\u00e1.\u00a0<\/strong><\/em>Miles de sevillanos viven con fervor esta noche, que en realidad es un conjunto de procesiones que marchan durante la madrugada por Sevilla.\u00a0Hermandades que son m\u00e1s conocidos como de la\u00a0Macarena, el Jes\u00fas del Gran Poder, la Esperanza de Triana o el Cristo de los Gitanos desfilar\u00e1n acompa\u00f1ados con las saetas.<\/p>\n<p style=\"text-align: justify;\"><img loading=\"lazy\" class=\"aligncenter wp-image-3416\" src=\"http:\/\/www.canarias.com\/blog\/wp-content\/uploads\/2016\/02\/easter-762436_640-300x206.jpg\" alt=\"\" width=\"352\" height=\"242\" srcset=\"https:\/\/www.canarias.com\/blog\/wp-content\/uploads\/2016\/02\/easter-762436_640-300x206.jpg 300w, https:\/\/www.canarias.com\/blog\/wp-content\/uploads\/2016\/02\/easter-762436_640-510x351.jpg 510w, https:\/\/www.canarias.com\/blog\/wp-content\/uploads\/2016\/02\/easter-762436_640-436x300.jpg 436w, https:\/\/www.canarias.com\/blog\/wp-content\/uploads\/2016\/02\/easter-762436_640.jpg 640w\" sizes=\"(max-width: 352px) 100vw, 352px\" \/><\/p>\n<h3>M\u00e1laga<\/h3>\n<p style=\"text-align: justify;\">En <strong><a href=\"http:\/\/www.canarias.com\/public\/search-availability?distributions=[{%22Id%22:%221%22,%22AdultsCount%22:2,%22ChildrenAges%22:[]}]&amp;zone=Malaga%20Ciudad%2C%20Malaga&amp;zoneCode=MALAGACIU&amp;dateIn=19\/02\/2016&amp;dateOut=26\/02\/2016&amp;searchType=3&amp;nightsCount=7&amp;serviceCode=&amp;canaryResident=false&amp;undefinedDates=false&amp;\" target=\"_blank\">M\u00e1laga<\/a><\/strong> los pasos se llaman <strong>tronos\u00a0<\/strong>que son estructuras de gran tama\u00f1o. Son similares a los pasos pero de un tama\u00f1o mayor d\u00f3nde con esculturas representan episodios de la Muerte y Resurecci\u00f3n de Jesucristo.\u00a0En M\u00e1laga es tradici\u00f3n tambi\u00e9n que cuerpos de seguridad del Estado militares acompa\u00f1en a los tronos, como la Marina, Guardia Civil, la Legi\u00f3n, etc. Un espect\u00e1culo \u00fanico es <strong>Los Legionarios<\/strong> que se celebra el <strong>Jueves Santo a mediod\u00eda<\/strong>, cuando los legionarios llegan al puerto de M\u00e1laga en el buque de guerra y desembarcan cantando el \u00abNovio de la Muerte\u00bb, para trasladar al Cristo de la Buena Muerte hasta la Plaza de Santo Tom\u00e1s acompa\u00f1ados con su m\u00edtica cabra la legi\u00f3n.<\/p>\n<div><\/div>\n<div>\n<div id=\"attachment_3411\" style=\"width: 355px\" class=\"wp-caption aligncenter\"><img aria-describedby=\"caption-attachment-3411\" loading=\"lazy\" class=\" wp-image-3411\" src=\"http:\/\/www.canarias.com\/blog\/wp-content\/uploads\/2016\/02\/Domingo-de-Ramos-44-Granada-autor-Oscar-Daniel-Rangel-Huerta-300x199.jpg\" alt=\"Domingo de Ramos autor Oscar Daniel Rangel Huerta\" width=\"345\" height=\"229\" srcset=\"https:\/\/www.canarias.com\/blog\/wp-content\/uploads\/2016\/02\/Domingo-de-Ramos-44-Granada-autor-Oscar-Daniel-Rangel-Huerta-300x199.jpg 300w, https:\/\/www.canarias.com\/blog\/wp-content\/uploads\/2016\/02\/Domingo-de-Ramos-44-Granada-autor-Oscar-Daniel-Rangel-Huerta-510x338.jpg 510w, https:\/\/www.canarias.com\/blog\/wp-content\/uploads\/2016\/02\/Domingo-de-Ramos-44-Granada-autor-Oscar-Daniel-Rangel-Huerta-453x300.jpg 453w, https:\/\/www.canarias.com\/blog\/wp-content\/uploads\/2016\/02\/Domingo-de-Ramos-44-Granada-autor-Oscar-Daniel-Rangel-Huerta.jpg 640w\" sizes=\"(max-width: 345px) 100vw, 345px\" \/><p id=\"caption-attachment-3411\" class=\"wp-caption-text\">Domingo de Ramos autor Oscar Daniel Rangel Huerta<\/p><\/div>\n<\/div>\n<h3>Granada<\/h3>\n<p style=\"text-align: justify;\">Sin duda la Semana Santa de <strong><a href=\"http:\/\/www.canarias.com\/public\/search-availability?distributions=[{%22Id%22:%221%22,%22AdultsCount%22:2,%22ChildrenAges%22:[]}]&amp;zone=Corona%20de%20Granada%20(Granada)&amp;zoneCode=&amp;dateIn=19\/02\/2016&amp;dateOut=26\/02\/2016&amp;searchType=3&amp;nightsCount=7&amp;serviceCode=24-1170&amp;canaryResident=false&amp;undefinedDates=false&amp;\" target=\"_blank\">Granada<\/a><\/strong> es una de las m\u00e1s antiguas y bonitas de toda Espa\u00f1a por tener la <a href=\"https:\/\/es.wikipedia.org\/wiki\/Alhambra\">Alhambra<\/a> como un tel\u00f3n de fondo. Por sus\u00a0callejuelas estrechas e intrincadas del centro cada a\u00f1o sacan en procesi\u00f3n<strong> 32 hermandades<\/strong> sus pasos, entre ellos uno de lo m\u00e1s espectacular es el del <strong>Cristo de los Gitanos<\/strong>.<\/p>\n<p>&nbsp;<\/p>\n<div>\n<div id=\"attachment_3407\" style=\"width: 363px\" class=\"wp-caption aligncenter\"><img aria-describedby=\"caption-attachment-3407\" loading=\"lazy\" class=\" wp-image-3407\" src=\"http:\/\/www.canarias.com\/blog\/wp-content\/uploads\/2016\/02\/Viernes-Santo-autor-Zyllan-Fotografia-300x200.jpg\" alt=\"Viernes Santo autor Zyllan Forografia\" width=\"353\" height=\"235\" srcset=\"https:\/\/www.canarias.com\/blog\/wp-content\/uploads\/2016\/02\/Viernes-Santo-autor-Zyllan-Fotografia-300x200.jpg 300w, https:\/\/www.canarias.com\/blog\/wp-content\/uploads\/2016\/02\/Viernes-Santo-autor-Zyllan-Fotografia-510x340.jpg 510w, https:\/\/www.canarias.com\/blog\/wp-content\/uploads\/2016\/02\/Viernes-Santo-autor-Zyllan-Fotografia-450x300.jpg 450w, https:\/\/www.canarias.com\/blog\/wp-content\/uploads\/2016\/02\/Viernes-Santo-autor-Zyllan-Fotografia.jpg 640w\" sizes=\"(max-width: 353px) 100vw, 353px\" \/><p id=\"caption-attachment-3407\" class=\"wp-caption-text\">Viernes Santo autor Zyllan Forografia<\/p><\/div>\n<\/div>\n<h3>Zamora<\/h3>\n<p style=\"text-align: justify;\">Las or\u00edgenes de la Semana Santa de<strong><a href=\"http:\/\/www.canarias.com\/public\/search-availability?distributions=[{%22Id%22:%221%22,%22AdultsCount%22:2,%22ChildrenAges%22:[]}]&amp;zone=Zamora%20Ciudad%2C%20Zamora&amp;zoneCode=ZAMORACIU&amp;dateIn=19\/02\/2016&amp;dateOut=26\/02\/2016&amp;searchType=3&amp;nightsCount=7&amp;serviceCode=&amp;canaryResident=false&amp;undefinedDates=false&amp;\" target=\"_blank\"> Zamora<\/a>\u00a0<\/strong>se remontan al siglo XV y\u00a0es declarada como Inter\u00e9s Tur\u00edstico Internacional por su<strong> car\u00e1cter \u00fanico <\/strong>y es una de las m\u00e1s importantes de toda Espa\u00f1a.\u00a0La procesi\u00f3n de las <strong>\u00abcapas pardas\u00bb<\/strong> es la m\u00e1s austera y muy diferenciada de todas. Los cofrades visten traje oscuro con capa parda y portan un farol de hierro. Su llegada anuncia una carraca en total oscuridad y silencio, una escena muy impresionante.<\/p>\n<p>&nbsp;<\/p>\n<div><\/div>\n<div><\/div>\n<div>\n<div id=\"attachment_3413\" style=\"width: 360px\" class=\"wp-caption aligncenter\"><img aria-describedby=\"caption-attachment-3413\" loading=\"lazy\" class=\" wp-image-3413\" src=\"http:\/\/www.canarias.com\/blog\/wp-content\/uploads\/2016\/02\/Turbas-Autor-Kevin-Vega-300x200.jpg\" alt=\"Turbas Autor Kevin Vega\" width=\"350\" height=\"233\" srcset=\"https:\/\/www.canarias.com\/blog\/wp-content\/uploads\/2016\/02\/Turbas-Autor-Kevin-Vega-300x200.jpg 300w, https:\/\/www.canarias.com\/blog\/wp-content\/uploads\/2016\/02\/Turbas-Autor-Kevin-Vega-510x340.jpg 510w, https:\/\/www.canarias.com\/blog\/wp-content\/uploads\/2016\/02\/Turbas-Autor-Kevin-Vega-450x300.jpg 450w, https:\/\/www.canarias.com\/blog\/wp-content\/uploads\/2016\/02\/Turbas-Autor-Kevin-Vega.jpg 640w\" sizes=\"(max-width: 350px) 100vw, 350px\" \/><p id=\"caption-attachment-3413\" class=\"wp-caption-text\">Turbas Autor Kevin Vega<\/p><\/div>\n<\/div>\n<h3>Cuenca<\/h3>\n<p style=\"text-align: justify;\">Aunque la Semana Santa de Cuenca no es de las m\u00e1s conocidas es tambi\u00e9n declarada como Inter\u00e9s Tur\u00edstico Internacional. Las procesiones como del <strong>Hosanna<\/strong> o la del<strong> Silencio<\/strong> son muy impresionantes. La procesi\u00f3n de las <strong>Turbas<\/strong> es tambi\u00e9n llamada como la procesi\u00f3n del Camino del Calvario, donde los \u00abturbos\u00bb tocan tambores y trompetas rememorando la burla que vivi\u00f3 Jes\u00fas en su camino al Calvario. Desde su inicio de madrugada hay un ambiente muy festivo.<\/p>\n<p>&nbsp;<\/p>\n","protected":false},"excerpt":{"rendered":"<p>Semana Santa en Espa\u00f1a &#8211; del 20 al 27 de Marzo \u00bfTe vas a viajar esta Semana Santa? En Espa\u00f1a uno de los destinos favoritos en estas fechas son las Islas Canarias por sus playas y agradables temperaturas. Muchos son que aprovechan estas vacaciones para visitar ciudades espa\u00f1olas para disfrutar sus incre\u00edbles celebraciones o hacen [&hellip;]<\/p>\n","protected":false},"author":1,"featured_media":3407,"comment_status":"open","ping_status":"open","sticky":false,"template":"","format":"standard","meta":[],"categories":[154,168,290],"tags":[598,596,597,476],"_links":{"self":[{"href":"https:\/\/www.canarias.com\/blog\/wp-json\/wp\/v2\/posts\/3394"}],"collection":[{"href":"https:\/\/www.canarias.com\/blog\/wp-json\/wp\/v2\/posts"}],"about":[{"href":"https:\/\/www.canarias.com\/blog\/wp-json\/wp\/v2\/types\/post"}],"author":[{"embeddable":true,"href":"https:\/\/www.canarias.com\/blog\/wp-json\/wp\/v2\/users\/1"}],"replies":[{"embeddable":true,"href":"https:\/\/www.canarias.com\/blog\/wp-json\/wp\/v2\/comments?post=3394"}],"version-history":[{"count":14,"href":"https:\/\/www.canarias.com\/blog\/wp-json\/wp\/v2\/posts\/3394\/revisions"}],"predecessor-version":[{"id":3614,"href":"https:\/\/www.canarias.com\/blog\/wp-json\/wp\/v2\/posts\/3394\/revisions\/3614"}],"wp:featuredmedia":[{"embeddable":true,"href":"https:\/\/www.canarias.com\/blog\/wp-json\/wp\/v2\/media\/3407"}],"wp:attachment":[{"href":"https:\/\/www.canarias.com\/blog\/wp-json\/wp\/v2\/media?parent=3394"}],"wp:term":[{"taxonomy":"category","embeddable":true,"href":"https:\/\/www.canarias.com\/blog\/wp-json\/wp\/v2\/categories?post=3394"},{"taxonomy":"post_tag","embeddable":true,"href":"https:\/\/www.canarias.com\/blog\/wp-json\/wp\/v2\/tags?post=3394"}],"curies":[{"name":"wp","href":"https:\/\/api.w.org\/{rel}","templated":true}]}}