{"id":3562,"date":"2016-03-17T10:32:41","date_gmt":"2016-03-17T10:32:41","guid":{"rendered":"http:\/\/www.canarias.com\/blog\/?p=3562"},"modified":"2016-03-17T10:37:24","modified_gmt":"2016-03-17T10:37:24","slug":"canarias-latin-festival-2016","status":"publish","type":"post","link":"https:\/\/www.canarias.com\/blog\/canarias-latin-festival-2016\/","title":{"rendered":"Canarias Latin Festival 2016"},"content":{"rendered":"<h2>Canarias Latin Festival 2016<\/h2>\n<p style=\"text-align: justify;\">El <strong>Festival Latino m\u00e1s importante del mundo<\/strong> llega a Canarias &#8211; todav\u00eda est\u00e1s a tiempo para <strong><a href=\"http:\/\/www.canarias.com\/\" target=\"_blank\">organizar tu viaje<\/a><\/strong> para asistir al evento musical m\u00e1s importante del a\u00f1o en <strong>Lanzarote<\/strong> y <strong>Gran Canaria<\/strong>. Artistas internacionales de la talla de<strong> Don Omar<\/strong>, <strong>Prince Royce,<\/strong> <strong>Gilberto Santa Rosa<\/strong>, etc. van a reunir para dar un concierto inolvidable.<\/p>\n<h3>Lanzarote &#8211; 07 de Abril (Estadio de f\u00fatbol de San Bartolom\u00e9)<\/h3>\n<h3>Gran Canarias &#8211; 08 de Abril (Parcela Sur Estadio de Gran Canaria)<\/h3>\n<p>&nbsp;<\/p>\n<div id=\"attachment_3564\" style=\"width: 310px\" class=\"wp-caption aligncenter\"><img aria-describedby=\"caption-attachment-3564\" loading=\"lazy\" class=\"size-medium wp-image-3564\" src=\"http:\/\/www.canarias.com\/blog\/wp-content\/uploads\/2016\/03\/15342377308_900633ca56_z-300x300.jpg\" alt=\"Don Omar autor: Siednji Leon\" width=\"300\" height=\"300\" srcset=\"https:\/\/www.canarias.com\/blog\/wp-content\/uploads\/2016\/03\/15342377308_900633ca56_z-300x300.jpg 300w, https:\/\/www.canarias.com\/blog\/wp-content\/uploads\/2016\/03\/15342377308_900633ca56_z-510x510.jpg 510w, https:\/\/www.canarias.com\/blog\/wp-content\/uploads\/2016\/03\/15342377308_900633ca56_z-144x144.jpg 144w, https:\/\/www.canarias.com\/blog\/wp-content\/uploads\/2016\/03\/15342377308_900633ca56_z-150x150.jpg 150w, https:\/\/www.canarias.com\/blog\/wp-content\/uploads\/2016\/03\/15342377308_900633ca56_z-200x200.jpg 200w, https:\/\/www.canarias.com\/blog\/wp-content\/uploads\/2016\/03\/15342377308_900633ca56_z.jpg 640w\" sizes=\"(max-width: 300px) 100vw, 300px\" \/><p id=\"caption-attachment-3564\" class=\"wp-caption-text\">Don Omar autor: Siednji Leon<\/p><\/div>\n<h3>Don Omar<\/h3>\n<p style=\"text-align: justify;\">El<a href=\"https:\/\/es.wikipedia.org\/wiki\/Reguet%C3%B3n\"> reguet\u00f3n<\/a>\u00a0es un g\u00e9nero musical que surgi\u00f3 en Puerto Rico a principios de los 90 y se puede decir que es una fusi\u00f3n de salsa cl\u00e1sica, bomba puertorrique\u00f1a\u00a0y hip-hop. Uno de los <strong>m\u00e1ximos representantes<\/strong> de este estilo es el puertorrique\u00f1o William Omar Landr\u00f3n Riviera &#8211; conocido art\u00edsticamente como <strong>Don Omar, <\/strong>quien a los 12 a\u00f1os ya escrib\u00eda poemas y letras de canciones.\u00a0Su carrera musical comenz\u00f3 en 2002 cuando H\u00e9ctor \u00abEl Bambino\u00bb le apadrin\u00f3 como productor. Hoy d\u00eda Don Omar tiene vendido m\u00e1s de<strong> 10 millones de \u00e1lbumes<\/strong> en todo el mundo y se ha convertido en un \u00eddolo latino, con m\u00e1s de 21 millones de seguidores en Facebook y 5 millones de seguidores en Twitter. Don Omar es un actor, cantante, compositor, productor musical y empresario tambi\u00e9n. \u00b4El Rey\u00b4es un sin\u00f3nimo de fiesta y tiene un <strong>Premio Grammy,\u00a0<\/strong>durante la gira 2016 va a presentar su \u00faltimo disco \u00abLos Insuperables\u00bb y como no todas las canciones que le han convertido en uno de los mejores del g\u00e9nero urbano.<\/p>\n<p style=\"text-align: justify;\"><strong>Madrid<\/strong>\u00a0 Palacio de Vista Alegre,<strong>\u00a03 de Abril<\/strong><\/p>\n<p style=\"text-align: justify;\"><strong>Canarias\u00a0<\/strong>Lanzarote y Gran Canaria,<strong> 7-8 de Abril<\/strong><\/p>\n<p style=\"text-align: justify;\"><strong>M\u00e1laga\u00a0<\/strong>Auditorio Municipal de M\u00e1laga,<strong> 9 de Abril<\/strong><\/p>\n<p style=\"text-align: justify;\"><strong>Barcelona<\/strong> L\u00b4Hospitalet de Llobregat, <strong>10 de Abril<\/strong><\/p>\n<p>&nbsp;<\/p>\n<p><img loading=\"lazy\" class=\"aligncenter wp-image-3567\" src=\"http:\/\/www.canarias.com\/blog\/wp-content\/uploads\/2016\/03\/2-300x169.jpg\" alt=\"\" width=\"351\" height=\"198\" srcset=\"https:\/\/www.canarias.com\/blog\/wp-content\/uploads\/2016\/03\/2-300x169.jpg 300w, https:\/\/www.canarias.com\/blog\/wp-content\/uploads\/2016\/03\/2-510x287.jpg 510w, https:\/\/www.canarias.com\/blog\/wp-content\/uploads\/2016\/03\/2-500x281.jpg 500w, https:\/\/www.canarias.com\/blog\/wp-content\/uploads\/2016\/03\/2.jpg 627w\" sizes=\"(max-width: 351px) 100vw, 351px\" \/><\/p>\n<h3>Prince Royce<\/h3>\n<p style=\"text-align: justify;\">Geoffrey Royce Rojas conocido art\u00edsticamente como <strong>Prince Royce<\/strong> es uno de los <strong>m\u00e1s grandes representantes de la <a href=\"https:\/\/es.wikipedia.org\/wiki\/Bachata\">bachata<\/a> <\/strong>y la m\u00fasica latina. Nacido en el Bronx neoyorquino el 11 de Mayo de 1989. Sus padres son de origen dominicano y es el segundo hijo de cuatro hermanos. Desde muy peque\u00f1o interes\u00f3 por la m\u00fasica y a los 13 a\u00f1os empez\u00f3 escribir poes\u00eda. A los 16 ya realiz\u00f3 sus primeras composiciones musicales y adopt\u00f3 el nombre art\u00edstico de Prince Royce. A sus 19 a\u00f1os conoci\u00f3 a Andr\u00e9s Hidalgo, quien tras conocer una de sus maquetas musicales se convirti\u00f3 en su m\u00e1nager y lo impuls\u00f3 a la m\u00fasicabachata.\u00a0<span style=\"line-height: 1.5;\">Debut\u00f3 en 2010 con el disco Prince Royce, que enseguida estuvo en <strong>las listas de ventas latinas del mercado americano<\/strong>.\u00a0<\/span><\/p>\n<p><strong>Nota importante:\u00a0<\/strong>No esta permitido el acceso a menores de 18 a\u00f1os.<\/p>\n","protected":false},"excerpt":{"rendered":"<p>Canarias Latin Festival 2016 El Festival Latino m\u00e1s importante del mundo llega a Canarias &#8211; todav\u00eda est\u00e1s a tiempo para organizar tu viaje para asistir al evento musical m\u00e1s importante del a\u00f1o en Lanzarote y Gran Canaria. Artistas internacionales de la talla de Don Omar, Prince Royce, Gilberto Santa Rosa, etc. van a reunir para [&hellip;]<\/p>\n","protected":false},"author":1,"featured_media":3569,"comment_status":"open","ping_status":"open","sticky":false,"template":"","format":"standard","meta":[],"categories":[431,503,497],"tags":[621,622,623,620,619],"_links":{"self":[{"href":"https:\/\/www.canarias.com\/blog\/wp-json\/wp\/v2\/posts\/3562"}],"collection":[{"href":"https:\/\/www.canarias.com\/blog\/wp-json\/wp\/v2\/posts"}],"about":[{"href":"https:\/\/www.canarias.com\/blog\/wp-json\/wp\/v2\/types\/post"}],"author":[{"embeddable":true,"href":"https:\/\/www.canarias.com\/blog\/wp-json\/wp\/v2\/users\/1"}],"replies":[{"embeddable":true,"href":"https:\/\/www.canarias.com\/blog\/wp-json\/wp\/v2\/comments?post=3562"}],"version-history":[{"count":6,"href":"https:\/\/www.canarias.com\/blog\/wp-json\/wp\/v2\/posts\/3562\/revisions"}],"predecessor-version":[{"id":3572,"href":"https:\/\/www.canarias.com\/blog\/wp-json\/wp\/v2\/posts\/3562\/revisions\/3572"}],"wp:featuredmedia":[{"embeddable":true,"href":"https:\/\/www.canarias.com\/blog\/wp-json\/wp\/v2\/media\/3569"}],"wp:attachment":[{"href":"https:\/\/www.canarias.com\/blog\/wp-json\/wp\/v2\/media?parent=3562"}],"wp:term":[{"taxonomy":"category","embeddable":true,"href":"https:\/\/www.canarias.com\/blog\/wp-json\/wp\/v2\/categories?post=3562"},{"taxonomy":"post_tag","embeddable":true,"href":"https:\/\/www.canarias.com\/blog\/wp-json\/wp\/v2\/tags?post=3562"}],"curies":[{"name":"wp","href":"https:\/\/api.w.org\/{rel}","templated":true}]}}