{"id":3673,"date":"2016-04-18T17:39:29","date_gmt":"2016-04-18T17:39:29","guid":{"rendered":"http:\/\/www.canarias.com\/blog\/?p=3673"},"modified":"2016-04-18T17:40:06","modified_gmt":"2016-04-18T17:40:06","slug":"agenda-tenerife-festival-naturajazz-2016","status":"publish","type":"post","link":"https:\/\/www.canarias.com\/blog\/agenda-tenerife-festival-naturajazz-2016\/","title":{"rendered":"Agenda Tenerife &#8211; Festival NaturaJazz 2016"},"content":{"rendered":"<p>Este mes y hasta el 26 de mayo, en el Museo de la Naturaleza y el Hombre, podr\u00e1s asistir a la tercera edici\u00f3n del Festival #NaturaJazz donde podr\u00e1s aprender ciencia, observar las mejores fotos de naturaleza y escuchar jazz.<\/p>\n<p>Del\u00e9itate con la gran biodiversidad del planeta pero en especial con la Canaria y del resto de la Macaronesia.<\/p>\n<p>En su ya tercera edici\u00f3n de este novedoso evento, se ofrece una\u00a0variada oferta de actividades enfocadas a la fotograf\u00eda de la naturaleza y m\u00fasica.<\/p>\n<p>Los pr\u00f3ximos eventos del Festival NaturaJazz 2016 son los siguientes:<\/p>\n<p><strong>Mi\u00e9rcoles, 20 de abril 2016<\/strong>, a las 18:00 h. <strong>Caf\u00e9 tertulia<\/strong>\u00a0<strong>\u201cLa fotograf\u00eda de naturaleza en Canarias\u201d<\/strong>, con la participaci\u00f3n de los fot\u00f3grafos profesionales Coco Morales, Francis P\u00e9rez, Sergio Socorro y Oliver Yanes . Moderada por Juan Carlos Acosta, periodistas Radio Auton\u00f3mica de Canarias. (<a href=\"http:\/\/www.naturajazz.es\/tertulias-cafe\/\">M\u00e1s informaci\u00f3n<\/a>) (<em>Entrada libre y gratuita<\/em>).<\/p>\n<p><strong>Jueves 21 de abril 2016<\/strong>, a las 21:00 h. <strong>Noche de conciertos #NaturaJazz 2016 (3) por Chaira (Carlos Costa)<\/strong> y proyecci\u00f3n de las obras\u00a0<a href=\"http:\/\/www.naturajazz.es\/mi-tierra\/\">\u00abMi Tierra\u00bb<\/a> del fot\u00f3grafo <strong>Raico Rosenberg<\/strong> \u00a0y <a href=\"http:\/\/www.naturajazz.es\/una-foto-una-historia\/\">\u00abUna foto, una historia\u00bb<\/a> del fot\u00f3grafo\u00a0<strong>Vicente Cubas Bethencourt<\/strong>.<\/p>\n<p><em><strong><a href=\"http:\/\/www.naturajazz.es\/chaira-carlos-costa-tenerife\/\">Chaira<\/a><\/strong> es un quinteto liderado por Carlos Costa, contrabajista que focaliza su trabajo en la m\u00fasica improvisada. Su trayectoria musical viene marcada por la participaci\u00f3n en numerosas formaciones y proyecto que hacen de \u00e9l un m\u00fasico vers\u00e1til y que ha visto su sonido y personalidad enriquecidos por estas diversas influencias.<\/em><\/p>\n<p><strong>Martes 26, mi\u00e9rcoles 27 y jueves 28 de abril de 2016<\/strong> de 17:00 a 20:00\u00a0h.<strong> Curso de iniciaci\u00f3n a la fotograf\u00eda de naturaleza y viajes<\/strong>por Oliver Yanes\u00a0<a href=\"http:\/\/www.oliveryanes.com\/\">www.oliveryanes.com<\/a> (9 horas).\u00a0\u00a0Plazas limitadas a 25. Precio 30 euros. (<a href=\"http:\/\/www.naturajazz.es\/curso-de-fotografia\/\">Formularios de inscripci\u00f3n on line<\/a>).<\/p>\n<p><strong>Jueves 28 de abril 2016<\/strong>, a las 21:00 h. <strong>Noche de conciertos #NaturaJazz 2016 (4) por ST Fusion\u00a0<\/strong>y proyecci\u00f3n de las obras <a href=\"http:\/\/www.naturajazz.es\/mexico-galapagos-y-egipto\/\">\u00abM\u00e9xico, Gal\u00e1pagos y Egipto. Una visi\u00f3n submarina\u00bb<\/a> del fot\u00f3grafo\u00a0<strong>Francis P\u00e9rez<\/strong>\u00a0y <a href=\"http:\/\/www.naturajazz.es\/dive-and-live-in-the-world\/\">\u00ab<em>Dive and live in the world<\/em>\u00bb<\/a> del fot\u00f3grafo <strong>Jes\u00fas Yeray Delgado Dorta<\/strong>.<\/p>\n<p><em><strong><a href=\"http:\/\/www.naturajazz.es\/st-fusion-tenerife\/\">ST Fusion<\/a><\/strong>, banda residente en Tenerife, a trav\u00e9s de su especial mundo sonoro, fruto de la uni\u00f3n de diferentes ideas musicales de extremos, entre oriente y occidente, mostrar\u00e1 el resultado de sus diez a\u00f1os de vida, en los que se ha labrado un camino intenso, con cinco discos editado y presencia en pa\u00edses tan diversos como Portugal, Brasil, Jap\u00f3n y Reino Unido.<\/em><\/p>\n<p><strong>MAYO\u00a02016<\/strong><\/p>\n<p><strong>Mi\u00e9rcoles 4 de mayo 2016<\/strong>, a las 18:00 h. a 20:00 h. <strong><em>Master Class<\/em>\u00a0\u201cPaisaje y fotograf\u00eda panor\u00e1mica.\u00a0<em>Fundamentos te\u00f3ricos, procedimientos de realizaci\u00f3n y montaje digital\u201d,\u00a0<\/em>por Sergio Socorro<em>.\u00a0<\/em><\/strong>Plazas limitadas 60. Precio por <em>Master Class<\/em>: 10 euros. Todas las<em> Master Class<\/em>, en total cuatro, 30 euros. \u00a0(Formularios de inscripci\u00f3n on line disponibles en esta web).<\/p>\n<p><strong>Jueves 5 de mayo 2016<\/strong>, a las 21:00 h. <strong>Noche de conciertos #NaturaJazz 2016 (5) por Macaronesian Jazz Quartet<\/strong>y proyecci\u00f3n de las obras \u00abSal para\u00edso submarino de la Macaronesia\u00bb del fot\u00f3grafo <strong>Sacha Lobenstein<\/strong> y\u00a0\u00abAves nidificantes en el archipi\u00e9lago canario\u00bb del fot\u00f3grafo <strong>Antonio Jes\u00fas Acedo Afonso<\/strong>.<\/p>\n<p><strong>Mi\u00e9rcoles 11 de mayo 2016<\/strong>, a las 18:00 h. a 20:00 h. <strong><em>Master Class<\/em>\u00a0\u201c<em>Fotograf\u00eda de viajes, Nicaragua vs Nueva York<\/em>\u201c, por Coco Morales<\/strong>. Plazas limitadas a 60. Precio por <em>Master Class<\/em>: 10 euros. Todas las <em>Master Class<\/em>, en total cuatro, 30 euros.\u00a0(Formularios de inscripci\u00f3n on line disponibles en esta web).<\/p>\n<p><strong>Jueves 12 de mayo 2016<\/strong>, a las 21:00 h. <strong>Noche de conciertos #NaturaJazz 2016 (6) por To\u00f1in Corujo Quartet <\/strong>y proyecci\u00f3n de las obras\u00a0\u00abLaurisilva, prisionera del alisio\u00bb del fot\u00f3grafo <strong>Jos\u00e9 Juan Hern\u00e1ndez Mart\u00ednez<\/strong> \u00a0y\u00a0\u00abMar de Las Calmas\u00bb del fot\u00f3grafo <strong>Carlos Minguell<\/strong>.<\/p>\n<p><strong><em><a href=\"http:\/\/www.naturajazz.es\/tonin-corujo-lanzarote\/\">To\u00f1in Corujo Quartet<\/a>, <\/em><\/strong><em>desde Lanzarote nos<\/em>\u00a0trae su trabajo de investigaci\u00f3n en torno al timple, que tiene <em>\u201cuna forma diferente de abordar la m\u00fasica, sin recurrir a arreglos sobre los temas habituales de la m\u00fasica popular. El esp\u00edritu de lo canario, emana en cada nota\u201d.<\/em><\/p>\n<p><strong>Mi\u00e9rcoles 18 de mayo 2016<\/strong>, a las 18:00 h. a 20:00 h. <strong><em>Master Class<\/em><\/strong>\u00a0<strong>\u201c<em>A<\/em><\/strong><b><em>strofotograf\u00eda y fotograf\u00eda nocturna<\/em>\u201c, por Daniel L\u00f3pez<\/b>. Plazas limitadas a 60.\u00a0Precio por <em>Master Class<\/em>: 10 euros. Todas las <em>Master Class<\/em>, en total cuatro, 30 euros.\u00a0(Formularios de inscripci\u00f3n on line disponibles en esta web).<\/p>\n<p><strong>Jueves 19 de mayo\u00a02016<\/strong>, a las 21:00 h. <strong>Noche de conciertos #NaturaJazz 2016 (7) por World Kora Trio <\/strong>y proyecci\u00f3n de las obras \u00abLa naturaleza del sur de \u00c1frica\u00bb del fot\u00f3grafo <strong>Oliver Yanes<\/strong> y \u00abRapaces del mundo\u00bb del fot\u00f3grafo<strong>Yeray Seminario Valenciaga<\/strong>.<\/p>\n<p><em><strong><a href=\"http:\/\/www.naturajazz.es\/world-kora-trio-francia\/\">World Kora Trio<\/a><\/strong>, banda radicada en Francia que promueve la interculturalidad a trav\u00e9s de su m\u00fasica mestiza basada en los sonidos del jazz y las influencias musicales de los pa\u00edses de sus componentes: Mali, Estados Unidos y Francia. Cora, violonchelo y percusi\u00f3n invitar\u00e1n al p\u00fablico asistente a un viaje sonoro transcontinental.<\/em><\/p>\n<p><strong>Mi\u00e9rcoles 25 de mayo 2016<\/strong>, a las 18:00 h. a 20:00 h. <strong><em>Master Class<\/em>\u00a0\u201c<em>Fotograf\u00eda submarina<\/em>\u201c, por Francis P\u00e9rez<\/strong>. Plazas limitadas 60. Precio por <em>Master Class<\/em>: 10 euros. Todas las <em>Master Class<\/em>, en total cuatro, 30 euros.(Formularios de inscripci\u00f3n on line disponibles en esta web).<\/p>\n<p><strong>Jueves 26 de mayo 2016<\/strong>, a las 21:00 h. <strong>Noche de conciertos #NaturaJazz 2016 (8) por Macaronesian Jazz Quartet\u00a0<\/strong>y proyecci\u00f3n de una selecciones de las mejores obras de #NaturaJazz 2016.<\/p>\n<p>\u00bfBuscando un <a href=\"http:\/\/www.canarias.com\"><strong>hotel barato en Santa Cruz<\/strong><\/a> para asistir al #NaturaJazz2016 ? entra <a href=\"http:\/\/www.canarias.com\">aqu\u00ed<\/a> y mira las ofertas<\/p>\n<p>Informaci\u00f3n\u00a0v\u00eda\u00a0http:\/\/www.naturajazz.es\/ de Museos de Tenerife La Naturaleza y El Hombre.<\/p>\n<p>&nbsp;<\/p>\n","protected":false},"excerpt":{"rendered":"<p>Este mes y hasta el 26 de mayo, en el Museo de la Naturaleza y el Hombre, podr\u00e1s asistir a la tercera edici\u00f3n del Festival #NaturaJazz donde podr\u00e1s aprender ciencia, observar las mejores fotos de naturaleza y escuchar jazz. Del\u00e9itate con la gran biodiversidad del planeta pero en especial con la Canaria y del resto [&hellip;]<\/p>\n","protected":false},"author":3,"featured_media":3676,"comment_status":"open","ping_status":"open","sticky":false,"template":"","format":"standard","meta":[],"categories":[503,108,1,40],"tags":[638,635,639,637,641,642,643,644,640,634,636],"_links":{"self":[{"href":"https:\/\/www.canarias.com\/blog\/wp-json\/wp\/v2\/posts\/3673"}],"collection":[{"href":"https:\/\/www.canarias.com\/blog\/wp-json\/wp\/v2\/posts"}],"about":[{"href":"https:\/\/www.canarias.com\/blog\/wp-json\/wp\/v2\/types\/post"}],"author":[{"embeddable":true,"href":"https:\/\/www.canarias.com\/blog\/wp-json\/wp\/v2\/users\/3"}],"replies":[{"embeddable":true,"href":"https:\/\/www.canarias.com\/blog\/wp-json\/wp\/v2\/comments?post=3673"}],"version-history":[{"count":4,"href":"https:\/\/www.canarias.com\/blog\/wp-json\/wp\/v2\/posts\/3673\/revisions"}],"predecessor-version":[{"id":3679,"href":"https:\/\/www.canarias.com\/blog\/wp-json\/wp\/v2\/posts\/3673\/revisions\/3679"}],"wp:featuredmedia":[{"embeddable":true,"href":"https:\/\/www.canarias.com\/blog\/wp-json\/wp\/v2\/media\/3676"}],"wp:attachment":[{"href":"https:\/\/www.canarias.com\/blog\/wp-json\/wp\/v2\/media?parent=3673"}],"wp:term":[{"taxonomy":"category","embeddable":true,"href":"https:\/\/www.canarias.com\/blog\/wp-json\/wp\/v2\/categories?post=3673"},{"taxonomy":"post_tag","embeddable":true,"href":"https:\/\/www.canarias.com\/blog\/wp-json\/wp\/v2\/tags?post=3673"}],"curies":[{"name":"wp","href":"https:\/\/api.w.org\/{rel}","templated":true}]}}