{"id":3691,"date":"2016-05-09T18:04:56","date_gmt":"2016-05-09T18:04:56","guid":{"rendered":"http:\/\/www.canarias.com\/blog\/?p=3691"},"modified":"2016-05-09T18:24:04","modified_gmt":"2016-05-09T18:24:04","slug":"mueca-2016","status":"publish","type":"post","link":"https:\/\/www.canarias.com\/blog\/mueca-2016\/","title":{"rendered":"Festival Internacional de Arte en la Calle MUECA 2016"},"content":{"rendered":"<h1 class=\"text1\">Programa y Mapa\u00a0MUECA 2016<\/h1>\n<p>Si, ha llegado el gran momento que todos esper\u00e1bamos! Empieza la cuenta atr\u00e1s para el Mueca 2016 en el <a href=\"http:\/\/www.canarias.com\">Puerto de la Cruz<\/a>.<\/p>\n<p>El Festival de Mueca 2016 ha cerrado con\u00a0cifra r\u00e9cord el listado de compa\u00f1\u00edas que optan a participar en esta edici\u00f3n del festival. M\u00e1s de 200 propuestas no han querido perderse el Festival en el que act\u00faan e intervienen artistas de compa\u00f1\u00edas canarias, nacionales e internacionales y que convierten al Puerto de la Cruz en la capital de las <a href=\"https:\/\/es.wikipedia.org\/wiki\/Artes_esc%C3%A9nicas\">artes esc\u00e9nicas<\/a> al aire libre del 12 al 15 de mayo de 2016.<\/p>\n<p>&nbsp;<\/p>\n<p><a href=\"http:\/\/www.canarias.com\/blog\/wp-content\/uploads\/2016\/05\/mueca-2.jpg\"><img loading=\"lazy\" class=\"aligncenter wp-image-3693 size-full\" src=\"http:\/\/www.canarias.com\/blog\/wp-content\/uploads\/2016\/05\/mueca-2.jpg\" alt=\"Mueca 2016\" width=\"993\" height=\"708\" srcset=\"https:\/\/www.canarias.com\/blog\/wp-content\/uploads\/2016\/05\/mueca-2.jpg 993w, https:\/\/www.canarias.com\/blog\/wp-content\/uploads\/2016\/05\/mueca-2-300x214.jpg 300w, https:\/\/www.canarias.com\/blog\/wp-content\/uploads\/2016\/05\/mueca-2-768x548.jpg 768w, https:\/\/www.canarias.com\/blog\/wp-content\/uploads\/2016\/05\/mueca-2-510x364.jpg 510w, https:\/\/www.canarias.com\/blog\/wp-content\/uploads\/2016\/05\/mueca-2-421x300.jpg 421w\" sizes=\"(max-width: 993px) 100vw, 993px\" \/><\/a><\/p>\n<h2><\/h2>\n<h2>Qu\u00e9 es el Festival Mueca?<\/h2>\n<p>El Mueca\u00a0con m\u00e1s de 10 a\u00f1os de historia, consigue hoy d\u00eda reunir a m\u00e1s de 6700 espectadores.<\/p>\n<p>El Festival Mueca no es s\u00f3lo lo que puedes ver, sino lo que puedes sentir y re\u00edr. Se realizan diferentes actuaciones de teatro, comedia, malabares y un largo etc. convirtiendo las calles del <a href=\"http:\/\/rentacar.canarias.com\">Puerto de la Cruz<\/a> en un circo, teatro,\u00a0galer\u00eda de arte, etc<\/p>\n<p>El Mueca no se puede contar, el Mueca para para vivirlo!<\/p>\n<p>&nbsp;<\/p>\n<p><a href=\"http:\/\/www.canarias.com\/blog\/wp-content\/uploads\/2016\/05\/mueca-3.jpg\"><img loading=\"lazy\" class=\"aligncenter size-full wp-image-3694\" src=\"http:\/\/www.canarias.com\/blog\/wp-content\/uploads\/2016\/05\/mueca-3.jpg\" alt=\"Mueca 2016\" width=\"993\" height=\"707\" srcset=\"https:\/\/www.canarias.com\/blog\/wp-content\/uploads\/2016\/05\/mueca-3.jpg 993w, https:\/\/www.canarias.com\/blog\/wp-content\/uploads\/2016\/05\/mueca-3-300x214.jpg 300w, https:\/\/www.canarias.com\/blog\/wp-content\/uploads\/2016\/05\/mueca-3-768x547.jpg 768w, https:\/\/www.canarias.com\/blog\/wp-content\/uploads\/2016\/05\/mueca-3-510x363.jpg 510w, https:\/\/www.canarias.com\/blog\/wp-content\/uploads\/2016\/05\/mueca-3-421x300.jpg 421w\" sizes=\"(max-width: 993px) 100vw, 993px\" \/><\/a><\/p>\n<p>&nbsp;<\/p>\n<h2>Programa Festival Mueca 2016<\/h2>\n<p>Te adjuntamos el Programa del Festival Internacional de Arte en la Calle Mueca 2016<\/p>\n<p>http:\/\/bit.ly\/ProgramaMueca<\/p>\n<p>&nbsp;<\/p>\n<h2>Mapa del Festival Mueca 2016<\/h2>\n<p>Hazte un planning de las actuaciones que no te quieres perder<\/p>\n<p>http:\/\/bit.ly\/MapaMueca2016<\/p>\n<p>&nbsp;<\/p>\n<p><a href=\"http:\/\/www.canarias.com\/blog\/wp-content\/uploads\/2016\/05\/mueca-1.jpg\"><img loading=\"lazy\" class=\"aligncenter size-full wp-image-3692\" src=\"http:\/\/www.canarias.com\/blog\/wp-content\/uploads\/2016\/05\/mueca-1.jpg\" alt=\"Mueca 2016\" width=\"992\" height=\"705\" srcset=\"https:\/\/www.canarias.com\/blog\/wp-content\/uploads\/2016\/05\/mueca-1.jpg 992w, https:\/\/www.canarias.com\/blog\/wp-content\/uploads\/2016\/05\/mueca-1-300x213.jpg 300w, https:\/\/www.canarias.com\/blog\/wp-content\/uploads\/2016\/05\/mueca-1-768x546.jpg 768w, https:\/\/www.canarias.com\/blog\/wp-content\/uploads\/2016\/05\/mueca-1-510x362.jpg 510w, https:\/\/www.canarias.com\/blog\/wp-content\/uploads\/2016\/05\/mueca-1-422x300.jpg 422w\" sizes=\"(max-width: 992px) 100vw, 992px\" \/><\/a><\/p>\n<p>&nbsp;<\/p>\n<p>&nbsp;<\/p>\n","protected":false},"excerpt":{"rendered":"<p>Programa y Mapa\u00a0MUECA 2016 Si, ha llegado el gran momento que todos esper\u00e1bamos! Empieza la cuenta atr\u00e1s para el Mueca 2016 en el Puerto de la Cruz. El Festival de Mueca 2016 ha cerrado con\u00a0cifra r\u00e9cord el listado de compa\u00f1\u00edas que optan a participar en esta edici\u00f3n del festival. M\u00e1s de 200 propuestas no han [&hellip;]<\/p>\n","protected":false},"author":3,"featured_media":3694,"comment_status":"open","ping_status":"open","sticky":false,"template":"","format":"standard","meta":[],"categories":[431,503,1,40,69],"tags":[654,656,657,655,652,653,651],"_links":{"self":[{"href":"https:\/\/www.canarias.com\/blog\/wp-json\/wp\/v2\/posts\/3691"}],"collection":[{"href":"https:\/\/www.canarias.com\/blog\/wp-json\/wp\/v2\/posts"}],"about":[{"href":"https:\/\/www.canarias.com\/blog\/wp-json\/wp\/v2\/types\/post"}],"author":[{"embeddable":true,"href":"https:\/\/www.canarias.com\/blog\/wp-json\/wp\/v2\/users\/3"}],"replies":[{"embeddable":true,"href":"https:\/\/www.canarias.com\/blog\/wp-json\/wp\/v2\/comments?post=3691"}],"version-history":[{"count":3,"href":"https:\/\/www.canarias.com\/blog\/wp-json\/wp\/v2\/posts\/3691\/revisions"}],"predecessor-version":[{"id":3697,"href":"https:\/\/www.canarias.com\/blog\/wp-json\/wp\/v2\/posts\/3691\/revisions\/3697"}],"wp:featuredmedia":[{"embeddable":true,"href":"https:\/\/www.canarias.com\/blog\/wp-json\/wp\/v2\/media\/3694"}],"wp:attachment":[{"href":"https:\/\/www.canarias.com\/blog\/wp-json\/wp\/v2\/media?parent=3691"}],"wp:term":[{"taxonomy":"category","embeddable":true,"href":"https:\/\/www.canarias.com\/blog\/wp-json\/wp\/v2\/categories?post=3691"},{"taxonomy":"post_tag","embeddable":true,"href":"https:\/\/www.canarias.com\/blog\/wp-json\/wp\/v2\/tags?post=3691"}],"curies":[{"name":"wp","href":"https:\/\/api.w.org\/{rel}","templated":true}]}}