{"id":3711,"date":"2016-06-10T08:09:59","date_gmt":"2016-06-10T08:09:59","guid":{"rendered":"http:\/\/www.canarias.com\/blog\/?p=3711"},"modified":"2017-05-22T09:55:07","modified_gmt":"2017-05-22T09:55:07","slug":"villa-teror","status":"publish","type":"post","link":"https:\/\/www.canarias.com\/blog\/villa-teror\/","title":{"rendered":"Teror. Un presente con todo el encanto del pasado"},"content":{"rendered":"<p>La Villa de Teror es un precioso municipio y una de las poblaciones m\u00e1s antiguas ubicada en las median\u00edas del norte de <a href=\"http:\/\/www.canarias.com\/hoteles\/espana\/gran-canaria\">Gran Canaria<\/a>.<\/p>\n<p>Su historia est\u00e1 \u00edntimamente ligada a la aparici\u00f3n de la imagen de la Virgen del Pino, siendo considerada Villa Mariana desde el siglo XV siendo la sede de la Patrona de la isla y su centro de peregrinaci\u00f3n.<\/p>\n<p><a href=\"http:\/\/www.canarias.com\/blog\/wp-content\/uploads\/2016\/06\/Ayuntamiento_teror_gran_canaria.jpg\"><img loading=\"lazy\" class=\"alignnone size-large wp-image-3712\" src=\"http:\/\/www.canarias.com\/blog\/wp-content\/uploads\/2016\/06\/Ayuntamiento_teror_gran_canaria-510x339.jpg\" alt=\"Ayuntamiento Teror\" width=\"510\" height=\"339\" srcset=\"https:\/\/www.canarias.com\/blog\/wp-content\/uploads\/2016\/06\/Ayuntamiento_teror_gran_canaria-510x339.jpg 510w, https:\/\/www.canarias.com\/blog\/wp-content\/uploads\/2016\/06\/Ayuntamiento_teror_gran_canaria-300x199.jpg 300w, https:\/\/www.canarias.com\/blog\/wp-content\/uploads\/2016\/06\/Ayuntamiento_teror_gran_canaria-768x511.jpg 768w, https:\/\/www.canarias.com\/blog\/wp-content\/uploads\/2016\/06\/Ayuntamiento_teror_gran_canaria-451x300.jpg 451w\" sizes=\"(max-width: 510px) 100vw, 510px\" \/><\/a><\/p>\n<p>La villa de Teror adem\u00e1s de poseer un gran atractivo m\u00edstico por la gran devoci\u00f3n que se profesa a la Virgen del Pino, patrona de la Isla, es tambi\u00e9n uno de los municipios de Gran Canaria con mayor valor hist\u00f3rico y natural.<\/p>\n<p>Actualmente, Teror presenta un significativo crecimiento econ\u00f3mico en el que influye por un lado su cercan\u00eda a Las Palmas de Gran Canaria, capital de la isla, y por otro, su dinamismo econ\u00f3mico el cual mantiene su tradicional actividad agr\u00edcola y ganadera que provee al mercado local y adem\u00e1s posee tambi\u00e9n una adelantada industria alimenticia, teniendo como ejemplo de esta emergente industria el Agua de Teror, sus embutidos y su reposter\u00eda, lo que le ha otorgado un gran reconocimiento en toda la isla y en el resto de las Islas Canarias.<\/p>\n<p>Asimismo, en los \u00faltimos a\u00f1os, Teror ha presentado un incremento de visitantes y turistas lo cual ha contribuido a diversificar su econom\u00eda hacia el sector tur\u00edstico de alojamientos rurales.<\/p>\n<p>La Plaza de Teror es el foco fundamental de la villa y sitio de entrada a la Bas\u00edlica adem\u00e1s de ser lugar de paso en el casco hist\u00f3rico del municipio. Desde ella se pueden admirar los balcones t\u00edpicos de la arquitectura canaria.<\/p>\n<p><a href=\"http:\/\/www.canarias.com\/blog\/wp-content\/uploads\/2016\/06\/teror-portada-768x510.jpg\"><img loading=\"lazy\" class=\"alignnone size-large wp-image-3713\" src=\"http:\/\/www.canarias.com\/blog\/wp-content\/uploads\/2016\/06\/teror-portada-768x510-510x339.jpg\" alt=\"Teror\" width=\"510\" height=\"339\" srcset=\"https:\/\/www.canarias.com\/blog\/wp-content\/uploads\/2016\/06\/teror-portada-768x510-510x339.jpg 510w, https:\/\/www.canarias.com\/blog\/wp-content\/uploads\/2016\/06\/teror-portada-768x510-300x199.jpg 300w, https:\/\/www.canarias.com\/blog\/wp-content\/uploads\/2016\/06\/teror-portada-768x510.jpg 768w, https:\/\/www.canarias.com\/blog\/wp-content\/uploads\/2016\/06\/teror-portada-768x510-452x300.jpg 452w\" sizes=\"(max-width: 510px) 100vw, 510px\" \/><\/a><\/p>\n<p>A corta distancia de la Bas\u00edlica se encuentra la Plaza Teresa de Bol\u00edvar, reformada en la d\u00e9cada de los 50 del pasado siglo y donde se puede visitar el busto del libertador Sim\u00f3n Bol\u00edvar, pr\u00f3cer independentista venezolano.<\/p>\n<p>Tambi\u00e9n se encuentra el Monasterio del Cister, el cual remonta su origen al a\u00f1o 1882, al iniciarse las obras impulsadas por el p\u00e1rroco D. Judas Antonio D\u00e1vila. Se conservan a\u00fan en ella las im\u00e1genes de San Benito y San Ildefonso, del antiguo convento de Las Palmas de Gran Canaria.<\/p>\n<p>Uno de los lugares m\u00e1s emblem\u00e1ticos de Teror es la popular Fuente Agria, adem\u00e1s de ser uno de los principales ingresos del Ayuntamiento. Se compone de tres manantiales: el Principal, del Agua Agria y del Molino de en medio.<\/p>\n<p>Teror tambi\u00e9n posee varios y maravillosos espacios naturales protegidos entre los que se encuentran Pino Santo, de gran belleza y gran valor ecol\u00f3gico; el Parque Natural de Doramas, donde se sit\u00faan los barrancos de Azuaje y Moya; la Finca de Osorio, que alberga el Aula de la Naturaleza de Osorio; la Caldera de Pino Santo.<\/p>\n<p>La Villa de Teror tambi\u00e9n es uno de los municipios ideales para la adquisici\u00f3n de artesan\u00eda t\u00edpica canaria unida a la excelente gastronom\u00eda que identifica al pueblo y que tienen su punto de encuentro en el mercadillo alrededor de la Bas\u00edlica de Teror.<\/p>\n<p><a href=\"http:\/\/www.canarias.com\/blog\/wp-content\/uploads\/2016\/06\/mercadillo-teror.jpg\"><img loading=\"lazy\" class=\"alignnone size-large wp-image-3714\" src=\"http:\/\/www.canarias.com\/blog\/wp-content\/uploads\/2016\/06\/mercadillo-teror-510x354.jpg\" alt=\"mercadillo-teror\" width=\"510\" height=\"354\" srcset=\"https:\/\/www.canarias.com\/blog\/wp-content\/uploads\/2016\/06\/mercadillo-teror-510x354.jpg 510w, https:\/\/www.canarias.com\/blog\/wp-content\/uploads\/2016\/06\/mercadillo-teror-300x208.jpg 300w, https:\/\/www.canarias.com\/blog\/wp-content\/uploads\/2016\/06\/mercadillo-teror.jpg 600w, https:\/\/www.canarias.com\/blog\/wp-content\/uploads\/2016\/06\/mercadillo-teror-433x300.jpg 433w\" sizes=\"(max-width: 510px) 100vw, 510px\" \/><\/a><\/p>\n<p>La principal fiesta en Teror se celebra el d\u00eda 8 de septiembre y es la Fiesta en Honor de Nuestra Se\u00f1ora del Pino, patrona de la Di\u00f3cesis Canariensis Rubiscenc, y su historia se remonta al siglo XVII, cuando se trasladaba a la Virgen del Pino a la capital de la Isla, con el fin de rogar la aparici\u00f3n de lluvias. La afluencia de fieles y romeros en la carretera de Teror a lo largo de toda la noche son ya una costumbre que arrastra a miles de visitantes y habitantes de la Isla, concentr\u00e1ndose en La Plaza de Teror que los recibe a altas horas de la madrugada donde contin\u00faan las fiestas y parrandas a lo largo del resto del d\u00eda.<\/p>\n<p><a href=\"http:\/\/www.canarias.com\/blog\/wp-content\/uploads\/2016\/06\/teror-fiestas.jpg\"><img loading=\"lazy\" class=\"alignnone size-large wp-image-3715\" src=\"http:\/\/www.canarias.com\/blog\/wp-content\/uploads\/2016\/06\/teror-fiestas-510x287.jpg\" alt=\"teror-fiestas\" width=\"510\" height=\"287\" srcset=\"https:\/\/www.canarias.com\/blog\/wp-content\/uploads\/2016\/06\/teror-fiestas-510x287.jpg 510w, https:\/\/www.canarias.com\/blog\/wp-content\/uploads\/2016\/06\/teror-fiestas-300x169.jpg 300w, https:\/\/www.canarias.com\/blog\/wp-content\/uploads\/2016\/06\/teror-fiestas.jpg 768w, https:\/\/www.canarias.com\/blog\/wp-content\/uploads\/2016\/06\/teror-fiestas-500x281.jpg 500w\" sizes=\"(max-width: 510px) 100vw, 510px\" \/><\/a><\/p>\n<p>Otra festividad destacada es la Fiesta del Agua,\u00a0 celebrada el \u00faltimo domingo de julio, coincidiendo con la recogida de las cosechas. Tambi\u00e9n destaca la Fiesta de San Jos\u00e9 la cual se celebra el primer domingo de mayo, y en ella el pueblo se vuelca con sus tradiciones y artesan\u00edas, y con la celebraci\u00f3n de ferias de ganado.<\/p>\n","protected":false},"excerpt":{"rendered":"<p>La Villa de Teror es un precioso municipio y una de las poblaciones m\u00e1s antiguas ubicada en las median\u00edas del norte de Gran Canaria. Su historia est\u00e1 \u00edntimamente ligada a la aparici\u00f3n de la imagen de la Virgen del Pino, siendo considerada Villa Mariana desde el siglo XV siendo la sede de la Patrona de [&hellip;]<\/p>\n","protected":false},"author":1,"featured_media":3934,"comment_status":"open","ping_status":"open","sticky":false,"template":"","format":"standard","meta":[],"categories":[497,342,69],"tags":[663,515,662,661,664,665],"_links":{"self":[{"href":"https:\/\/www.canarias.com\/blog\/wp-json\/wp\/v2\/posts\/3711"}],"collection":[{"href":"https:\/\/www.canarias.com\/blog\/wp-json\/wp\/v2\/posts"}],"about":[{"href":"https:\/\/www.canarias.com\/blog\/wp-json\/wp\/v2\/types\/post"}],"author":[{"embeddable":true,"href":"https:\/\/www.canarias.com\/blog\/wp-json\/wp\/v2\/users\/1"}],"replies":[{"embeddable":true,"href":"https:\/\/www.canarias.com\/blog\/wp-json\/wp\/v2\/comments?post=3711"}],"version-history":[{"count":2,"href":"https:\/\/www.canarias.com\/blog\/wp-json\/wp\/v2\/posts\/3711\/revisions"}],"predecessor-version":[{"id":3718,"href":"https:\/\/www.canarias.com\/blog\/wp-json\/wp\/v2\/posts\/3711\/revisions\/3718"}],"wp:featuredmedia":[{"embeddable":true,"href":"https:\/\/www.canarias.com\/blog\/wp-json\/wp\/v2\/media\/3934"}],"wp:attachment":[{"href":"https:\/\/www.canarias.com\/blog\/wp-json\/wp\/v2\/media?parent=3711"}],"wp:term":[{"taxonomy":"category","embeddable":true,"href":"https:\/\/www.canarias.com\/blog\/wp-json\/wp\/v2\/categories?post=3711"},{"taxonomy":"post_tag","embeddable":true,"href":"https:\/\/www.canarias.com\/blog\/wp-json\/wp\/v2\/tags?post=3711"}],"curies":[{"name":"wp","href":"https:\/\/api.w.org\/{rel}","templated":true}]}}