{"id":3783,"date":"2016-10-08T11:40:43","date_gmt":"2016-10-08T11:40:43","guid":{"rendered":"http:\/\/www.canarias.com\/blog\/?p=3783"},"modified":"2016-10-08T11:40:43","modified_gmt":"2016-10-08T11:40:43","slug":"valverde","status":"publish","type":"post","link":"https:\/\/www.canarias.com\/blog\/valverde\/","title":{"rendered":"Valverde, un municipio con la belleza especial de lo natural"},"content":{"rendered":"<p>El Hierro es la isla de menor tama\u00f1o del archipi\u00e9lago canario. Desde el a\u00f1o 2000 fue declarada por la UNESCO, en su totalidad, Reserva de la Biosfera y es la primera isla del mundo en abastecerse totalmente de energ\u00edas renovables, siempre en perfecta armon\u00eda con el medio ambiente. La isla de\u00a0El Hierro es tambi\u00e9n conocida como\u00a0\u201cla Isla del Meridiano Cero\u201d. Sus pueblos son peque\u00f1os y pintorescos, muy tradicionales y de formas arquitect\u00f3nicas muy similares.<\/p>\n<p>Sin perder sus tradiciones, entre las que destaca la Bajada de la Virgen de los Reyes, patrona de la isla, el pueblo herre\u00f1o trabaja para lograr una forma de vida propia con miras hacia un futuro siempre sostenible. El Hierro, una peque\u00f1a isla colmada de enormes valores representa un ejemplo de lucha contra el cambio clim\u00e1tico.<\/p>\n<div id=\"attachment_3785\" style=\"width: 339px\" class=\"wp-caption alignnone\"><a href=\"http:\/\/www.canarias.com\/blog\/wp-content\/uploads\/2016\/10\/Virgenreyeselhierro.jpg\"><img aria-describedby=\"caption-attachment-3785\" loading=\"lazy\" class=\"size-full wp-image-3785\" src=\"http:\/\/www.canarias.com\/blog\/wp-content\/uploads\/2016\/10\/Virgenreyeselhierro.jpg\" alt=\"Virgen de Los Reyes \u2013 Patrona de la isla de El Hierro\" width=\"329\" height=\"355\" srcset=\"https:\/\/www.canarias.com\/blog\/wp-content\/uploads\/2016\/10\/Virgenreyeselhierro.jpg 329w, https:\/\/www.canarias.com\/blog\/wp-content\/uploads\/2016\/10\/Virgenreyeselhierro-278x300.jpg 278w\" sizes=\"(max-width: 329px) 100vw, 329px\" \/><\/a><p id=\"caption-attachment-3785\" class=\"wp-caption-text\">Virgen de Los Reyes \u2013 Patrona de la isla de El Hierro<\/p><\/div>\n<p>En el precioso entorno del <strong>municipio de Valverde <\/strong>podr\u00e1s degustar excelentes vinos procedentes de una explotaci\u00f3n vitivin\u00edcola que atesora una tradici\u00f3n e historia presente hoy en el municipio, en la zona de Los Valles, unas tierras que producen excelentes caldos, y nada mejor que acompa\u00f1arlos con el mejor queso ecol\u00f3gico de Canarias en el Concurso Oficial Agrocanarias: el exquisito queso Herre\u00f1o, el cual se produce principalmente en la central quesera y se ha convertido en un importante rengl\u00f3n de exportaci\u00f3n.<\/p>\n<p><strong>Valverde<\/strong>, sede de su Cabildo Insular, es la \u00fanica capital del archipi\u00e9lago canario que no est\u00e1 situada en la costa. En ella se encuentran tres barrios bien definidos, Tesine, La Calle y El Cabo.<\/p>\n<p><div id=\"attachment_3786\" style=\"width: 520px\" class=\"wp-caption alignnone\"><a href=\"http:\/\/www.canarias.com\/blog\/wp-content\/uploads\/2016\/10\/villa-valverde.jpg\"><img aria-describedby=\"caption-attachment-3786\" loading=\"lazy\" class=\"size-large wp-image-3786\" src=\"http:\/\/www.canarias.com\/blog\/wp-content\/uploads\/2016\/10\/villa-valverde-510x266.jpg\" alt=\"Villa de Valverde. Fotograf\u00eda: Mataparda [CC BY 3.0]\" width=\"510\" height=\"266\" srcset=\"https:\/\/www.canarias.com\/blog\/wp-content\/uploads\/2016\/10\/villa-valverde-510x266.jpg 510w, https:\/\/www.canarias.com\/blog\/wp-content\/uploads\/2016\/10\/villa-valverde-300x157.jpg 300w, https:\/\/www.canarias.com\/blog\/wp-content\/uploads\/2016\/10\/villa-valverde-768x401.jpg 768w, https:\/\/www.canarias.com\/blog\/wp-content\/uploads\/2016\/10\/villa-valverde-500x261.jpg 500w, https:\/\/www.canarias.com\/blog\/wp-content\/uploads\/2016\/10\/villa-valverde.jpg 1024w\" sizes=\"(max-width: 510px) 100vw, 510px\" \/><\/a><p id=\"caption-attachment-3786\" class=\"wp-caption-text\">Villa de Valverde. Fotograf\u00eda: Mataparda [CC BY 3.0]<\/p><\/div>Entre sus sitios de inter\u00e9s destaca la<strong> Iglesia de Nuestra Se\u00f1ora de La Concepci\u00f3n<\/strong> y la imagen de la Virgen que se encuentra en su interior, construidas en el siglo XVIII.<\/p>\n<p><div id=\"attachment_3787\" style=\"width: 520px\" class=\"wp-caption alignnone\"><a href=\"http:\/\/www.canarias.com\/blog\/wp-content\/uploads\/2016\/10\/iglesia-nuestra-concepcion.jpg\"><img aria-describedby=\"caption-attachment-3787\" loading=\"lazy\" class=\"size-large wp-image-3787\" src=\"http:\/\/www.canarias.com\/blog\/wp-content\/uploads\/2016\/10\/iglesia-nuestra-concepcion-510x383.jpg\" alt=\"Iglesia de Nuestra Se\u00f1ora de La Concepci\u00f3n. Fotograf\u00eda: Mataparda [CC BY-SA 3.0]\" width=\"510\" height=\"383\" srcset=\"https:\/\/www.canarias.com\/blog\/wp-content\/uploads\/2016\/10\/iglesia-nuestra-concepcion-510x383.jpg 510w, https:\/\/www.canarias.com\/blog\/wp-content\/uploads\/2016\/10\/iglesia-nuestra-concepcion-300x225.jpg 300w, https:\/\/www.canarias.com\/blog\/wp-content\/uploads\/2016\/10\/iglesia-nuestra-concepcion-768x576.jpg 768w, https:\/\/www.canarias.com\/blog\/wp-content\/uploads\/2016\/10\/iglesia-nuestra-concepcion-400x300.jpg 400w, https:\/\/www.canarias.com\/blog\/wp-content\/uploads\/2016\/10\/iglesia-nuestra-concepcion.jpg 1024w\" sizes=\"(max-width: 510px) 100vw, 510px\" \/><\/a><p id=\"caption-attachment-3787\" class=\"wp-caption-text\">Iglesia de Nuestra Se\u00f1ora de La Concepci\u00f3n. Fotograf\u00eda: Mataparda [CC BY-SA 3.0]<\/p><\/div><strong>La Casa del Dr. Ghost <\/strong>y<strong> la Casa del Conde<\/strong>, joyas de gran valor arquitect\u00f3nico, que destacan por sus bellas fachadas y piezas labradas en madera, adem\u00e1s de sus hermosos patios interiores.<\/p>\n<p><strong>El Centro Etnogr\u00e1fico Casa de Las Quinteras<\/strong>: Un museo de artesan\u00eda donde puedes admirar las distintas muestras de taller, herrer\u00eda, telar, artesan\u00eda textil, de madera y barro, el cual dispone de una tienda con una gran variedad de piezas elaboradas por los artesanos herre\u00f1os.<\/p>\n<p>El hermoso <strong>municipio de Valverde<\/strong> se encuentra salpicado de encantadores pueblos:<\/p>\n<p>El\u00a0<strong>Puerto de la Estaca, <\/strong>originalmente un peque\u00f1o refugio pesquero, es hoy el principal puerto de la isla de El Hierro, su v\u00eda de entrada por el mar, y el \u00fanico puerto de la misma donde atracan buques de pasajeros. Junto a \u00e9l se encuentra la Playa del Varadero. Cerca del puerto de La Estaca, en la bah\u00eda de <strong>Timijiraque<\/strong>, encontramos una de las pocas playas de arena de la isla, la cual es frecuentada por surfistas y ba\u00f1istas.<\/p>\n<p><strong>Echedo<\/strong>, un encantador pueblo de pescadores y uno de los rincones costeros m\u00e1s hermosos de Canarias, con graciosas casitas de piedra con techo de paja, rodeadas de las t\u00edpicas parras. Desde aqu\u00ed se llega a las <strong>piscinas de Charco Manso<\/strong>, unas magn\u00edficas piscinas naturales.<\/p>\n<p><strong>El Mocanal, <\/strong>con la ermita de San Pedro construida en el siglo XV, parroquia desde mediados del siglo XX.<\/p>\n<p>Tambi\u00e9n se encuentra <strong>el Pozo de Las Calcosas<\/strong>, un antiguo poblado que ha sido conservado en su estado original, con casas cuidadosamente restauradas por sus actuales propietarios.<\/p>\n<p><div id=\"attachment_3788\" style=\"width: 520px\" class=\"wp-caption alignnone\"><a href=\"http:\/\/www.canarias.com\/blog\/wp-content\/uploads\/2016\/10\/las-calcosas.jpg\"><img aria-describedby=\"caption-attachment-3788\" loading=\"lazy\" class=\"size-large wp-image-3788\" src=\"http:\/\/www.canarias.com\/blog\/wp-content\/uploads\/2016\/10\/las-calcosas-510x340.jpg\" alt=\"Las Calcosas. Fotograf\u00eda: Casacanarias [CC BY-SA 4.0]\" width=\"510\" height=\"340\" srcset=\"https:\/\/www.canarias.com\/blog\/wp-content\/uploads\/2016\/10\/las-calcosas-510x340.jpg 510w, https:\/\/www.canarias.com\/blog\/wp-content\/uploads\/2016\/10\/las-calcosas-300x200.jpg 300w, https:\/\/www.canarias.com\/blog\/wp-content\/uploads\/2016\/10\/las-calcosas-768x512.jpg 768w, https:\/\/www.canarias.com\/blog\/wp-content\/uploads\/2016\/10\/las-calcosas-450x300.jpg 450w, https:\/\/www.canarias.com\/blog\/wp-content\/uploads\/2016\/10\/las-calcosas.jpg 1200w\" sizes=\"(max-width: 510px) 100vw, 510px\" \/><\/a><p id=\"caption-attachment-3788\" class=\"wp-caption-text\">Las Calcosas. Fotograf\u00eda: Casacanarias [CC BY-SA 4.0]<\/p><\/div><strong>Erese, <\/strong>un remanso de paz, con incre\u00edbles vistas de los atardeceres, que constituye acogedor rinc\u00f3n ideal para los amantes de la naturaleza.<\/p>\n<p><strong>Guarazoca, <\/strong>sus pobladores viven principalmente de la agricultura y puedes admirar las antiguas e impresionantes prensas para el vino que a\u00fan conserva. Este precioso pueblo debe su nombre a una antigua princesa bimbache, que, seg\u00fan cuenta la leyenda, traicion\u00f3 a su pueblo por amor a un soldado castellano, revel\u00e1ndole el secreto mejor guardado de su pueblo, la obtenci\u00f3n del agua del \u00c1rbol Santo de Garo\u00e9.<\/p>\n<p><div id=\"attachment_3789\" style=\"width: 520px\" class=\"wp-caption alignnone\"><a href=\"http:\/\/www.canarias.com\/blog\/wp-content\/uploads\/2016\/10\/ubicacion-garoe.jpg\"><img aria-describedby=\"caption-attachment-3789\" loading=\"lazy\" class=\"size-large wp-image-3789\" src=\"http:\/\/www.canarias.com\/blog\/wp-content\/uploads\/2016\/10\/ubicacion-garoe-510x645.jpg\" alt=\"Sitio donde estaba ubicado el \u00e1rbol de Garo\u00e9. Fotograf\u00eda: Trebol-a [CC BY-SA 4.0-3.0-2.5-2.0-1.0]\" width=\"510\" height=\"645\" srcset=\"https:\/\/www.canarias.com\/blog\/wp-content\/uploads\/2016\/10\/ubicacion-garoe-510x645.jpg 510w, https:\/\/www.canarias.com\/blog\/wp-content\/uploads\/2016\/10\/ubicacion-garoe-237x300.jpg 237w, https:\/\/www.canarias.com\/blog\/wp-content\/uploads\/2016\/10\/ubicacion-garoe.jpg 512w\" sizes=\"(max-width: 510px) 100vw, 510px\" \/><\/a><p id=\"caption-attachment-3789\" class=\"wp-caption-text\">Sitio donde estaba ubicado el \u00e1rbol de Garo\u00e9. Fotograf\u00eda: Trebol-a [CC BY-SA 4.0-3.0-2.5-2.0-1.0]<\/p><\/div><strong>San Andr\u00e9s,<\/strong> que posee un clima de un calor fuerte en verano y fr\u00edos inviernos. Muy cerca se encuentran las <strong>ruinas de Albarrada<\/strong>, uno de los primeros asentamientos de la isla.<\/p>\n<p><strong>Isora, <\/strong>con numerosas casas rurales. Es una zona con abundantes \u00e1rboles frutales y tierras de cultivo. Cercano al pueblo hay un mirador con vistas al monumento natural de Las Playas, el Roque de La Bonanza y el Parador Nacional de El Hierro.<\/p>\n<p><div id=\"attachment_3790\" style=\"width: 520px\" class=\"wp-caption alignnone\"><a href=\"http:\/\/www.canarias.com\/blog\/wp-content\/uploads\/2016\/10\/roque-bonanza.jpg\"><img aria-describedby=\"caption-attachment-3790\" loading=\"lazy\" class=\"size-large wp-image-3790\" src=\"http:\/\/www.canarias.com\/blog\/wp-content\/uploads\/2016\/10\/roque-bonanza-510x367.jpg\" alt=\"El Roque de la Bonanza. Fotograf\u00eda: Tibicena [CC BY 3.0]\" width=\"510\" height=\"367\" srcset=\"https:\/\/www.canarias.com\/blog\/wp-content\/uploads\/2016\/10\/roque-bonanza-510x367.jpg 510w, https:\/\/www.canarias.com\/blog\/wp-content\/uploads\/2016\/10\/roque-bonanza-300x216.jpg 300w, https:\/\/www.canarias.com\/blog\/wp-content\/uploads\/2016\/10\/roque-bonanza-417x300.jpg 417w, https:\/\/www.canarias.com\/blog\/wp-content\/uploads\/2016\/10\/roque-bonanza.jpg 700w\" sizes=\"(max-width: 510px) 100vw, 510px\" \/><\/a><p id=\"caption-attachment-3790\" class=\"wp-caption-text\">El Roque de la Bonanza. Fotograf\u00eda: Tibicena [CC BY 3.0]<\/p><\/div><strong>Ti\u00f1or<\/strong>, el m\u00e1s peque\u00f1o pero pintoresco pueblo de la isla de El Hierro, con un encanto especial, de cuidadas casas tradicionales, hechas de roca negra volc\u00e1nica y con techos de tejas planas. De lindas callejuelas y con la pureza de un entorno totalmente rural.<\/p>\n<p><strong>El Tamaduste,<\/strong> originalmente un pueblo de pescadores, ha pasado a convertirse en lugar de veraneo no solo para visitantes sino para los habitantes de Valverde, con blancas casas y apartamentos que contrastan armoniosamente con las negras cenizas volc\u00e1nicas de su entorno.<\/p>\n<p><div id=\"attachment_3791\" style=\"width: 520px\" class=\"wp-caption alignnone\"><a href=\"http:\/\/www.canarias.com\/blog\/wp-content\/uploads\/2016\/10\/Tamaduste.jpg\"><img aria-describedby=\"caption-attachment-3791\" loading=\"lazy\" class=\"size-large wp-image-3791\" src=\"http:\/\/www.canarias.com\/blog\/wp-content\/uploads\/2016\/10\/Tamaduste-510x338.jpg\" alt=\"El Tamaduste. Fotograf\u00eda: Tibicena [CC BY 3.0]\" width=\"510\" height=\"338\" srcset=\"https:\/\/www.canarias.com\/blog\/wp-content\/uploads\/2016\/10\/Tamaduste-510x338.jpg 510w, https:\/\/www.canarias.com\/blog\/wp-content\/uploads\/2016\/10\/Tamaduste-300x199.jpg 300w, https:\/\/www.canarias.com\/blog\/wp-content\/uploads\/2016\/10\/Tamaduste-452x300.jpg 452w, https:\/\/www.canarias.com\/blog\/wp-content\/uploads\/2016\/10\/Tamaduste.jpg 644w\" sizes=\"(max-width: 510px) 100vw, 510px\" \/><\/a><p id=\"caption-attachment-3791\" class=\"wp-caption-text\">El Tamaduste. Fotograf\u00eda: Tibicena [CC BY 3.0]<\/p><\/div><strong>La Caleta<\/strong>, donde, en las rocas pr\u00f3ximas al mar, se han descubierto numerosos petroglifos, atribuidos a los antiguos pobladores de la isla. Posee piscinas naturales\u00a0 acondicionadas para ser un lugar seguro de ba\u00f1o; la piscina m\u00e1s grande posee una cascada que la surte de agua ; adem\u00e1s, tambi\u00e9n tenemos la posibilidad de darnos un ba\u00f1o en mar abierto.<\/p>\n<p>La isla del Hierro es \u00fanica, por lo que el pueblo herre\u00f1o siempre ha guardado con gran celo sus tradiciones, transmitidas de generaci\u00f3n en generaci\u00f3n por abuelos y padres, como el mejor de los legados para cada uno de sus habitantes. Su folclore no son meras tradiciones, o simples melod\u00edas y danzas ejecutadas por pura diversi\u00f3n, pues en cada toque, en cada repicar de chacaras, en cada sonido del pito, est\u00e1 inmerso el coraz\u00f3n de un pueblo que se niega a olvidar su pasado y sus ra\u00edces y muestran al mundo su identidad a trav\u00e9s de su folclore.<\/p>\n<div id=\"attachment_3792\" style=\"width: 459px\" class=\"wp-caption alignnone\"><a href=\"http:\/\/www.canarias.com\/blog\/wp-content\/uploads\/2016\/10\/Bailarines.jpg\"><img aria-describedby=\"caption-attachment-3792\" loading=\"lazy\" class=\"size-full wp-image-3792\" src=\"http:\/\/www.canarias.com\/blog\/wp-content\/uploads\/2016\/10\/Bailarines.jpg\" alt=\"Folclore (Bailarines). Fotograf\u00eda: Tibicena [CC BY 3.0]\" width=\"449\" height=\"745\" srcset=\"https:\/\/www.canarias.com\/blog\/wp-content\/uploads\/2016\/10\/Bailarines.jpg 449w, https:\/\/www.canarias.com\/blog\/wp-content\/uploads\/2016\/10\/Bailarines-181x300.jpg 181w\" sizes=\"(max-width: 449px) 100vw, 449px\" \/><\/a><p id=\"caption-attachment-3792\" class=\"wp-caption-text\">Folclore (Bailarines). Fotograf\u00eda: Tibicena [CC BY 3.0]<\/p><\/div>\n<p style=\"text-align: center;\"><strong>Valverde, un municipio colmado del encanto especial de su arraigada\u00a0identidad, con muchos rincones m\u00e1s esperando por ti\u2026<\/strong><\/p>\n","protected":false},"excerpt":{"rendered":"<p>El Hierro es la isla de menor tama\u00f1o del archipi\u00e9lago canario. Desde el a\u00f1o 2000 fue declarada por la UNESCO, en su totalidad, Reserva de la Biosfera y es la primera isla del mundo en abastecerse totalmente de energ\u00edas renovables, siempre en perfecta armon\u00eda con el medio ambiente. La isla de\u00a0El Hierro es tambi\u00e9n conocida [&hellip;]<\/p>\n","protected":false},"author":1,"featured_media":3784,"comment_status":"open","ping_status":"open","sticky":false,"template":"","format":"standard","meta":[],"categories":[1],"tags":[],"_links":{"self":[{"href":"https:\/\/www.canarias.com\/blog\/wp-json\/wp\/v2\/posts\/3783"}],"collection":[{"href":"https:\/\/www.canarias.com\/blog\/wp-json\/wp\/v2\/posts"}],"about":[{"href":"https:\/\/www.canarias.com\/blog\/wp-json\/wp\/v2\/types\/post"}],"author":[{"embeddable":true,"href":"https:\/\/www.canarias.com\/blog\/wp-json\/wp\/v2\/users\/1"}],"replies":[{"embeddable":true,"href":"https:\/\/www.canarias.com\/blog\/wp-json\/wp\/v2\/comments?post=3783"}],"version-history":[{"count":2,"href":"https:\/\/www.canarias.com\/blog\/wp-json\/wp\/v2\/posts\/3783\/revisions"}],"predecessor-version":[{"id":3794,"href":"https:\/\/www.canarias.com\/blog\/wp-json\/wp\/v2\/posts\/3783\/revisions\/3794"}],"wp:featuredmedia":[{"embeddable":true,"href":"https:\/\/www.canarias.com\/blog\/wp-json\/wp\/v2\/media\/3784"}],"wp:attachment":[{"href":"https:\/\/www.canarias.com\/blog\/wp-json\/wp\/v2\/media?parent=3783"}],"wp:term":[{"taxonomy":"category","embeddable":true,"href":"https:\/\/www.canarias.com\/blog\/wp-json\/wp\/v2\/categories?post=3783"},{"taxonomy":"post_tag","embeddable":true,"href":"https:\/\/www.canarias.com\/blog\/wp-json\/wp\/v2\/tags?post=3783"}],"curies":[{"name":"wp","href":"https:\/\/api.w.org\/{rel}","templated":true}]}}