{"id":3796,"date":"2016-10-15T12:04:00","date_gmt":"2016-10-15T12:04:00","guid":{"rendered":"http:\/\/www.canarias.com\/blog\/?p=3796"},"modified":"2016-10-15T12:04:00","modified_gmt":"2016-10-15T12:04:00","slug":"13-datos-hechos-curiosos-canarias","status":"publish","type":"post","link":"https:\/\/www.canarias.com\/blog\/13-datos-hechos-curiosos-canarias\/","title":{"rendered":"13 Datos y hechos curiosos de Canarias"},"content":{"rendered":"<p>Nuestras hermosas islas est\u00e1n colmadas de datos interesantes y hechos curiosos. En Canarias.com hemos querido compartir contigo 13 de ellos, que quiz\u00e1s no sab\u00edas.<\/p>\n<p><strong>1. <\/strong>La isla de La Palma, espec\u00edficamente la ciudad de Santa Cruz de La Palma, fue la primera ciudad del archipi\u00e9lago canario y la sexta del mundo en disponer de energ\u00eda el\u00e9ctrica en el a\u00f1o 1893. La primera fue Par\u00eds en el a\u00f1o 1879, seguida de Nueva York en 1882, luego Londres en 1886, Barcelona en 1888 y la quinta, Madrid en 1891.<\/p>\n<div id=\"attachment_3797\" style=\"width: 520px\" class=\"wp-caption alignnone\"><a href=\"http:\/\/www.canarias.com\/blog\/wp-content\/uploads\/2016\/10\/Santa-Cruz-Palma.jpg\"><img aria-describedby=\"caption-attachment-3797\" loading=\"lazy\" class=\"size-large wp-image-3797\" src=\"http:\/\/www.canarias.com\/blog\/wp-content\/uploads\/2016\/10\/Santa-Cruz-Palma-510x360.jpg\" alt=\"Santa Cruz de La Palma de anta\u00f1o.\" width=\"510\" height=\"360\" srcset=\"https:\/\/www.canarias.com\/blog\/wp-content\/uploads\/2016\/10\/Santa-Cruz-Palma-510x360.jpg 510w, https:\/\/www.canarias.com\/blog\/wp-content\/uploads\/2016\/10\/Santa-Cruz-Palma-300x212.jpg 300w, https:\/\/www.canarias.com\/blog\/wp-content\/uploads\/2016\/10\/Santa-Cruz-Palma-768x542.jpg 768w, https:\/\/www.canarias.com\/blog\/wp-content\/uploads\/2016\/10\/Santa-Cruz-Palma-425x300.jpg 425w, https:\/\/www.canarias.com\/blog\/wp-content\/uploads\/2016\/10\/Santa-Cruz-Palma.jpg 1024w\" sizes=\"(max-width: 510px) 100vw, 510px\" \/><\/a><p id=\"caption-attachment-3797\" class=\"wp-caption-text\">Santa Cruz de La Palma de anta\u00f1o.<\/p><\/div>\n<p><strong>2. <\/strong>Las siete capitales Canarias dan al Este. Esto se debe a que en los tiempos de los veleros, les era m\u00e1s f\u00e1cil zarpar con la ayuda de los vientos Alisios.<\/p>\n<div id=\"attachment_3798\" style=\"width: 520px\" class=\"wp-caption alignnone\"><a href=\"http:\/\/www.canarias.com\/blog\/wp-content\/uploads\/2016\/10\/Capitales-canarias.jpg\"><img aria-describedby=\"caption-attachment-3798\" loading=\"lazy\" class=\"size-large wp-image-3798\" src=\"http:\/\/www.canarias.com\/blog\/wp-content\/uploads\/2016\/10\/Capitales-canarias-510x383.jpg\" alt=\"Capitales canarias.   Fotograf\u00eda: Autores varios Creative Commons\" width=\"510\" height=\"383\" srcset=\"https:\/\/www.canarias.com\/blog\/wp-content\/uploads\/2016\/10\/Capitales-canarias-510x383.jpg 510w, https:\/\/www.canarias.com\/blog\/wp-content\/uploads\/2016\/10\/Capitales-canarias-300x225.jpg 300w, https:\/\/www.canarias.com\/blog\/wp-content\/uploads\/2016\/10\/Capitales-canarias-768x576.jpg 768w, https:\/\/www.canarias.com\/blog\/wp-content\/uploads\/2016\/10\/Capitales-canarias-400x300.jpg 400w, https:\/\/www.canarias.com\/blog\/wp-content\/uploads\/2016\/10\/Capitales-canarias.jpg 1024w\" sizes=\"(max-width: 510px) 100vw, 510px\" \/><\/a><p id=\"caption-attachment-3798\" class=\"wp-caption-text\">Capitales canarias. Fotograf\u00eda: Autores varios Creative Commons<\/p><\/div>\n<p><strong>3.\u00a0<\/strong>La palabra guagua no tiene un origen canario. Aunque muy arraigada en el pueblo canario, proviene de Cuba de principios del siglo XX, donde hab\u00eda gran cantidad de inmigrantes espa\u00f1oles, en su mayor\u00eda canarios y del norte de la pen\u00ednsula. Al finalizar la guerra de 1898 los estadounidenses tomaron el control de la isla de Cuba y poco tiempo despu\u00e9s introdujeron los coches de l\u00ednea, los cuales no eran autobuses comunes sino furgonetas grandes. Furgoneta en ingl\u00e9s es wagon y se pronuncia \u201cw\u00e6g\u0259n\u201d o \u201cguagon\u201d, lo que a trav\u00e9s de los hispanos deriv\u00f3 de guaguon a guagua, y fue \u00abtra\u00edda\u00bb por los canarios a su regreso. En Galicia y en la pen\u00ednsula se conocieron como coches de l\u00ednea y en Canarias se adopt\u00f3 la versi\u00f3n que se usa en casi todos los pa\u00edses del Caribe.<\/p>\n<div id=\"attachment_3799\" style=\"width: 520px\" class=\"wp-caption alignnone\"><a href=\"http:\/\/www.canarias.com\/blog\/wp-content\/uploads\/2016\/10\/Guagua.jpg\"><img aria-describedby=\"caption-attachment-3799\" loading=\"lazy\" class=\"size-large wp-image-3799\" src=\"http:\/\/www.canarias.com\/blog\/wp-content\/uploads\/2016\/10\/Guagua-510x383.jpg\" alt=\"Guagua.   Islas Canarias.\" width=\"510\" height=\"383\" srcset=\"https:\/\/www.canarias.com\/blog\/wp-content\/uploads\/2016\/10\/Guagua-510x383.jpg 510w, https:\/\/www.canarias.com\/blog\/wp-content\/uploads\/2016\/10\/Guagua-300x225.jpg 300w, https:\/\/www.canarias.com\/blog\/wp-content\/uploads\/2016\/10\/Guagua-768x576.jpg 768w, https:\/\/www.canarias.com\/blog\/wp-content\/uploads\/2016\/10\/Guagua-400x300.jpg 400w, https:\/\/www.canarias.com\/blog\/wp-content\/uploads\/2016\/10\/Guagua.jpg 1024w\" sizes=\"(max-width: 510px) 100vw, 510px\" \/><\/a><p id=\"caption-attachment-3799\" class=\"wp-caption-text\">Guagua. Islas Canarias.<\/p><\/div>\n<p><strong>4.\u00a0<\/strong>Los carnavales de\u00a0<strong>Santa Cruz de Tenerife<\/strong><strong>\u00a0<\/strong>y\u00a0<strong>Las Palmas de Gran Canaria <\/strong>se encuentran entre los mejores del mundo junto con los de R\u00edo de Janeiro en Brasil y los de Venecia en Italia.<\/p>\n<div id=\"attachment_3800\" style=\"width: 520px\" class=\"wp-caption alignnone\"><a href=\"http:\/\/www.canarias.com\/blog\/wp-content\/uploads\/2016\/10\/Carnavales-Tenerife.jpg\"><img aria-describedby=\"caption-attachment-3800\" loading=\"lazy\" class=\"size-large wp-image-3800\" src=\"http:\/\/www.canarias.com\/blog\/wp-content\/uploads\/2016\/10\/Carnavales-Tenerife-510x383.jpg\" alt=\"Carnaval Tenerife.  Fotograf\u00eda: Carlos Teixidor Cadenas (CC BY-SA 4.0)\" width=\"510\" height=\"383\" srcset=\"https:\/\/www.canarias.com\/blog\/wp-content\/uploads\/2016\/10\/Carnavales-Tenerife-510x383.jpg 510w, https:\/\/www.canarias.com\/blog\/wp-content\/uploads\/2016\/10\/Carnavales-Tenerife-300x225.jpg 300w, https:\/\/www.canarias.com\/blog\/wp-content\/uploads\/2016\/10\/Carnavales-Tenerife-768x576.jpg 768w, https:\/\/www.canarias.com\/blog\/wp-content\/uploads\/2016\/10\/Carnavales-Tenerife-400x300.jpg 400w, https:\/\/www.canarias.com\/blog\/wp-content\/uploads\/2016\/10\/Carnavales-Tenerife.jpg 1024w\" sizes=\"(max-width: 510px) 100vw, 510px\" \/><\/a><p id=\"caption-attachment-3800\" class=\"wp-caption-text\">Carnaval Tenerife. Fotograf\u00eda: Carlos Teixidor Cadenas (CC BY-SA 4.0)<\/p><\/div>\n<p><strong>5.\u00a0<\/strong>La elecci\u00f3n de la Drag Queen de los carnavales de Las Palmas de Gran Canaria\u00a0fue iniciada en 1998 y se ha consagrado como una de las aportaciones m\u00e1s originales de este carnaval, aunque posteriormente ha sido incluida en otros carnavales canarios y del resto de Espa\u00f1a.<\/p>\n<div id=\"attachment_3801\" style=\"width: 520px\" class=\"wp-caption alignnone\"><a href=\"http:\/\/www.canarias.com\/blog\/wp-content\/uploads\/2016\/10\/drag-queen.jpg\"><img aria-describedby=\"caption-attachment-3801\" loading=\"lazy\" class=\"size-large wp-image-3801\" src=\"http:\/\/www.canarias.com\/blog\/wp-content\/uploads\/2016\/10\/drag-queen-510x412.jpg\" alt=\"Drag Queen\" width=\"510\" height=\"412\" srcset=\"https:\/\/www.canarias.com\/blog\/wp-content\/uploads\/2016\/10\/drag-queen-510x412.jpg 510w, https:\/\/www.canarias.com\/blog\/wp-content\/uploads\/2016\/10\/drag-queen-300x243.jpg 300w, https:\/\/www.canarias.com\/blog\/wp-content\/uploads\/2016\/10\/drag-queen-371x300.jpg 371w, https:\/\/www.canarias.com\/blog\/wp-content\/uploads\/2016\/10\/drag-queen.jpg 543w\" sizes=\"(max-width: 510px) 100vw, 510px\" \/><\/a><p id=\"caption-attachment-3801\" class=\"wp-caption-text\">Drag Queen<\/p><\/div>\n<p><strong>6.\u00a0<\/strong>En el valle de\u00a0Agaete, ubicado en la isla de Gran Canaria se produce\u00a0el \u00fanico caf\u00e9 de Espa\u00f1a y Europa, siendo uno de los m\u00e1s selectos del mundo por su sabor y cuerpo espectacular.<\/p>\n<div id=\"attachment_3802\" style=\"width: 520px\" class=\"wp-caption alignnone\"><a href=\"http:\/\/www.canarias.com\/blog\/wp-content\/uploads\/2016\/10\/semillas-cafe.jpg\"><img aria-describedby=\"caption-attachment-3802\" loading=\"lazy\" class=\"size-large wp-image-3802\" src=\"http:\/\/www.canarias.com\/blog\/wp-content\/uploads\/2016\/10\/semillas-cafe-510x266.jpg\" alt=\"Semillas de Caf\u00e9.\" width=\"510\" height=\"266\" srcset=\"https:\/\/www.canarias.com\/blog\/wp-content\/uploads\/2016\/10\/semillas-cafe-510x266.jpg 510w, https:\/\/www.canarias.com\/blog\/wp-content\/uploads\/2016\/10\/semillas-cafe-300x157.jpg 300w, https:\/\/www.canarias.com\/blog\/wp-content\/uploads\/2016\/10\/semillas-cafe-500x261.jpg 500w, https:\/\/www.canarias.com\/blog\/wp-content\/uploads\/2016\/10\/semillas-cafe.jpg 640w\" sizes=\"(max-width: 510px) 100vw, 510px\" \/><\/a><p id=\"caption-attachment-3802\" class=\"wp-caption-text\">Semillas de Caf\u00e9.<\/p><\/div>\n<p><strong>7.\u00a0<\/strong>En el Ingenio, en la isla de Gran Canaria, se produce el vodka m\u00e1s puro del mundo y debido a esta pureza va muy bien lo expresado por sus due\u00f1os \u201cno te nubla la mente, y, sobre todo, no te deja ninguna resaca\u201d. De nombre <strong>Blat, <\/strong>es el \u00fanico vodka en todo el mundo en haber recibido la certificaci\u00f3n de las autoridades sanitarias de Estados Unidos de contener 0% de impurezas. Todo el proceso del m\u00e9todo utilizado para obtener tal pureza se mantiene en el m\u00e1s estricto secreto, ya que incluso las visitas a la planta en donde se elabora est\u00e1n prohibidas.<\/p>\n<div id=\"attachment_3803\" style=\"width: 520px\" class=\"wp-caption alignnone\"><a href=\"http:\/\/www.canarias.com\/blog\/wp-content\/uploads\/2016\/10\/blat.jpg\"><img aria-describedby=\"caption-attachment-3803\" loading=\"lazy\" class=\"size-large wp-image-3803\" src=\"http:\/\/www.canarias.com\/blog\/wp-content\/uploads\/2016\/10\/blat-510x217.jpg\" alt=\"Vodka Blat.\" width=\"510\" height=\"217\" srcset=\"https:\/\/www.canarias.com\/blog\/wp-content\/uploads\/2016\/10\/blat-510x217.jpg 510w, https:\/\/www.canarias.com\/blog\/wp-content\/uploads\/2016\/10\/blat-300x128.jpg 300w, https:\/\/www.canarias.com\/blog\/wp-content\/uploads\/2016\/10\/blat-500x213.jpg 500w, https:\/\/www.canarias.com\/blog\/wp-content\/uploads\/2016\/10\/blat.jpg 747w\" sizes=\"(max-width: 510px) 100vw, 510px\" \/><\/a><p id=\"caption-attachment-3803\" class=\"wp-caption-text\">Vodka Blat.<\/p><\/div>\n<p><strong>8. <\/strong>En La Palma, espec\u00edficamente en la localidad de Mirca, se encuentra el \u00fanico ejemplar de Palmera Canaria albina (Phoenix canariensis), conocida tambi\u00e9n como palmera bicolor. Este es un fen\u00f3meno de la bot\u00e1nica muy poco com\u00fan, que ha sido estudiado por profesores universitarios y bot\u00e1nicos, y para la cual los intentos de reproducci\u00f3n han fallado.<\/p>\n<div id=\"attachment_3804\" style=\"width: 310px\" class=\"wp-caption alignnone\"><a href=\"http:\/\/www.canarias.com\/blog\/wp-content\/uploads\/2016\/10\/palmera-albina-300x211.jpg\"><img aria-describedby=\"caption-attachment-3804\" loading=\"lazy\" class=\"size-full wp-image-3804\" src=\"http:\/\/www.canarias.com\/blog\/wp-content\/uploads\/2016\/10\/palmera-albina-300x211.jpg\" alt=\"Palmera Albina de Mirca. Foto: amigosdelaspalmerascanarias.blogspot.com\" width=\"300\" height=\"211\" \/><\/a><p id=\"caption-attachment-3804\" class=\"wp-caption-text\">Palmera Albina de Mirca. Foto: amigosdelaspalmerascanarias.blogspot.com<\/p><\/div>\n<p><strong>9. <\/strong>En las Islas Canarias est\u00e1n prohibidas las corridas de toros desde abril de 1991. Aunque no era una tradici\u00f3n muy arraigada en el archipi\u00e9lago canario, La Ley Canaria de Protecci\u00f3n de Animales, aprobada en ese a\u00f1o, aboli\u00f3 los espect\u00e1culos sangrientos con animales, entre ellos las corridas de toros, si bien a\u00fan est\u00e1n permitidas las peleas de gallos pero con ciertas restricciones.<\/p>\n<div id=\"attachment_3805\" style=\"width: 269px\" class=\"wp-caption alignnone\"><a href=\"http:\/\/www.canarias.com\/blog\/wp-content\/uploads\/2016\/10\/toros.jpg\"><img aria-describedby=\"caption-attachment-3805\" loading=\"lazy\" class=\"size-full wp-image-3805\" src=\"http:\/\/www.canarias.com\/blog\/wp-content\/uploads\/2016\/10\/toros.jpg\" alt=\"Prohibici\u00f3n corridas de toros.\" width=\"259\" height=\"194\" \/><\/a><p id=\"caption-attachment-3805\" class=\"wp-caption-text\">Prohibici\u00f3n corridas de toros.<\/p><\/div>\n<p><strong>10.\u00a0<\/strong>En Los Jameos del Agua, en Lanzarote, situado en el interior de un tubo volc\u00e1nico que llega hasta el mar, vive una especie de cangrejo \u00fanico en el mundo, los c\u00e9lebres cangrejos ciegos(Munidopsis polymorpha). La oscuridad de la gruta provoca la privaci\u00f3n de pigmentaci\u00f3n lo cual le da un color blanquecino a este raro esp\u00e9cimen de apenas un cent\u00edmetro de longitud. Son conocidos tambi\u00e9n como \u00abjameitos\u00bb y constituyen el s\u00edmbolo de los Jameos del Agua.<\/p>\n<div id=\"attachment_3806\" style=\"width: 520px\" class=\"wp-caption alignnone\"><a href=\"http:\/\/www.canarias.com\/blog\/wp-content\/uploads\/2016\/10\/jameos.jpg\"><img aria-describedby=\"caption-attachment-3806\" loading=\"lazy\" class=\"size-large wp-image-3806\" src=\"http:\/\/www.canarias.com\/blog\/wp-content\/uploads\/2016\/10\/jameos-510x383.jpg\" alt=\"Cangrejo ciego &quot;Jame\u00edto&quot; (Munidopsis polymorpha). Fotograf\u00eda Frank Vassen  (CC BY 2.0)\" width=\"510\" height=\"383\" srcset=\"https:\/\/www.canarias.com\/blog\/wp-content\/uploads\/2016\/10\/jameos-510x383.jpg 510w, https:\/\/www.canarias.com\/blog\/wp-content\/uploads\/2016\/10\/jameos-300x225.jpg 300w, https:\/\/www.canarias.com\/blog\/wp-content\/uploads\/2016\/10\/jameos-768x576.jpg 768w, https:\/\/www.canarias.com\/blog\/wp-content\/uploads\/2016\/10\/jameos-400x300.jpg 400w, https:\/\/www.canarias.com\/blog\/wp-content\/uploads\/2016\/10\/jameos.jpg 1024w\" sizes=\"(max-width: 510px) 100vw, 510px\" \/><\/a><p id=\"caption-attachment-3806\" class=\"wp-caption-text\">Cangrejo ciego \u00abJame\u00edto\u00bb (Munidopsis polymorpha). Fotograf\u00eda Frank Vassen (CC BY 2.0)<\/p><\/div>\n<p><strong>11.\u00a0<\/strong>El silbo de La Gomera es un lenguaje que solo practican unos pocos grupos humanos en el mundo, con \u00e9l\u00a0se pueden expresar m\u00e1s de 4.000 palabras, declarado Patrimonio Cultural Inmaterial de la Humanidad, se estudia en los colegios de la isla desde 1999.<\/p>\n<div id=\"attachment_3807\" style=\"width: 520px\" class=\"wp-caption alignnone\"><a href=\"http:\/\/www.canarias.com\/blog\/wp-content\/uploads\/2016\/10\/silbido-gomero.jpg\"><img aria-describedby=\"caption-attachment-3807\" loading=\"lazy\" class=\"size-large wp-image-3807\" src=\"http:\/\/www.canarias.com\/blog\/wp-content\/uploads\/2016\/10\/silbido-gomero-510x714.jpg\" alt=\"El Silbo Gomero. Fotograf\u00eda: Akalvin (CC-BY-SA-3.0)\" width=\"510\" height=\"714\" srcset=\"https:\/\/www.canarias.com\/blog\/wp-content\/uploads\/2016\/10\/silbido-gomero-510x714.jpg 510w, https:\/\/www.canarias.com\/blog\/wp-content\/uploads\/2016\/10\/silbido-gomero-214x300.jpg 214w, https:\/\/www.canarias.com\/blog\/wp-content\/uploads\/2016\/10\/silbido-gomero.jpg 731w\" sizes=\"(max-width: 510px) 100vw, 510px\" \/><\/a><p id=\"caption-attachment-3807\" class=\"wp-caption-text\">El Silbo Gomero. Fotograf\u00eda: Akalvin (CC-BY-SA-3.0)<\/p><\/div>\n<!--[if lt IE 9]><script>document.createElement('audio');<\/script><![endif]-->\n<audio class=\"wp-audio-shortcode\" id=\"audio-3796-1\" preload=\"none\" style=\"width: 100%;\" controls=\"controls\"><source type=\"audio\/ogg\" src=\"http:\/\/www.canarias.com\/blog\/wp-content\/uploads\/2016\/10\/Silbo-2.ogg?_=1\" \/><a href=\"http:\/\/www.canarias.com\/blog\/wp-content\/uploads\/2016\/10\/Silbo-2.ogg\">http:\/\/www.canarias.com\/blog\/wp-content\/uploads\/2016\/10\/Silbo-2.ogg<\/a><\/audio>\n<p><strong>12. <\/strong>El Pino Canario es una especie bot\u00e1nica \u00fanica por su resistencia al fuego, capaz de regenerarse tras un incendio.<\/p>\n<div id=\"attachment_3809\" style=\"width: 520px\" class=\"wp-caption alignnone\"><a href=\"http:\/\/www.canarias.com\/blog\/wp-content\/uploads\/2016\/10\/pino-canario.jpg\"><img aria-describedby=\"caption-attachment-3809\" loading=\"lazy\" class=\"size-large wp-image-3809\" src=\"http:\/\/www.canarias.com\/blog\/wp-content\/uploads\/2016\/10\/pino-canario-510x317.jpg\" alt=\"Pino Canario. Tamadaba.                Fotograf\u00eda: Tamara k (CC BY-SA 4.0)\" width=\"510\" height=\"317\" srcset=\"https:\/\/www.canarias.com\/blog\/wp-content\/uploads\/2016\/10\/pino-canario-510x317.jpg 510w, https:\/\/www.canarias.com\/blog\/wp-content\/uploads\/2016\/10\/pino-canario-300x186.jpg 300w, https:\/\/www.canarias.com\/blog\/wp-content\/uploads\/2016\/10\/pino-canario-768x477.jpg 768w, https:\/\/www.canarias.com\/blog\/wp-content\/uploads\/2016\/10\/pino-canario-483x300.jpg 483w, https:\/\/www.canarias.com\/blog\/wp-content\/uploads\/2016\/10\/pino-canario.jpg 1024w\" sizes=\"(max-width: 510px) 100vw, 510px\" \/><\/a><p id=\"caption-attachment-3809\" class=\"wp-caption-text\">Pino Canario. Tamadaba. Fotograf\u00eda: Tamara k (CC BY-SA 4.0)<\/p><\/div>\n<p><strong>13.\u00a0<\/strong>El aeropuerto de la isla de La Palma es el primer complejo aeroportuario de Espa\u00f1a que se abastece de energ\u00eda e\u00f3lica.<\/p>\n<div id=\"attachment_3810\" style=\"width: 520px\" class=\"wp-caption alignnone\"><a href=\"http:\/\/www.canarias.com\/blog\/wp-content\/uploads\/2016\/10\/La_Palma_Airport.jpg\"><img aria-describedby=\"caption-attachment-3810\" loading=\"lazy\" class=\"size-large wp-image-3810\" src=\"http:\/\/www.canarias.com\/blog\/wp-content\/uploads\/2016\/10\/La_Palma_Airport-510x344.jpg\" alt=\"Aeropuerto de La Palma.   Fotograf\u00eda: Marc Ryckaert (MJJR) [CC BY 3.0]\" width=\"510\" height=\"344\" srcset=\"https:\/\/www.canarias.com\/blog\/wp-content\/uploads\/2016\/10\/La_Palma_Airport-510x344.jpg 510w, https:\/\/www.canarias.com\/blog\/wp-content\/uploads\/2016\/10\/La_Palma_Airport-300x202.jpg 300w, https:\/\/www.canarias.com\/blog\/wp-content\/uploads\/2016\/10\/La_Palma_Airport-768x518.jpg 768w, https:\/\/www.canarias.com\/blog\/wp-content\/uploads\/2016\/10\/La_Palma_Airport-445x300.jpg 445w, https:\/\/www.canarias.com\/blog\/wp-content\/uploads\/2016\/10\/La_Palma_Airport.jpg 1024w\" sizes=\"(max-width: 510px) 100vw, 510px\" \/><\/a><p id=\"caption-attachment-3810\" class=\"wp-caption-text\">Aeropuerto de La Palma. Fotograf\u00eda: Marc Ryckaert (MJJR) [CC BY 3.0]<\/p><\/div>\n","protected":false},"excerpt":{"rendered":"<p>Nuestras hermosas islas est\u00e1n colmadas de datos interesantes y hechos curiosos. En Canarias.com hemos querido compartir contigo 13 de ellos, que quiz\u00e1s no sab\u00edas. 1. La isla de La Palma, espec\u00edficamente la ciudad de Santa Cruz de La Palma, fue la primera ciudad del archipi\u00e9lago canario y la sexta del mundo en disponer de energ\u00eda [&hellip;]<\/p>\n","protected":false},"author":1,"featured_media":3811,"comment_status":"open","ping_status":"open","sticky":false,"template":"","format":"standard","meta":[],"categories":[431,342],"tags":[],"_links":{"self":[{"href":"https:\/\/www.canarias.com\/blog\/wp-json\/wp\/v2\/posts\/3796"}],"collection":[{"href":"https:\/\/www.canarias.com\/blog\/wp-json\/wp\/v2\/posts"}],"about":[{"href":"https:\/\/www.canarias.com\/blog\/wp-json\/wp\/v2\/types\/post"}],"author":[{"embeddable":true,"href":"https:\/\/www.canarias.com\/blog\/wp-json\/wp\/v2\/users\/1"}],"replies":[{"embeddable":true,"href":"https:\/\/www.canarias.com\/blog\/wp-json\/wp\/v2\/comments?post=3796"}],"version-history":[{"count":1,"href":"https:\/\/www.canarias.com\/blog\/wp-json\/wp\/v2\/posts\/3796\/revisions"}],"predecessor-version":[{"id":3812,"href":"https:\/\/www.canarias.com\/blog\/wp-json\/wp\/v2\/posts\/3796\/revisions\/3812"}],"wp:featuredmedia":[{"embeddable":true,"href":"https:\/\/www.canarias.com\/blog\/wp-json\/wp\/v2\/media\/3811"}],"wp:attachment":[{"href":"https:\/\/www.canarias.com\/blog\/wp-json\/wp\/v2\/media?parent=3796"}],"wp:term":[{"taxonomy":"category","embeddable":true,"href":"https:\/\/www.canarias.com\/blog\/wp-json\/wp\/v2\/categories?post=3796"},{"taxonomy":"post_tag","embeddable":true,"href":"https:\/\/www.canarias.com\/blog\/wp-json\/wp\/v2\/tags?post=3796"}],"curies":[{"name":"wp","href":"https:\/\/api.w.org\/{rel}","templated":true}]}}