{"id":3847,"date":"2016-12-10T11:34:49","date_gmt":"2016-12-10T11:34:49","guid":{"rendered":"http:\/\/www.canarias.com\/blog\/?p=3847"},"modified":"2016-12-10T11:34:49","modified_gmt":"2016-12-10T11:34:49","slug":"vegueta-corazon-gran-canaria","status":"publish","type":"post","link":"https:\/\/www.canarias.com\/blog\/vegueta-corazon-gran-canaria\/","title":{"rendered":"Vegueta: Coraz\u00f3n de Gran Canaria"},"content":{"rendered":"<p style=\"text-align: justify;\">Vegueta, un hermoso y se\u00f1orial barrio, ubicado al sur de Las Palmas, que fue el lugar de nacimiento de la hermosa capital de la isla de Gran Canaria, que atesora entre sus muros incontables historias del origen de la ciudad, en el siglo XV.<\/p>\n<p style=\"text-align: justify;\">Aqu\u00ed, donde naci\u00f3 la capital de Gran Canaria, encuentras algunos de los edificios hist\u00f3ricos m\u00e1s importantes de la ciudad como la\u00a0 Catedral de Santa Ana o el Patio de los Naranjos uno de los pocos claustros de madera que a\u00fan existen en Espa\u00f1a.<\/p>\n<p style=\"text-align: justify;\"><a href=\"http:\/\/www.canarias.com\/blog\/wp-content\/uploads\/2016\/12\/catedral-santa-ana.jpg\"><img loading=\"lazy\" class=\"alignnone size-full wp-image-3849\" src=\"http:\/\/www.canarias.com\/blog\/wp-content\/uploads\/2016\/12\/catedral-santa-ana.jpg\" alt=\"\" width=\"940\" height=\"350\" srcset=\"https:\/\/www.canarias.com\/blog\/wp-content\/uploads\/2016\/12\/catedral-santa-ana.jpg 940w, https:\/\/www.canarias.com\/blog\/wp-content\/uploads\/2016\/12\/catedral-santa-ana-300x112.jpg 300w, https:\/\/www.canarias.com\/blog\/wp-content\/uploads\/2016\/12\/catedral-santa-ana-768x286.jpg 768w, https:\/\/www.canarias.com\/blog\/wp-content\/uploads\/2016\/12\/catedral-santa-ana-510x190.jpg 510w, https:\/\/www.canarias.com\/blog\/wp-content\/uploads\/2016\/12\/catedral-santa-ana-500x186.jpg 500w\" sizes=\"(max-width: 940px) 100vw, 940px\" \/><\/a><\/p>\n<p style=\"text-align: justify;\">Encuentras en el barrio de Vegueta, la hermosa Plaza de Santa Ana, muy frecuentada por los\u00a0 residentes y visitantes de la ciudad. A su alrededor, otras de las edificaciones importantes como el Ayuntamiento, el Palacio Episcopal, la Casa Regental, este \u00faltimo es una construcci\u00f3n del siglo XVI, con una de las portadas renacentistas m\u00e1s interesantes de las islas.<\/p>\n<p style=\"text-align: justify;\">Siguiendo tu recorrido por la calle Castillo, encuentras la peque\u00f1a Plaza del Esp\u00edritu Santo, con una linda fuente neocl\u00e1sica y tambi\u00e9n una sencilla ermita. M\u00e1s adelante Otro sitio de inter\u00e9s es la Plaza de Santo Domingo con la Iglesia de nombre hom\u00f3nimo, magn\u00edfica muestra de arquitect\u00f3nica.<\/p>\n<p><a href=\"http:\/\/www.canarias.com\/blog\/wp-content\/uploads\/2016\/12\/Santo_Domingo.jpg\"><img loading=\"lazy\" class=\"size-full wp-image-3850\" src=\"http:\/\/www.canarias.com\/blog\/wp-content\/uploads\/2016\/12\/Santo_Domingo.jpg\" alt=\"\" width=\"1280\" height=\"960\" srcset=\"https:\/\/www.canarias.com\/blog\/wp-content\/uploads\/2016\/12\/Santo_Domingo.jpg 1280w, https:\/\/www.canarias.com\/blog\/wp-content\/uploads\/2016\/12\/Santo_Domingo-300x225.jpg 300w, https:\/\/www.canarias.com\/blog\/wp-content\/uploads\/2016\/12\/Santo_Domingo-768x576.jpg 768w, https:\/\/www.canarias.com\/blog\/wp-content\/uploads\/2016\/12\/Santo_Domingo-510x383.jpg 510w, https:\/\/www.canarias.com\/blog\/wp-content\/uploads\/2016\/12\/Santo_Domingo-400x300.jpg 400w\" sizes=\"(max-width: 1280px) 100vw, 1280px\" \/><\/a><\/p>\n<p style=\"text-align: justify;\">Y no te puedes perder el Museo Canario, ubicado en una casona de finales del siglo XIX, que exhibe una exposici\u00f3n permanente dedicada a los primeros pobladores de la isla.<\/p>\n<p style=\"text-align: justify;\">Otros sitios de gran inter\u00e9s cultural que encuentras en Vegueta son: la\u00a0 Casa de Col\u00f3n, la Ermita de San Antonio Abad enclavada en la plaza del mismo nombre, construida en el lugar en el que se levant\u00f3 la capilla del primer campamento construido por los conquistadores.<\/p>\n<p style=\"text-align: justify;\">Y no dejes de pasar la oportunidad de admirar la Calle de Los Balcones, con una gran muestra de la evoluci\u00f3n de la arquitectura en Canarias desde el siglo XVI hasta el XIX, entre las que destacan la Casa Mendoza \u00a0y la Casa M\u00f3xica, ejemplos representativos de Casa Patio de la ciudad, y que en la actualidad, alberga el\u00a0 Centro Atl\u00e1ntico de Arte Moderno. Otros sitios dignos de admiraci\u00f3n son la\u00a0 Iglesia y la Plaza de San Agust\u00edn y la Casa Westerling, hoy sede del Colegio Oficial de Abogados de Las Palmas, y la Iglesia de San Francisco de Borja, una de las mejores muestras de arquitectura barroca de Canarias.<\/p>\n<p style=\"text-align: justify;\"><a href=\"http:\/\/www.canarias.com\/blog\/wp-content\/uploads\/2016\/12\/vegueta-casco.jpg\"><img loading=\"lazy\" class=\"alignnone size-full wp-image-3851\" src=\"http:\/\/www.canarias.com\/blog\/wp-content\/uploads\/2016\/12\/vegueta-casco.jpg\" alt=\"\" width=\"1024\" height=\"768\" srcset=\"https:\/\/www.canarias.com\/blog\/wp-content\/uploads\/2016\/12\/vegueta-casco.jpg 1024w, https:\/\/www.canarias.com\/blog\/wp-content\/uploads\/2016\/12\/vegueta-casco-300x225.jpg 300w, https:\/\/www.canarias.com\/blog\/wp-content\/uploads\/2016\/12\/vegueta-casco-768x576.jpg 768w, https:\/\/www.canarias.com\/blog\/wp-content\/uploads\/2016\/12\/vegueta-casco-510x383.jpg 510w, https:\/\/www.canarias.com\/blog\/wp-content\/uploads\/2016\/12\/vegueta-casco-400x300.jpg 400w\" sizes=\"(max-width: 1024px) 100vw, 1024px\" \/><\/a><\/p>\n<p style=\"text-align: justify;\">Y al finalizar tu recorrido, tambi\u00e9n puedes disfrutar de un rato de ocio en una de sus innumerables tascas o degustar suculentos platos en alguno de sus estupendos restaurantes, y disfrutar de esta reminiscencia del pasado con una gastronom\u00eda colmada de tradiciones, mezcla de las diversas culturas que han arribado a esta hermosa ciudad. Y si tu visita es un d\u00eda domingo, encontrar\u00e1s un mercadillo artesano, que te ofrece desde cester\u00eda tradicional a diversidad de dulces para que completes tu d\u00eda y te lleves un recuerdo de tu inolvidable visita a Vegueta, donde naci\u00f3 la hermosa capital de Gran Canaria.<\/p>\n","protected":false},"excerpt":{"rendered":"<p>Vegueta, un hermoso y se\u00f1orial barrio, ubicado al sur de Las Palmas, que fue el lugar de nacimiento de la hermosa capital de la isla de Gran Canaria, que atesora entre sus muros incontables historias del origen de la ciudad, en el siglo XV. Aqu\u00ed, donde naci\u00f3 la capital de Gran Canaria, encuentras algunos de [&hellip;]<\/p>\n","protected":false},"author":1,"featured_media":3848,"comment_status":"open","ping_status":"open","sticky":false,"template":"","format":"standard","meta":[],"categories":[497,342,69],"tags":[698,696,682,667,695,697,694],"_links":{"self":[{"href":"https:\/\/www.canarias.com\/blog\/wp-json\/wp\/v2\/posts\/3847"}],"collection":[{"href":"https:\/\/www.canarias.com\/blog\/wp-json\/wp\/v2\/posts"}],"about":[{"href":"https:\/\/www.canarias.com\/blog\/wp-json\/wp\/v2\/types\/post"}],"author":[{"embeddable":true,"href":"https:\/\/www.canarias.com\/blog\/wp-json\/wp\/v2\/users\/1"}],"replies":[{"embeddable":true,"href":"https:\/\/www.canarias.com\/blog\/wp-json\/wp\/v2\/comments?post=3847"}],"version-history":[{"count":1,"href":"https:\/\/www.canarias.com\/blog\/wp-json\/wp\/v2\/posts\/3847\/revisions"}],"predecessor-version":[{"id":3852,"href":"https:\/\/www.canarias.com\/blog\/wp-json\/wp\/v2\/posts\/3847\/revisions\/3852"}],"wp:featuredmedia":[{"embeddable":true,"href":"https:\/\/www.canarias.com\/blog\/wp-json\/wp\/v2\/media\/3848"}],"wp:attachment":[{"href":"https:\/\/www.canarias.com\/blog\/wp-json\/wp\/v2\/media?parent=3847"}],"wp:term":[{"taxonomy":"category","embeddable":true,"href":"https:\/\/www.canarias.com\/blog\/wp-json\/wp\/v2\/categories?post=3847"},{"taxonomy":"post_tag","embeddable":true,"href":"https:\/\/www.canarias.com\/blog\/wp-json\/wp\/v2\/tags?post=3847"}],"curies":[{"name":"wp","href":"https:\/\/api.w.org\/{rel}","templated":true}]}}