{"id":3872,"date":"2017-01-07T09:42:31","date_gmt":"2017-01-07T09:42:31","guid":{"rendered":"http:\/\/www.canarias.com\/blog\/?p=3872"},"modified":"2017-01-07T09:42:31","modified_gmt":"2017-01-07T09:42:31","slug":"tinajo-lanzarote","status":"publish","type":"post","link":"https:\/\/www.canarias.com\/blog\/tinajo-lanzarote\/","title":{"rendered":"Tinajo, Lanzarote"},"content":{"rendered":"<p style=\"text-align: justify;\">La hermosa isla de Lanzarote con su particular belleza te ofrece el singular encanto de un paisaje marcado por un pasado volc\u00e1nico en el municipio de Tinajo, uno de los m\u00e1s extensos, con una divisi\u00f3n administrativa regida, casi en su totalidad, por la antigua jurisdicci\u00f3n parroquial de la isla.<\/p>\n<p style=\"text-align: justify;\">En gran parte cubierto por lavas de las erupciones volc\u00e1nicas desde el Timanfaya y el Tinguat\u00f3n, en los a\u00f1os 1730 a 1736 y 1824. Un hecho que ha permitido que Tinajo haya podido establecer en sus tierras una agricultura pr\u00f3spera y lucrativa, a pesar de la escasez de lluvias, ya que sus cultivos a partir de la ceniza volc\u00e1nica (rofe o pic\u00f3n) que conserva muy bien la humedad, se desarrollan en excelentes condiciones y con una calidad \u00f3ptima. En sus suelos se encuentra todas las modalidades de cultivo de la isla como gavias, bancales, enarenados naturales y artificiales, jables, y muchos m\u00e1s.<\/p>\n<div id=\"attachment_3873\" style=\"width: 1034px\" class=\"wp-caption alignnone\"><a href=\"http:\/\/www.canarias.com\/blog\/wp-content\/uploads\/2017\/01\/Tinajo_El_Cuchillo.jpg\"><img aria-describedby=\"caption-attachment-3873\" loading=\"lazy\" class=\"size-full wp-image-3873\" src=\"http:\/\/www.canarias.com\/blog\/wp-content\/uploads\/2017\/01\/Tinajo_El_Cuchillo.jpg\" alt=\"\" width=\"1024\" height=\"683\" srcset=\"https:\/\/www.canarias.com\/blog\/wp-content\/uploads\/2017\/01\/Tinajo_El_Cuchillo.jpg 1024w, https:\/\/www.canarias.com\/blog\/wp-content\/uploads\/2017\/01\/Tinajo_El_Cuchillo-300x200.jpg 300w, https:\/\/www.canarias.com\/blog\/wp-content\/uploads\/2017\/01\/Tinajo_El_Cuchillo-768x512.jpg 768w, https:\/\/www.canarias.com\/blog\/wp-content\/uploads\/2017\/01\/Tinajo_El_Cuchillo-510x340.jpg 510w, https:\/\/www.canarias.com\/blog\/wp-content\/uploads\/2017\/01\/Tinajo_El_Cuchillo-450x300.jpg 450w\" sizes=\"(max-width: 1024px) 100vw, 1024px\" \/><\/a><p id=\"caption-attachment-3873\" class=\"wp-caption-text\">Tinajo &#8211; El Cuchillo. Fotograf\u00eda: Frank Vincentz CC BY-SA 3.0<\/p><\/div>\n<p>Su principal n\u00facleo de poblaci\u00f3n est\u00e1 ubicado en las vegas entre las monta\u00f1as de Tinajo y de Tinache. Otros n\u00facleos poblacionales son Mancha Blanca, La Santa, La Vegueta, y El Cuchillo. Todos con ese aire rural reflejado en sus casas de arquitectura tradicional con elementos caracter\u00edsticos como hornos, aljibes, corrales, entre otros, alternando con construcciones m\u00e1s recientes.<\/p>\n<div id=\"attachment_3874\" style=\"width: 1034px\" class=\"wp-caption alignnone\"><a href=\"http:\/\/www.canarias.com\/blog\/wp-content\/uploads\/2017\/01\/Tinajo_La_Santa.jpg\"><img aria-describedby=\"caption-attachment-3874\" loading=\"lazy\" class=\"size-full wp-image-3874\" src=\"http:\/\/www.canarias.com\/blog\/wp-content\/uploads\/2017\/01\/Tinajo_La_Santa.jpg\" alt=\"\" width=\"1024\" height=\"683\" srcset=\"https:\/\/www.canarias.com\/blog\/wp-content\/uploads\/2017\/01\/Tinajo_La_Santa.jpg 1024w, https:\/\/www.canarias.com\/blog\/wp-content\/uploads\/2017\/01\/Tinajo_La_Santa-300x200.jpg 300w, https:\/\/www.canarias.com\/blog\/wp-content\/uploads\/2017\/01\/Tinajo_La_Santa-768x512.jpg 768w, https:\/\/www.canarias.com\/blog\/wp-content\/uploads\/2017\/01\/Tinajo_La_Santa-510x340.jpg 510w, https:\/\/www.canarias.com\/blog\/wp-content\/uploads\/2017\/01\/Tinajo_La_Santa-450x300.jpg 450w\" sizes=\"(max-width: 1024px) 100vw, 1024px\" \/><\/a><p id=\"caption-attachment-3874\" class=\"wp-caption-text\">Tinajo &#8211; La Santa. Fotograf\u00eda: Frank Vincentz CC BY-SA 3.0<\/p><\/div>\n<p>En este hermoso municipio destacan los espacios naturales m\u00e1s importantes de la isla: el Parque Nacional de Timanfaya, el \u00fanico Parque Nacional en Canarias que limita con el mar; el Paisaje Protegido de la Geria, un singular enarenado natural de cenizas volc\u00e1nicas en donde el hombre ha\u00a0 creado armoniosamente un paisaje agrario \u00fanico en el mundo, en el que a base de esfuerzo y dedicaci\u00f3n se cultivan vides, higueras y otros \u00e1rboles frutales. En su superficie se encuentra el monumento natural de La Cueva de Los naturalistas; el Parque Natural de los Volcanes, que comparte con los municipios de T\u00edas y Yaiza, una de las mejores muestras junto a Timanfaya de las erupciones volc\u00e1nicas recientes de la isla.<\/p>\n<div id=\"attachment_3875\" style=\"width: 693px\" class=\"wp-caption alignnone\"><a href=\"http:\/\/www.canarias.com\/blog\/wp-content\/uploads\/2017\/01\/parque-tinajo.jpg\"><img aria-describedby=\"caption-attachment-3875\" loading=\"lazy\" class=\"size-full wp-image-3875\" src=\"http:\/\/www.canarias.com\/blog\/wp-content\/uploads\/2017\/01\/parque-tinajo.jpg\" alt=\"\" width=\"683\" height=\"1020\" srcset=\"https:\/\/www.canarias.com\/blog\/wp-content\/uploads\/2017\/01\/parque-tinajo.jpg 683w, https:\/\/www.canarias.com\/blog\/wp-content\/uploads\/2017\/01\/parque-tinajo-201x300.jpg 201w, https:\/\/www.canarias.com\/blog\/wp-content\/uploads\/2017\/01\/parque-tinajo-510x762.jpg 510w\" sizes=\"(max-width: 683px) 100vw, 683px\" \/><\/a><p id=\"caption-attachment-3875\" class=\"wp-caption-text\">Parque Nacional Timanfaya &#8211; Tinajo.<\/p><\/div>\n<div id=\"attachment_3876\" style=\"width: 1034px\" class=\"wp-caption alignnone\"><a href=\"http:\/\/www.canarias.com\/blog\/wp-content\/uploads\/2017\/01\/timanfaya.jpg\"><img aria-describedby=\"caption-attachment-3876\" loading=\"lazy\" class=\"size-full wp-image-3876\" src=\"http:\/\/www.canarias.com\/blog\/wp-content\/uploads\/2017\/01\/timanfaya.jpg\" alt=\"\" width=\"1024\" height=\"768\" srcset=\"https:\/\/www.canarias.com\/blog\/wp-content\/uploads\/2017\/01\/timanfaya.jpg 1024w, https:\/\/www.canarias.com\/blog\/wp-content\/uploads\/2017\/01\/timanfaya-300x225.jpg 300w, https:\/\/www.canarias.com\/blog\/wp-content\/uploads\/2017\/01\/timanfaya-768x576.jpg 768w, https:\/\/www.canarias.com\/blog\/wp-content\/uploads\/2017\/01\/timanfaya-510x383.jpg 510w, https:\/\/www.canarias.com\/blog\/wp-content\/uploads\/2017\/01\/timanfaya-400x300.jpg 400w\" sizes=\"(max-width: 1024px) 100vw, 1024px\" \/><\/a><p id=\"caption-attachment-3876\" class=\"wp-caption-text\">Parque Nacional Timanfaya. Tinajo<\/p><\/div>\n<p>La fe religiosa de los residentes de este municipio est\u00e1 \u00edntimamente ligada a su pasado volc\u00e1nico y gira con gran devoci\u00f3n en torno a la Virgen de los Dolores, popularmente conocida como la Virgen de los Volcanes, patrona de la isla, quien, seg\u00fan cuenta la leyenda, arrop\u00f3 bajo su manto protector la extensi\u00f3n de este municipio logrando detener los enormes r\u00edos de lava, producto de las erupciones volc\u00e1nicas, que iban directamente sobre los habitantes y las casas de Mancha Blanca, y donde a\u00fan se conserva la cruz en el mismo lugar en el que se detuvo la lava.<\/p>\n<div id=\"attachment_3877\" style=\"width: 521px\" class=\"wp-caption alignnone\"><a href=\"http:\/\/www.canarias.com\/blog\/wp-content\/uploads\/2017\/01\/Cruz_conmemorativa.jpg\"><img aria-describedby=\"caption-attachment-3877\" loading=\"lazy\" class=\"size-full wp-image-3877\" src=\"http:\/\/www.canarias.com\/blog\/wp-content\/uploads\/2017\/01\/Cruz_conmemorativa.jpg\" alt=\"\" width=\"511\" height=\"768\" srcset=\"https:\/\/www.canarias.com\/blog\/wp-content\/uploads\/2017\/01\/Cruz_conmemorativa.jpg 511w, https:\/\/www.canarias.com\/blog\/wp-content\/uploads\/2017\/01\/Cruz_conmemorativa-200x300.jpg 200w, https:\/\/www.canarias.com\/blog\/wp-content\/uploads\/2017\/01\/Cruz_conmemorativa-510x766.jpg 510w\" sizes=\"(max-width: 511px) 100vw, 511px\" \/><\/a><p id=\"caption-attachment-3877\" class=\"wp-caption-text\">Cruz conmemorativa . Fotograf\u00eda: Francisco Quevedo L\u00f3pez (QUOLO) CC BY-SA 4.0<\/p><\/div>\n<p>Por lo que en agradecimiento y como promesa por el milagro concedido, en 1781, fue construida la Ermita de los Dolores, y cada 15 de septiembre, se celebran las fiestas en su honor, donde acuden romeros y peregrinos desde todos los rincones de la isla, ataviados con los trajes t\u00edpicos, para otorgar sus presentes y regalos a la Virgen con inmensa devoci\u00f3n.<\/p>\n<div id=\"attachment_3879\" style=\"width: 1034px\" class=\"wp-caption alignnone\"><a href=\"http:\/\/www.canarias.com\/blog\/wp-content\/uploads\/2017\/01\/Nuestra_Senora_de_Los_Dolores.jpg\"><img aria-describedby=\"caption-attachment-3879\" loading=\"lazy\" class=\"size-full wp-image-3879\" src=\"http:\/\/www.canarias.com\/blog\/wp-content\/uploads\/2017\/01\/Nuestra_Senora_de_Los_Dolores.jpg\" alt=\"\" width=\"1024\" height=\"712\" srcset=\"https:\/\/www.canarias.com\/blog\/wp-content\/uploads\/2017\/01\/Nuestra_Senora_de_Los_Dolores.jpg 1024w, https:\/\/www.canarias.com\/blog\/wp-content\/uploads\/2017\/01\/Nuestra_Senora_de_Los_Dolores-300x209.jpg 300w, https:\/\/www.canarias.com\/blog\/wp-content\/uploads\/2017\/01\/Nuestra_Senora_de_Los_Dolores-768x534.jpg 768w, https:\/\/www.canarias.com\/blog\/wp-content\/uploads\/2017\/01\/Nuestra_Senora_de_Los_Dolores-510x355.jpg 510w, https:\/\/www.canarias.com\/blog\/wp-content\/uploads\/2017\/01\/Nuestra_Senora_de_Los_Dolores-431x300.jpg 431w\" sizes=\"(max-width: 1024px) 100vw, 1024px\" \/><\/a><p id=\"caption-attachment-3879\" class=\"wp-caption-text\">Ermita de Nuestra Se\u00f1ora de los Dolores. Mancha Blanca &#8211; Tinajo. Fotograf\u00eda: H. Zell CC BY-SA 3.0<\/p><\/div>\n","protected":false},"excerpt":{"rendered":"<p>La hermosa isla de Lanzarote con su particular belleza te ofrece el singular encanto de un paisaje marcado por un pasado volc\u00e1nico en el municipio de Tinajo, uno de los m\u00e1s extensos, con una divisi\u00f3n administrativa regida, casi en su totalidad, por la antigua jurisdicci\u00f3n parroquial de la isla. En gran parte cubierto por lavas [&hellip;]<\/p>\n","protected":false},"author":1,"featured_media":3880,"comment_status":"open","ping_status":"open","sticky":false,"template":"","format":"standard","meta":[],"categories":[342,445],"tags":[682,706,602,705,668,707],"_links":{"self":[{"href":"https:\/\/www.canarias.com\/blog\/wp-json\/wp\/v2\/posts\/3872"}],"collection":[{"href":"https:\/\/www.canarias.com\/blog\/wp-json\/wp\/v2\/posts"}],"about":[{"href":"https:\/\/www.canarias.com\/blog\/wp-json\/wp\/v2\/types\/post"}],"author":[{"embeddable":true,"href":"https:\/\/www.canarias.com\/blog\/wp-json\/wp\/v2\/users\/1"}],"replies":[{"embeddable":true,"href":"https:\/\/www.canarias.com\/blog\/wp-json\/wp\/v2\/comments?post=3872"}],"version-history":[{"count":1,"href":"https:\/\/www.canarias.com\/blog\/wp-json\/wp\/v2\/posts\/3872\/revisions"}],"predecessor-version":[{"id":3881,"href":"https:\/\/www.canarias.com\/blog\/wp-json\/wp\/v2\/posts\/3872\/revisions\/3881"}],"wp:featuredmedia":[{"embeddable":true,"href":"https:\/\/www.canarias.com\/blog\/wp-json\/wp\/v2\/media\/3880"}],"wp:attachment":[{"href":"https:\/\/www.canarias.com\/blog\/wp-json\/wp\/v2\/media?parent=3872"}],"wp:term":[{"taxonomy":"category","embeddable":true,"href":"https:\/\/www.canarias.com\/blog\/wp-json\/wp\/v2\/categories?post=3872"},{"taxonomy":"post_tag","embeddable":true,"href":"https:\/\/www.canarias.com\/blog\/wp-json\/wp\/v2\/tags?post=3872"}],"curies":[{"name":"wp","href":"https:\/\/api.w.org\/{rel}","templated":true}]}}