{"id":3885,"date":"2017-01-17T09:17:06","date_gmt":"2017-01-17T09:17:06","guid":{"rendered":"http:\/\/www.canarias.com\/blog\/?p=3885"},"modified":"2017-01-17T09:17:06","modified_gmt":"2017-01-17T09:17:06","slug":"municipio-haria-lanzarote","status":"publish","type":"post","link":"https:\/\/www.canarias.com\/blog\/municipio-haria-lanzarote\/","title":{"rendered":"Municipio de Har\u00eda, Lanzarote"},"content":{"rendered":"<p>Har\u00eda, un bello municipio ubicado al norte de la isla de Lanzarote, en el archipi\u00e9lago canario, tambi\u00e9n conocido con el hermoso nombre del Valle de las Mil Palmeras, las cuales parecen emerger como un oasis, con su verde contrastando armoniosamente con el luminoso blanco de sus casas.<\/p>\n<div id=\"attachment_3886\" style=\"width: 1034px\" class=\"wp-caption alignnone\"><a href=\"http:\/\/www.canarias.com\/blog\/wp-content\/uploads\/2017\/01\/Haria_2009_148-1.jpg\"><img aria-describedby=\"caption-attachment-3886\" loading=\"lazy\" class=\"size-full wp-image-3886\" src=\"http:\/\/www.canarias.com\/blog\/wp-content\/uploads\/2017\/01\/Haria_2009_148-1.jpg\" alt=\"\" width=\"1024\" height=\"663\" srcset=\"https:\/\/www.canarias.com\/blog\/wp-content\/uploads\/2017\/01\/Haria_2009_148-1.jpg 1024w, https:\/\/www.canarias.com\/blog\/wp-content\/uploads\/2017\/01\/Haria_2009_148-1-300x194.jpg 300w, https:\/\/www.canarias.com\/blog\/wp-content\/uploads\/2017\/01\/Haria_2009_148-1-768x497.jpg 768w, https:\/\/www.canarias.com\/blog\/wp-content\/uploads\/2017\/01\/Haria_2009_148-1-510x330.jpg 510w, https:\/\/www.canarias.com\/blog\/wp-content\/uploads\/2017\/01\/Haria_2009_148-1-463x300.jpg 463w\" sizes=\"(max-width: 1024px) 100vw, 1024px\" \/><\/a><p id=\"caption-attachment-3886\" class=\"wp-caption-text\">Har\u00eda, Lanzarote<\/p><\/div>\n<p>Har\u00eda es tambi\u00e9n el nombre de la capital municipal. Un tranquilo pueblo, ubicado en el valle m\u00e1s f\u00e9rtil de la isla y uno de los m\u00e1s hermosos de Lanzarote, con su linda plaza de nombre Le\u00f3n y Castilla, muy bien cuidada y magn\u00edficamente arbolada, centro de la vida social y econ\u00f3mica del lugar. Al final de ella encontramos la Iglesia de Nuestra Se\u00f1ora de La Encarnaci\u00f3n y muy cerca, un peque\u00f1o museo que conserva piezas de Arte Sacro de los siglos XVII, XVIII y XIX.<\/p>\n<p><div id=\"attachment_3887\" style=\"width: 1034px\" class=\"wp-caption alignnone\"><a href=\"http:\/\/www.canarias.com\/blog\/wp-content\/uploads\/2017\/01\/Lanzarote_-_Haria.jpg\"><img aria-describedby=\"caption-attachment-3887\" loading=\"lazy\" class=\"size-full wp-image-3887\" src=\"http:\/\/www.canarias.com\/blog\/wp-content\/uploads\/2017\/01\/Lanzarote_-_Haria.jpg\" alt=\"\" width=\"1024\" height=\"768\" srcset=\"https:\/\/www.canarias.com\/blog\/wp-content\/uploads\/2017\/01\/Lanzarote_-_Haria.jpg 1024w, https:\/\/www.canarias.com\/blog\/wp-content\/uploads\/2017\/01\/Lanzarote_-_Haria-300x225.jpg 300w, https:\/\/www.canarias.com\/blog\/wp-content\/uploads\/2017\/01\/Lanzarote_-_Haria-768x576.jpg 768w, https:\/\/www.canarias.com\/blog\/wp-content\/uploads\/2017\/01\/Lanzarote_-_Haria-510x383.jpg 510w, https:\/\/www.canarias.com\/blog\/wp-content\/uploads\/2017\/01\/Lanzarote_-_Haria-400x300.jpg 400w\" sizes=\"(max-width: 1024px) 100vw, 1024px\" \/><\/a><p id=\"caption-attachment-3887\" class=\"wp-caption-text\">Har\u00eda &#8211; Iglesia de Nuestra Se\u00f1ora de La Encarnaci\u00f3n . Foto: Edgar El [CC BY 3.0<\/p><\/div>En Har\u00eda tambi\u00e9n encontramos la Capilla de San Juan Bautista, en el lugar que ocup\u00f3 la primera iglesia de Nuestra Se\u00f1ora de la Encarnaci\u00f3n, la cual fue destruida en gran parte en 1618 por un ataque pirata.<\/p>\n<p>Tambi\u00e9n podemos admirar y adquirir los hermosos trabajos realizados en el Taller Municipal de Artesan\u00eda, muchos de ellos elaborados con la materia prima de los \u00e1rboles de palma.<\/p>\n<p>La orograf\u00eda abrupta y monta\u00f1osa de Har\u00eda nos permite admirar bellos parajes como las Pe\u00f1as del Chache y una parte del Risco de Famara, adem\u00e1s de hermosas calas y maravillosas playas de brillante arena blanca en maravilloso contraste con las colas l\u00e1vicas, grutas y cuevas subterr\u00e1neas procedentes del majestuoso Volc\u00e1n de la Corona.<\/p>\n<p>El municipio de Har\u00eda posee dos espectaculares atractivos naturales de inigualable belleza y de un importante valor tur\u00edstico:<\/p>\n<p><strong>La Cueva de los Verdes<\/strong>. Un t\u00fanel formado por el Volc\u00e1n de la Corona y que constituye uno de los m\u00e1s extensos e interesantes del planeta, con m\u00e1s de seis kil\u00f3metros prolong\u00e1ndose desde el cr\u00e1ter del volc\u00e1n hasta adentrarse al mar, en un trecho submarino de m\u00e1s de un kil\u00f3metro denominado <em>T\u00fanel de la Atl\u00e1ntida<\/em>.<\/p>\n<p><div id=\"attachment_3889\" style=\"width: 1034px\" class=\"wp-caption alignnone\"><a href=\"http:\/\/www.canarias.com\/blog\/wp-content\/uploads\/2017\/01\/1024px-Haria.jpg\"><img aria-describedby=\"caption-attachment-3889\" loading=\"lazy\" class=\"size-full wp-image-3889\" src=\"http:\/\/www.canarias.com\/blog\/wp-content\/uploads\/2017\/01\/1024px-Haria.jpg\" alt=\"\" width=\"1024\" height=\"683\" srcset=\"https:\/\/www.canarias.com\/blog\/wp-content\/uploads\/2017\/01\/1024px-Haria.jpg 1024w, https:\/\/www.canarias.com\/blog\/wp-content\/uploads\/2017\/01\/1024px-Haria-300x200.jpg 300w, https:\/\/www.canarias.com\/blog\/wp-content\/uploads\/2017\/01\/1024px-Haria-768x512.jpg 768w, https:\/\/www.canarias.com\/blog\/wp-content\/uploads\/2017\/01\/1024px-Haria-510x340.jpg 510w, https:\/\/www.canarias.com\/blog\/wp-content\/uploads\/2017\/01\/1024px-Haria-450x300.jpg 450w\" sizes=\"(max-width: 1024px) 100vw, 1024px\" \/><\/a><p id=\"caption-attachment-3889\" class=\"wp-caption-text\">Har\u00eda &#8211; Cueva de los verdes. Foto: Frank Vincentz [ CC BY-SA 3.0 ]<\/p><\/div>Y, <strong>los Jameos del Agua<\/strong>, al igual que la anterior, se localizan en el interior del t\u00fanel volc\u00e1nico, ubicados en la secci\u00f3n del t\u00fanel m\u00e1s cercano a la costa y que debe su nombre a la presencia de la singular formaci\u00f3n geol\u00f3gica de un lago interior originado por la filtraci\u00f3n al encontrarse por debajo del nivel del mar, que adem\u00e1s de ser un espacio natural es tambi\u00e9n un centro de arte, cultura y turismo ideado por el artista lanzarote\u00f1o C\u00e9sar Manrique, creada a partir de estos jameos naturales, en donde el artista muestra la armon\u00eda entre la naturaleza y la creaci\u00f3n art\u00edstica. Aqu\u00ed tambi\u00e9n encontramos una especie de cangrejo \u00fanica y end\u00e9mica, los cangrejitos ciegos (Munidopsis polymorpha), muy sensibles a los cambios de la laguna, con apenas un cent\u00edmetro de longitud, son adem\u00e1s albinos y ciegos, por lo que el ruido y la luz les afecta.<\/p>\n<div id=\"attachment_3890\" style=\"width: 1290px\" class=\"wp-caption alignnone\"><a href=\"http:\/\/www.canarias.com\/blog\/wp-content\/uploads\/2017\/01\/haria-jameos.jpg\"><img aria-describedby=\"caption-attachment-3890\" loading=\"lazy\" class=\"size-full wp-image-3890\" src=\"http:\/\/www.canarias.com\/blog\/wp-content\/uploads\/2017\/01\/haria-jameos.jpg\" alt=\"\" width=\"1280\" height=\"960\" srcset=\"https:\/\/www.canarias.com\/blog\/wp-content\/uploads\/2017\/01\/haria-jameos.jpg 1280w, https:\/\/www.canarias.com\/blog\/wp-content\/uploads\/2017\/01\/haria-jameos-300x225.jpg 300w, https:\/\/www.canarias.com\/blog\/wp-content\/uploads\/2017\/01\/haria-jameos-768x576.jpg 768w, https:\/\/www.canarias.com\/blog\/wp-content\/uploads\/2017\/01\/haria-jameos-510x383.jpg 510w, https:\/\/www.canarias.com\/blog\/wp-content\/uploads\/2017\/01\/haria-jameos-400x300.jpg 400w\" sizes=\"(max-width: 1280px) 100vw, 1280px\" \/><\/a><p id=\"caption-attachment-3890\" class=\"wp-caption-text\">Har\u00eda &#8211; Los Jameos del Agua.<\/p><\/div>\n<p>Otro sitio de parada obligada en este hermoso municipio es el Mirador del R\u00edo, ubicado sobre los acantilados de su litoral, que nos ofrece las m\u00e1s impresionantes y maravillosas vistas de la isla de La Graciosa y el Archipi\u00e9lago de Chinijo.<\/p>\n<p>Algunos de los pueblos que podemos disfrutar\u00a0en este bello municipio son:<\/p>\n<p><strong>Maguez<\/strong>, ubicado al lado de Har\u00eda, muy popular por sus vinos y la famosa papa temprana o de Navidad.<\/p>\n<p><div id=\"attachment_3891\" style=\"width: 1034px\" class=\"wp-caption alignnone\"><a href=\"http:\/\/www.canarias.com\/blog\/wp-content\/uploads\/2017\/01\/Haria-Maguez.jpg\"><img aria-describedby=\"caption-attachment-3891\" loading=\"lazy\" class=\"size-full wp-image-3891\" src=\"http:\/\/www.canarias.com\/blog\/wp-content\/uploads\/2017\/01\/Haria-Maguez.jpg\" alt=\"\" width=\"1024\" height=\"683\" srcset=\"https:\/\/www.canarias.com\/blog\/wp-content\/uploads\/2017\/01\/Haria-Maguez.jpg 1024w, https:\/\/www.canarias.com\/blog\/wp-content\/uploads\/2017\/01\/Haria-Maguez-300x200.jpg 300w, https:\/\/www.canarias.com\/blog\/wp-content\/uploads\/2017\/01\/Haria-Maguez-768x512.jpg 768w, https:\/\/www.canarias.com\/blog\/wp-content\/uploads\/2017\/01\/Haria-Maguez-510x340.jpg 510w, https:\/\/www.canarias.com\/blog\/wp-content\/uploads\/2017\/01\/Haria-Maguez-450x300.jpg 450w\" sizes=\"(max-width: 1024px) 100vw, 1024px\" \/><\/a><p id=\"caption-attachment-3891\" class=\"wp-caption-text\">Har\u00eda &#8211; M\u00e1guez. Foto: Frank Vincentz [CC BY-SA 3.0]<\/p><\/div><strong>Guinate<\/strong>, un peque\u00f1o pueblo agr\u00edcola popular por el Mirador Guinate y el parque de animales de nombre Parque Tropical.\u00a0<strong>Mala<\/strong>, que posee la \u00fanica presa de la isla.\u00a0<strong>Arrieta<\/strong>, con una popular playa llamada La Garita.<\/p>\n<p><div id=\"attachment_3892\" style=\"width: 1034px\" class=\"wp-caption alignnone\"><a href=\"http:\/\/www.canarias.com\/blog\/wp-content\/uploads\/2017\/01\/Haria_Orzola.jpg\"><img aria-describedby=\"caption-attachment-3892\" loading=\"lazy\" class=\"size-full wp-image-3892\" src=\"http:\/\/www.canarias.com\/blog\/wp-content\/uploads\/2017\/01\/Haria_Orzola.jpg\" alt=\"\" width=\"1024\" height=\"683\" srcset=\"https:\/\/www.canarias.com\/blog\/wp-content\/uploads\/2017\/01\/Haria_Orzola.jpg 1024w, https:\/\/www.canarias.com\/blog\/wp-content\/uploads\/2017\/01\/Haria_Orzola-300x200.jpg 300w, https:\/\/www.canarias.com\/blog\/wp-content\/uploads\/2017\/01\/Haria_Orzola-768x512.jpg 768w, https:\/\/www.canarias.com\/blog\/wp-content\/uploads\/2017\/01\/Haria_Orzola-510x340.jpg 510w, https:\/\/www.canarias.com\/blog\/wp-content\/uploads\/2017\/01\/Haria_Orzola-450x300.jpg 450w\" sizes=\"(max-width: 1024px) 100vw, 1024px\" \/><\/a><p id=\"caption-attachment-3892\" class=\"wp-caption-text\">Har\u00eda, Orzola &#8211; Calle El Calet\u00f3n. Foto:Frank Vincentz [CC BY-SA 3.0]<\/p><\/div><strong>Ye<\/strong>, un encantador y peque\u00f1o pueblo, de vi\u00f1as y queso de cabra.<\/p>\n<p>Las fiestas municipales que m\u00e1s destacan en Har\u00eda son las de San Juan, el 24 de Junio, y las de Santa Rosa de Lima, el 23 de Agosto, aunque podemos disfrutar de muchas m\u00e1s el resto de los meses del a\u00f1o. Har\u00eda, un encantador municipio que bien vale la pena visitar&#8230;<\/p>\n","protected":false},"excerpt":{"rendered":"<p>Har\u00eda, un bello municipio ubicado al norte de la isla de Lanzarote, en el archipi\u00e9lago canario, tambi\u00e9n conocido con el hermoso nombre del Valle de las Mil Palmeras, las cuales parecen emerger como un oasis, con su verde contrastando armoniosamente con el luminoso blanco de sus casas. Har\u00eda es tambi\u00e9n el nombre de la capital [&hellip;]<\/p>\n","protected":false},"author":1,"featured_media":3893,"comment_status":"open","ping_status":"open","sticky":false,"template":"","format":"standard","meta":[],"categories":[342,445],"tags":[710,711,602,712,425,709,677,662,708],"_links":{"self":[{"href":"https:\/\/www.canarias.com\/blog\/wp-json\/wp\/v2\/posts\/3885"}],"collection":[{"href":"https:\/\/www.canarias.com\/blog\/wp-json\/wp\/v2\/posts"}],"about":[{"href":"https:\/\/www.canarias.com\/blog\/wp-json\/wp\/v2\/types\/post"}],"author":[{"embeddable":true,"href":"https:\/\/www.canarias.com\/blog\/wp-json\/wp\/v2\/users\/1"}],"replies":[{"embeddable":true,"href":"https:\/\/www.canarias.com\/blog\/wp-json\/wp\/v2\/comments?post=3885"}],"version-history":[{"count":1,"href":"https:\/\/www.canarias.com\/blog\/wp-json\/wp\/v2\/posts\/3885\/revisions"}],"predecessor-version":[{"id":3894,"href":"https:\/\/www.canarias.com\/blog\/wp-json\/wp\/v2\/posts\/3885\/revisions\/3894"}],"wp:featuredmedia":[{"embeddable":true,"href":"https:\/\/www.canarias.com\/blog\/wp-json\/wp\/v2\/media\/3893"}],"wp:attachment":[{"href":"https:\/\/www.canarias.com\/blog\/wp-json\/wp\/v2\/media?parent=3885"}],"wp:term":[{"taxonomy":"category","embeddable":true,"href":"https:\/\/www.canarias.com\/blog\/wp-json\/wp\/v2\/categories?post=3885"},{"taxonomy":"post_tag","embeddable":true,"href":"https:\/\/www.canarias.com\/blog\/wp-json\/wp\/v2\/tags?post=3885"}],"curies":[{"name":"wp","href":"https:\/\/api.w.org\/{rel}","templated":true}]}}