{"id":3900,"date":"2017-02-21T10:28:48","date_gmt":"2017-02-21T10:28:48","guid":{"rendered":"http:\/\/www.canarias.com\/blog\/?p=3900"},"modified":"2017-05-22T09:39:24","modified_gmt":"2017-05-22T09:39:24","slug":"carnaval-tenerife-2017","status":"publish","type":"post","link":"https:\/\/www.canarias.com\/blog\/carnaval-tenerife-2017\/","title":{"rendered":"Carnaval de Santa Cruz de Tenerife, Un majestuoso espect\u00e1culo"},"content":{"rendered":"<p>El\u00a0Carnaval de\u00a0Santa Cruz de Tenerife, una explosi\u00f3n de alegr\u00eda, color, ritmo, sabor y diversi\u00f3n,\u00a0est\u00e1 considerado el carnaval\u00a0m\u00e1s popular y conocido internacionalmente, despu\u00e9s de los que se celebran en\u00a0la ciudad de R\u00edo de Janeiro en Brasil, ciudad que por este motivo est\u00e1 hermanada con Santa Cruz de Tenerife.<\/p>\n<div id=\"attachment_3901\" style=\"width: 610px\" class=\"wp-caption aligncenter\"><a href=\"http:\/\/www.canarias.com\/blog\/wp-content\/uploads\/2017\/02\/carnival-tenerife-e1487672394588.jpg\"><img aria-describedby=\"caption-attachment-3901\" loading=\"lazy\" class=\"size-full wp-image-3901\" src=\"http:\/\/www.canarias.com\/blog\/wp-content\/uploads\/2017\/02\/carnival-tenerife-e1487672394588.jpg\" alt=\"\" width=\"600\" height=\"401\" \/><\/a><p id=\"caption-attachment-3901\" class=\"wp-caption-text\">Comparsa en el Carnaval de Santa cruz de Tenerife.<\/p><\/div>\n<p>Cada a\u00f1o, durante m\u00e1s de una semana, las calles de la capital tinerfe\u00f1a se inundan de miles de personas llegadas de todo el mundo, para disfrutar del alegre colorido, la vibrante m\u00fasica, la creatividad y la imaginaci\u00f3n de quienes han pasado meses preparando esta gran fiesta para hacer de esta semana una experiencia inolvidable para propios y visitantes, cuando el carnaval isle\u00f1o, es una explosi\u00f3n incontrolable de alegr\u00eda, en donde, por unos d\u00edas, reina el desenfreno y desaparecen los tab\u00faes, dando paso a una total expresi\u00f3n de libertad.<\/p>\n<p><a href=\"http:\/\/www.canarias.com\/blog\/wp-content\/uploads\/2017\/02\/gente-carnaval-e1487672454102.jpg\"><img loading=\"lazy\" class=\"size-full wp-image-3902 aligncenter\" src=\"http:\/\/www.canarias.com\/blog\/wp-content\/uploads\/2017\/02\/gente-carnaval-e1487672454102.jpg\" alt=\"\" width=\"600\" height=\"401\" \/><\/a><\/p>\n<p>El Carnaval tinerfe\u00f1o, adem\u00e1s de ser uno de los m\u00e1s importantes del mundo, fue declarado en 1967 Fiesta de Inter\u00e9s Tur\u00edstico Nacional, y, en 1980 Fiesta de Inter\u00e9s Internacional, cabe destacar que es la \u00fanica fiesta canaria a la cual se le ha otorgado tal distinci\u00f3n.<\/p>\n<p>El memorable Carnaval del a\u00f1o 1987, dedicado a Los Piratas, convirti\u00f3 a la ciudad en la Capital Mundial del Carnaval, y\u00a0cont\u00f3 con la actuaci\u00f3n de la c\u00e9lebre cantante cubana Celia Cruz junto a la orquesta Billo\u2019s Caracas Boys, quedando registrada la masiva asistencia (250.000 personas), en el Libro Guinness de los r\u00e9cords, como la mayor congregaci\u00f3n de personas en una plaza al aire libre para asistir a un concierto, marca que se mantiene actualmente.<\/p>\n<p>Este gran Carnaval posee dos partes bien diferenciadas, el carnaval \u201coficial\u201d y el carnaval \u201cde la calle\u201d. El carnaval oficial cuenta con m\u00e1s de 100 grupos que ofrecen murgas, comparsas, grupos de disfraces, rondallas y agrupaciones musicales. El carnaval de la calle, es\u00a0la participaci\u00f3n masiva de \u00a0propios y visitantes en esta gran fiesta.<\/p>\n<p><div id=\"attachment_3903\" style=\"width: 810px\" class=\"wp-caption aligncenter\"><a href=\"http:\/\/www.canarias.com\/blog\/wp-content\/uploads\/2017\/02\/participantes-carnaval-e1487672521926.jpg\"><img aria-describedby=\"caption-attachment-3903\" loading=\"lazy\" class=\"size-full wp-image-3903\" src=\"http:\/\/www.canarias.com\/blog\/wp-content\/uploads\/2017\/02\/participantes-carnaval-e1487672521926.jpg\" alt=\"\" width=\"800\" height=\"402\" \/><\/a><p id=\"caption-attachment-3903\" class=\"wp-caption-text\">Carnaval de Santa Cruz de Tenerife. Foto: Tamara Kulikova (Trabajo propio) [CC BY-SA 4.0]<\/p><\/div>Esta semana de gran algarab\u00eda comienza con varios meses de antelaci\u00f3n, cuando los tinerfe\u00f1os preparan las carrozas que recorrer\u00e1n las calles de la capital, con inmensa \u00a0ilusi\u00f3n y una alegr\u00eda contagiosa, y sobre todo, mucha imaginaci\u00f3n. Entre ensayos de cantos y m\u00fasicas, tambi\u00e9n componen las parodias sobre la actualidad pol\u00edtica o sobre personajes famosos.<\/p>\n<p>Se da inicio oficial al Carnaval con la Cabalgata Anunciadora en horas nocturnas, en donde participan todas las agrupaciones carnavalescas, con muchas comparsas de marcado estilo brasile\u00f1o, murgas de adultos y ni\u00f1os, rondallas, coros y, naturalmente, miles y miles de personas ataviadas con sus disfraces. Se elige la Reina del Carnaval entre las j\u00f3venes tinerfe\u00f1as m\u00e1s bellas; tambi\u00e9n se elige a la Reina de los Mayores y la Reina Infantil de este popular carnaval.<\/p>\n<p><div id=\"attachment_3904\" style=\"width: 810px\" class=\"wp-caption aligncenter\"><a href=\"http:\/\/www.canarias.com\/blog\/wp-content\/uploads\/2017\/02\/desfile-sabado-carnaval-e1487672574249.jpg\"><img aria-describedby=\"caption-attachment-3904\" loading=\"lazy\" class=\"size-full wp-image-3904\" src=\"http:\/\/www.canarias.com\/blog\/wp-content\/uploads\/2017\/02\/desfile-sabado-carnaval-e1487672574249.jpg\" alt=\"\" width=\"800\" height=\"600\" \/><\/a><p id=\"caption-attachment-3904\" class=\"wp-caption-text\">Desfile s\u00e1bado de carnaval. Foto: CARLOS TEIXIDOR CADENAS (Trabajo propio) [CC BY-SA 4.0]<\/p><\/div>Transcurrida una semana de bailes, m\u00fasica, concursos, disfraces y gran algarab\u00eda, se da el cierre oficial del Carnaval el d\u00eda martes con el Gran Coso Apoteosis, una cabalgata a lo largo de la\u00a0Avenida de Anaga,\u00a0donde vuelven a desfilar los grupos del carnaval, carrozas y reinas, pero esta vez de d\u00eda, en un espect\u00e1culo celebrado especialmente para los turistas.<\/p>\n<p><div id=\"attachment_3905\" style=\"width: 810px\" class=\"wp-caption aligncenter\"><a href=\"http:\/\/www.canarias.com\/blog\/wp-content\/uploads\/2017\/02\/carnaval-e1487672645707.jpg\"><img aria-describedby=\"caption-attachment-3905\" loading=\"lazy\" class=\"size-full wp-image-3905\" src=\"http:\/\/www.canarias.com\/blog\/wp-content\/uploads\/2017\/02\/carnaval-e1487672645707.jpg\" alt=\"\" width=\"800\" height=\"966\" \/><\/a><p id=\"caption-attachment-3905\" class=\"wp-caption-text\">Carnaval Santa Cruz de Tenerife. Foto: Tamara Kulikova (Trabajo propio) [CC BY-SA 4.0]<\/p><\/div>Ven y disfruta de esta explosi\u00f3n de incre\u00edble colorido, en una semana colmada de la m\u00e1s contagiosa alegr\u00eda en la gran fiesta de Santa Cruz de Tenerife: \u00a1SU CARNAVAL!<\/p>\n","protected":false},"excerpt":{"rendered":"<p>El\u00a0Carnaval de\u00a0Santa Cruz de Tenerife, una explosi\u00f3n de alegr\u00eda, color, ritmo, sabor y diversi\u00f3n,\u00a0est\u00e1 considerado el carnaval\u00a0m\u00e1s popular y conocido internacionalmente, despu\u00e9s de los que se celebran en\u00a0la ciudad de R\u00edo de Janeiro en Brasil, ciudad que por este motivo est\u00e1 hermanada con Santa Cruz de Tenerife. Cada a\u00f1o, durante m\u00e1s de una semana, las [&hellip;]<\/p>\n","protected":false},"author":1,"featured_media":3930,"comment_status":"open","ping_status":"open","sticky":false,"template":"","format":"standard","meta":[],"categories":[431,342,40,69],"tags":[105,106,713,714,455,715],"_links":{"self":[{"href":"https:\/\/www.canarias.com\/blog\/wp-json\/wp\/v2\/posts\/3900"}],"collection":[{"href":"https:\/\/www.canarias.com\/blog\/wp-json\/wp\/v2\/posts"}],"about":[{"href":"https:\/\/www.canarias.com\/blog\/wp-json\/wp\/v2\/types\/post"}],"author":[{"embeddable":true,"href":"https:\/\/www.canarias.com\/blog\/wp-json\/wp\/v2\/users\/1"}],"replies":[{"embeddable":true,"href":"https:\/\/www.canarias.com\/blog\/wp-json\/wp\/v2\/comments?post=3900"}],"version-history":[{"count":3,"href":"https:\/\/www.canarias.com\/blog\/wp-json\/wp\/v2\/posts\/3900\/revisions"}],"predecessor-version":[{"id":3931,"href":"https:\/\/www.canarias.com\/blog\/wp-json\/wp\/v2\/posts\/3900\/revisions\/3931"}],"wp:featuredmedia":[{"embeddable":true,"href":"https:\/\/www.canarias.com\/blog\/wp-json\/wp\/v2\/media\/3930"}],"wp:attachment":[{"href":"https:\/\/www.canarias.com\/blog\/wp-json\/wp\/v2\/media?parent=3900"}],"wp:term":[{"taxonomy":"category","embeddable":true,"href":"https:\/\/www.canarias.com\/blog\/wp-json\/wp\/v2\/categories?post=3900"},{"taxonomy":"post_tag","embeddable":true,"href":"https:\/\/www.canarias.com\/blog\/wp-json\/wp\/v2\/tags?post=3900"}],"curies":[{"name":"wp","href":"https:\/\/api.w.org\/{rel}","templated":true}]}}