{"id":3912,"date":"2017-05-11T10:18:47","date_gmt":"2017-05-11T10:18:47","guid":{"rendered":"http:\/\/www.canarias.com\/blog\/?p=3912"},"modified":"2017-05-11T10:18:47","modified_gmt":"2017-05-11T10:18:47","slug":"tejeda-encanto-corazon-gran-canaria","status":"publish","type":"post","link":"https:\/\/www.canarias.com\/blog\/tejeda-encanto-corazon-gran-canaria\/","title":{"rendered":"Tejeda, un encanto en el coraz\u00f3n de Gran Canaria"},"content":{"rendered":"<p><strong>Tejeda,<\/strong> en el coraz\u00f3n de Gran Canaria, con una aut\u00e9ntica identidad en el sentir de su gente. Una tierra due\u00f1a de un paisaje que surge de la depresi\u00f3n que forma la <strong>Caldera<\/strong> <strong>de Tejeda,\u00a0<\/strong>en el que la belleza de la piedra es la protagonista, cual Tempestad Petrificada, tal como la bautiz\u00f3 el ilustre Miguel de Unamuno a principios del siglo XX. Aqu\u00ed se encuentra el s\u00edmbolo de Gran Canaria: <strong>el Roque Nublo<\/strong>, una imponente roca bas\u00e1ltica en forma de monolito de m\u00e1s de 70 metros de altura, y a su lado, hacia el noreste, como en armoniosa compa\u00f1\u00eda, se encuentra <strong>El Fraile<\/strong>, otra roca monol\u00edtica denominada\u00a0 as\u00ed por su gran parecido a un monje en oraci\u00f3n.<\/p>\n<p><div id=\"attachment_3913\" style=\"width: 810px\" class=\"wp-caption alignnone\"><a href=\"http:\/\/www.canarias.com\/blog\/wp-content\/uploads\/2017\/05\/caldera-tejeda-e1494497551262.jpg\"><img aria-describedby=\"caption-attachment-3913\" loading=\"lazy\" class=\"size-full wp-image-3913\" src=\"http:\/\/www.canarias.com\/blog\/wp-content\/uploads\/2017\/05\/caldera-tejeda-e1494497551262.jpg\" alt=\"\" width=\"800\" height=\"532\" \/><\/a><p id=\"caption-attachment-3913\" class=\"wp-caption-text\">Caldera de Tejeda. Fotoraf\u00eda: Tamara k (Trabajo propio) [CC BY-SA 3.0]<\/p><\/div>El pueblo de Tejeda es due\u00f1o de un hermoso casco hist\u00f3rico con cuidados rincones entre los que se encuentran el\u00a0callej\u00f3n de N\u00e9stor \u00c1lamo y los\u00a0balcones de la calle Ezequiel S\u00e1nchez. No podemos dejar de mencionar las preciosas veredas que bajan hacia\u00a0La Degollada\u00a0y suben hacia\u00a0El Majuelo, en la que se palpa el modo de vida canario de las cumbres.<\/p>\n<p><div id=\"attachment_3914\" style=\"width: 760px\" class=\"wp-caption alignnone\"><a href=\"http:\/\/www.canarias.com\/blog\/wp-content\/uploads\/2017\/05\/casa-tejeda-e1494497602332.jpg\"><img aria-describedby=\"caption-attachment-3914\" loading=\"lazy\" class=\"size-full wp-image-3914\" src=\"http:\/\/www.canarias.com\/blog\/wp-content\/uploads\/2017\/05\/casa-tejeda-e1494497602332.jpg\" alt=\"\" width=\"750\" height=\"1012\" \/><\/a><p id=\"caption-attachment-3914\" class=\"wp-caption-text\">Casa con balc\u00f3n en Tejeda. Fotograf\u00eda H. Zell (Trabajo propio) [CC BY-SA 3.0]<\/p><\/div>Aqu\u00ed en Tejeda encuentras, en una de sus casonas m\u00e1s emblem\u00e1ticas, el\u00a0<strong>Museo<\/strong> <strong>de las Tradiciones<\/strong>,\u00a0 exhibiendo las costumbres que se han mantenido en el tiempo en sembrad\u00edos, bancales, vi\u00f1edos, molinos y despensas. Tambi\u00e9n, el <strong>Centro de Plantas Medicinales,<\/strong>\u00a0un ejemplo del saber ancestral del pueblo grancanario, del uso curativo, religioso y cosm\u00e9tico de la abundante flora local.<\/p>\n<p>Tejeda es tambi\u00e9n prol\u00edfico en artistas. Su calle principal es un museo al aire libre\u00a0con esculturas hechas in situ por artistas nacionales e internacionales. Siendo su artista m\u00e1s conocido, su hijo ilustre, <strong>Abraham C\u00e1rdenas<\/strong>, quien es adem\u00e1s, uno de los m\u00e1ximos exponentes del indigenismo del siglo XX en las Islas Canarias. El\u00a0Museo que lleva su nombre alberga una extensa colecci\u00f3n de sus esculturas. Destaca tambi\u00e9n en Tejeda en arte, el\u00a0cuadro an\u00f3nimo sobre el infierno\u00a0que se exhibe en una de las paredes de la\u00a0Iglesia del Socorro.<\/p>\n<p><div id=\"attachment_3916\" style=\"width: 810px\" class=\"wp-caption alignnone\"><a href=\"http:\/\/www.canarias.com\/blog\/wp-content\/uploads\/2017\/05\/Iglesia_Nuestra_Sra_del_Socorro_-_Tejeda-e1494497704121.jpg\"><img aria-describedby=\"caption-attachment-3916\" loading=\"lazy\" class=\"size-full wp-image-3916\" src=\"http:\/\/www.canarias.com\/blog\/wp-content\/uploads\/2017\/05\/Iglesia_Nuestra_Sra_del_Socorro_-_Tejeda-e1494497704121.jpg\" alt=\"\" width=\"800\" height=\"551\" \/><\/a><p id=\"caption-attachment-3916\" class=\"wp-caption-text\">Iglesia Nuestra Se\u00f1ora del Socorro &#8211; Tejeda. Fotofraf\u00eda: H. Zell (Trabajo propio) [CC BY-SA 3.0]<\/p><\/div>Tejeda cuenta tambi\u00e9n con un rico patrimonio arqueol\u00f3gico, destacando el <strong>Roque de Bentayga<\/strong>, un\u00a0templo al aire libre, donde los antiguos pobladores se dedicaban a la observaci\u00f3n de los astros y desde donde\u00a0pod\u00edan determinar con exactitud los equinoccios de Primavera y Oto\u00f1o. Desde este lugar podr\u00e1s admirar\u00a0las impresionantes vistas sobre la Caldera de Tejeda y el vecino Roque Nublo.<\/p>\n<p><div id=\"attachment_3917\" style=\"width: 810px\" class=\"wp-caption alignnone\"><a href=\"http:\/\/www.canarias.com\/blog\/wp-content\/uploads\/2017\/05\/roque-bentayga-e1494497771650.jpg\"><img aria-describedby=\"caption-attachment-3917\" loading=\"lazy\" class=\"size-full wp-image-3917\" src=\"http:\/\/www.canarias.com\/blog\/wp-content\/uploads\/2017\/05\/roque-bentayga-e1494497771650.jpg\" alt=\"\" width=\"800\" height=\"531\" \/><\/a><p id=\"caption-attachment-3917\" class=\"wp-caption-text\">Roque de Bentayga. Fotograf\u00eda: Bgabel de wikivoyage shared[ CC BY-SA 3.0]<\/p><\/div>Tambi\u00e9n encuentras <strong>Las\u00a0Cuevas del Rey<\/strong>\u00a0uno de los conjuntos arqueol\u00f3gicos m\u00e1s impresionantes de la isla, donde destaca la llamada <strong>Cueva del Guayre<\/strong>, que presenta restos de pintura muy bien conservados.<\/p>\n<p>Uno de los lugares que no te puedes perder es\u00a0el <strong>Parador <\/strong><strong>La<\/strong>\u00a0<strong>Cruz de Tejeda,<\/strong>\u00a0en el disfrutar\u00e1s una de las m\u00e1s relajantes y hermosas vistas de la isla de Gran Canaria. Una gran cruz de piedra te da la bienvenida en la entrada del Parador Nacional, donde, a pocos metros de ella, \u00a0encuentras numerosos puestos de venta de productos t\u00edpicos de la zona que ser\u00e1n una delicia para tu paladar. Adem\u00e1s, la artesan\u00eda local ofrece, principalmente, elementos tradicionales de<strong>\u00a0<\/strong>lat\u00f3n,\u00a0piedra,\u00a0cestas\u00a0y\u00a0esteras\u00a0realizadas en mimbre, adem\u00e1s, vasijas de barro, elementos\u00a0textiles de cuero\u00a0o los t\u00edpicos calados canarios, entre los que\u00a0siempre encontrar\u00e1s algo hermoso para llevarte como recuerdo de tu visita.<\/p>\n<p><strong>Fiestas<\/strong><\/p>\n<p>Entre las principales celebraciones de Tejeda se encuentran <strong>la Fiesta del Almendro en Flor<\/strong> el primer domingo de <strong>febrero<\/strong>, mes del a\u00f1o en el que tiene su floraci\u00f3n este \u00e1rbol frutal.<\/p>\n<p>En <strong>marzo<\/strong>, la celebraci\u00f3n del carnaval, una de sus fiestas m\u00e1s populares.<\/p>\n<p>Todos los domingos del mes de <strong>mayo<\/strong> se celebran con gran devoci\u00f3n las fiestas en honor a la Virgen del Socorro, Patrona del pueblo, donde cada barrio del pueblo se dirige a la Iglesia que lleva su nombre para cubrir el templo de flores que se colocan todos los viernes del mes, para que pueda ser vista la alfombra de flores desde los pies de la Virgen hasta su altar.<\/p>\n<p>La festividad de la Virgen del Socorro, el domingo siguiente al 8 de <strong>septiembre<\/strong> de cada a\u00f1o, es una fiesta de larga tradici\u00f3n religiosa, colmada de un especial y colorido encanto. Una fecha en las que muchos de los que ya no viven aqu\u00ed regresan para reencontrarse con familiares y amigos.<\/p>\n<p><strong>Tejeda, un encanto de pueblo en el coraz\u00f3n de Gran Canaria.<\/strong><\/p>\n","protected":false},"excerpt":{"rendered":"<p>Tejeda, en el coraz\u00f3n de Gran Canaria, con una aut\u00e9ntica identidad en el sentir de su gente. Una tierra due\u00f1a de un paisaje que surge de la depresi\u00f3n que forma la Caldera de Tejeda,\u00a0en el que la belleza de la piedra es la protagonista, cual Tempestad Petrificada, tal como la bautiz\u00f3 el ilustre Miguel de [&hellip;]<\/p>\n","protected":false},"author":1,"featured_media":3918,"comment_status":"open","ping_status":"open","sticky":false,"template":"","format":"standard","meta":[],"categories":[497,342],"tags":[716,515,678,668],"_links":{"self":[{"href":"https:\/\/www.canarias.com\/blog\/wp-json\/wp\/v2\/posts\/3912"}],"collection":[{"href":"https:\/\/www.canarias.com\/blog\/wp-json\/wp\/v2\/posts"}],"about":[{"href":"https:\/\/www.canarias.com\/blog\/wp-json\/wp\/v2\/types\/post"}],"author":[{"embeddable":true,"href":"https:\/\/www.canarias.com\/blog\/wp-json\/wp\/v2\/users\/1"}],"replies":[{"embeddable":true,"href":"https:\/\/www.canarias.com\/blog\/wp-json\/wp\/v2\/comments?post=3912"}],"version-history":[{"count":1,"href":"https:\/\/www.canarias.com\/blog\/wp-json\/wp\/v2\/posts\/3912\/revisions"}],"predecessor-version":[{"id":3919,"href":"https:\/\/www.canarias.com\/blog\/wp-json\/wp\/v2\/posts\/3912\/revisions\/3919"}],"wp:featuredmedia":[{"embeddable":true,"href":"https:\/\/www.canarias.com\/blog\/wp-json\/wp\/v2\/media\/3918"}],"wp:attachment":[{"href":"https:\/\/www.canarias.com\/blog\/wp-json\/wp\/v2\/media?parent=3912"}],"wp:term":[{"taxonomy":"category","embeddable":true,"href":"https:\/\/www.canarias.com\/blog\/wp-json\/wp\/v2\/categories?post=3912"},{"taxonomy":"post_tag","embeddable":true,"href":"https:\/\/www.canarias.com\/blog\/wp-json\/wp\/v2\/tags?post=3912"}],"curies":[{"name":"wp","href":"https:\/\/api.w.org\/{rel}","templated":true}]}}