{"id":4139,"date":"2017-08-23T09:18:33","date_gmt":"2017-08-23T09:18:33","guid":{"rendered":"http:\/\/www.canarias.com\/blog\/?p=4139"},"modified":"2017-08-23T09:18:33","modified_gmt":"2017-08-23T09:18:33","slug":"moya-hermoso-natural-tierra-doramas","status":"publish","type":"post","link":"https:\/\/www.canarias.com\/blog\/moya-hermoso-natural-tierra-doramas\/","title":{"rendered":"Moya, hermoso y natural. Tierra de Doramas&#8230;"},"content":{"rendered":"<p><strong>Moya<\/strong> es un hermoso municipio de <a href=\"https:\/\/www.canarias.com\/hoteles\/espana\/gran-canaria\">Gran Canaria<\/a>, enclavado en lo que hasta la conquista se conoc\u00eda como la <strong>\u00abSelva de Doramas\u00bb<\/strong>, un exuberante bosque, colmado de historia relacionada al nombre del aborigen canario del siglo XV, quien fue uno de los principales l\u00edderes de la resistencia\u00a0ind\u00edgena\u00a0de Gran Canaria\u00a0frente a la llamada\u00a0\u201cconquista realenga\u201d de las Islas\u00a0para la\u00a0Corona de Castilla. Addur Amas, que producto de la castellanizaci\u00f3n deriv\u00f3 en <strong>Doramas,<\/strong> fue un caudillo valeroso y rebelde de la m\u00e1s humilde\u00a0casta <strong>canarii<\/strong>\u00a0o canario (abor\u00edgen de Gran Canaria), que luego, por sus logros, bravura y gallard\u00eda fue declarado <em>noble, y\u00a0<\/em>\u00a0origin\u00f3 innumerables leyendas. Al morir, en recio combate frente a los castellanos, ocasion\u00f3 un importante descalabro en la moral de la resistencia de la Isla, por lo que, seg\u00fan relata el historiador Jos\u00e9 de Viera y Clavijo, fue llamado, <strong>\u201cel \u00faltimo de los canarios\u201d<\/strong>.<\/p>\n<p><img loading=\"lazy\" class=\"size-full wp-image-4140 aligncenter\" src=\"http:\/\/www.canarias.com\/blog\/wp-content\/uploads\/Guanche-e1503050723788.jpg\" alt=\"\" width=\"449\" height=\"359\" \/><\/p>\n<p>Moya extiende su territorio la cumbre hasta la costa, custodiado por los espectaculares <strong>Barrancos de Moya y de Azuaje<\/strong>. En la parte m\u00e1s alta destaca <strong>el<\/strong> <strong>Monta\u00f1\u00f3n Negro y la Caldera de los Pinos<\/strong> que se caracterizan por su singular belleza.<\/p>\n<div id=\"attachment_4141\" style=\"width: 610px\" class=\"wp-caption aligncenter\"><img aria-describedby=\"caption-attachment-4141\" loading=\"lazy\" class=\"size-full wp-image-4141\" src=\"http:\/\/www.canarias.com\/blog\/wp-content\/uploads\/moya-gran-canaria-e1503050776314.jpg\" alt=\"moya-gran-canaria\" width=\"600\" height=\"400\" \/><p id=\"caption-attachment-4141\" class=\"wp-caption-text\">Moya, Gran Canaria.<\/p><\/div>\n<p>Este hermoso municipio \u00a0te ofrece una de las mejores oportunidades para apreciar las construcciones rurales como casas tradicionales, ya sean de tejas \u00e1rabes o francesas a dos aguas, bancales, cadenas de cultivos, alpendes, eras o estructuras hidr\u00e1ulicas como acequias, canales, acueductos, cantoneras o molinos.<\/p>\n<div id=\"attachment_4142\" style=\"width: 610px\" class=\"wp-caption aligncenter\"><img aria-describedby=\"caption-attachment-4142\" loading=\"lazy\" class=\"size-full wp-image-4142\" src=\"http:\/\/www.canarias.com\/blog\/wp-content\/uploads\/casa-tradicional-canaria-e1503050843833.jpg\" alt=\"casa-tradicional-canaria\" width=\"600\" height=\"450\" \/><p id=\"caption-attachment-4142\" class=\"wp-caption-text\">Casa tradicional canaria, Moya, Gran Canaria.<\/p><\/div>\n<p>Entre las hermosas localidades rurales que tendr\u00e1s el placer de visitar encuentras Moya (casco), Fontanales, el Barranco del Laurel, el Barranco del Pinar, Cabo Verde, Carreter\u00eda, el V\u00ednculo de Sol\u00eds, Doramas, El Front\u00f3n, El Lance, El Moreto, El Tablero, Hoyas del Cavadero, La Costa, La Jurada, Lomo Blanco, Lomo del Pe\u00f1\u00f3n, Los Dragos, Los Tiles, El Palmito, El Palo, San Fernando y Trujillo.<\/p>\n<div id=\"attachment_4143\" style=\"width: 610px\" class=\"wp-caption aligncenter\"><img aria-describedby=\"caption-attachment-4143\" loading=\"lazy\" class=\"size-full wp-image-4143\" src=\"http:\/\/www.canarias.com\/blog\/wp-content\/uploads\/fontanales-moya-e1503050904197.jpg\" alt=\"fontanales-moya\" width=\"600\" height=\"450\" \/><p id=\"caption-attachment-4143\" class=\"wp-caption-text\">Fontanales &#8211; Moya.<\/p><\/div>\n<p><strong>La villa de Moya<\/strong> est\u00e1 asentada junto al profundo barranco de su nombre. Entre sus principales monumentos arquitect\u00f3nicos encuentras la Iglesia de Nuestra Se\u00f1ora de la Candelaria, que parece colgar sobre los riscos que se precipitan sobre el Barranco de Moya.\u00a0Construida en los terrenos de la antigua iglesia e inaugurada en 1957, presenta una muestra contempor\u00e1nea, mezcla de estilo medieval con elementos regionalistas. Est\u00e1 dividida en tres naves, con dos torres adosadas y un amplio roset\u00f3n en la fachada principal. Destaca en su interior la talla de la Virgen de la Candelaria, del siglo XVI.<\/p>\n<div id=\"attachment_4144\" style=\"width: 610px\" class=\"wp-caption aligncenter\"><img aria-describedby=\"caption-attachment-4144\" loading=\"lazy\" class=\"size-full wp-image-4144\" src=\"http:\/\/www.canarias.com\/blog\/wp-content\/uploads\/Iglesia_de_Moya-e1503050950164.jpg\" alt=\"Iglesia_de_Moya\" width=\"600\" height=\"450\" \/><p id=\"caption-attachment-4144\" class=\"wp-caption-text\">Iglesia de Nuestra Se\u00f1ora de La Candelaria, Moya.<\/p><\/div>\n<p>Frente a la iglesia encuentras <strong>el Museo<\/strong> dedicado al poeta <strong>Tom\u00e1s Morales<\/strong>, m\u00e1ximo exponente del Modernismo Espa\u00f1ol. El Museo, ubicado en la\u00a0casa natal del poeta que nace en esta villa en 1884, fue inaugurado en 1976, albergando la escultura del poeta, reproducida por el escultor Victorio Macho y el pintor Cirilo Su\u00e1rez.<\/p>\n<div id=\"attachment_4145\" style=\"width: 610px\" class=\"wp-caption aligncenter\"><img aria-describedby=\"caption-attachment-4145\" loading=\"lazy\" class=\"size-full wp-image-4145\" src=\"http:\/\/www.canarias.com\/blog\/wp-content\/uploads\/museo-tomas-morales-e1503051002626.jpg\" alt=\"museo-tomas-morales\" width=\"600\" height=\"400\" \/><p id=\"caption-attachment-4145\" class=\"wp-caption-text\">Exterior Casa_museo Tom\u00e1s Morales, Moya.<\/p><\/div>\n<p>En este Museo se conserva y expone una amplia colecci\u00f3n patrimonial que agrupa el fondo documental del poeta, la biblioteca y una rica colecci\u00f3n pict\u00f3rica ligada a su figura. Asimismo, se ha constituido como Casa de la Poes\u00eda Insular Canaria.<\/p>\n<div id=\"attachment_4146\" style=\"width: 610px\" class=\"wp-caption aligncenter\"><img aria-describedby=\"caption-attachment-4146\" loading=\"lazy\" class=\"size-full wp-image-4146\" src=\"http:\/\/www.canarias.com\/blog\/wp-content\/uploads\/interior-museo-tomas-morales-e1503051051524.jpg\" alt=\"interior-museo-tomas-morales\" width=\"600\" height=\"400\" \/><p id=\"caption-attachment-4146\" class=\"wp-caption-text\">Interior Casa-Museo Tom\u00e1s Morales.<\/p><\/div>\n<p>Tambi\u00e9n encuentras el edificio de la\u00a0<strong>Heredad de Aguas, <\/strong>una obra de singular belleza, realizada en piedra bas\u00e1ltica.<\/p>\n<div id=\"attachment_4147\" style=\"width: 610px\" class=\"wp-caption aligncenter\"><img aria-describedby=\"caption-attachment-4147\" loading=\"lazy\" class=\"size-full wp-image-4147\" src=\"http:\/\/www.canarias.com\/blog\/wp-content\/uploads\/Heredad_de_Aguas_de_Moya-e1503051094870.jpg\" alt=\"Edificio Heredad de Aguas de Moya.\" width=\"600\" height=\"960\" \/><p id=\"caption-attachment-4147\" class=\"wp-caption-text\">Edificio Heredad de Aguas de Moya.<\/p><\/div>\n<p><strong>Despu\u00e9s de la Villa<\/strong>, una de las localidades m\u00e1s importantes es <strong>Fontanales<\/strong>, denominaci\u00f3n que responde a la definici\u00f3n dada al lugar donde abundan los manantiales o zona muy h\u00fameda con varios fontanales, circunstancias que concurren, dada la gran cantidad de pozos y galer\u00edas existentes en el barrio, unos activos y otros ya abandonados, los cuales dieron origen al top\u00f3nimo, encontr\u00e1ndose aqu\u00ed todos los sistemas de captaci\u00f3n de aguas. La\u00a0<strong>Ermita de\u00a0Fontanales,\u00a0<\/strong>se alza como una de las obras m\u00e1s interesantes de la\u00a0arquitectura religiosa popular. Levantada en 1872, est\u00e1 rodeada de varias construcciones de la \u00e9poca; cercana a ella, en la iglesia nueva, se puede contemplar la imagen del santo, realizada por Luj\u00e1n P\u00e9rez.<\/p>\n<div id=\"attachment_4148\" style=\"width: 610px\" class=\"wp-caption aligncenter\"><img aria-describedby=\"caption-attachment-4148\" loading=\"lazy\" class=\"size-full wp-image-4148\" src=\"http:\/\/www.canarias.com\/blog\/wp-content\/uploads\/fontanales-e1503051132184.jpg\" alt=\"Iglesia de Fontanales.\" width=\"600\" height=\"450\" \/><p id=\"caption-attachment-4148\" class=\"wp-caption-text\">Iglesia de Fontanales.<\/p><\/div>\n<p>El entorno natural de Moya te ofrece espacios de espectacular belleza ya que casi el 65% de la extensi\u00f3n del municipio es Espacio Natural Protegido<strong>, <\/strong>contando en su superficie con \u00e1reas que se enclavan hasta en seis espacios diferentes:<strong> la <\/strong><strong>Reserva Natural Integral de Barranco Oscuro<\/strong><strong> (c<\/strong>on m\u00e1s de un 70% de su superficie en el municipio de Moya)<strong>; la <\/strong><strong>Reserva Natural Especial de los Tilos de Moya<\/strong><strong> (c<\/strong>on m\u00e1s de un 70% de su superficie en el municipio)<strong>; el <\/strong><strong>Monumento Natural del Monta\u00f1\u00f3n Negro<\/strong><strong> (<\/strong>con aproximadamente 167 hect\u00e1reas en el municipio de Moya del total de 193,6 hect\u00e1reas); <strong>el <\/strong><strong>Parque Rural de Doramas<\/strong><strong>, <\/strong>(con aproximadamente un 425 de superficie en el territorio del municipio),<strong>\u00a0<\/strong>en su interior se localizan algunos de los caser\u00edos y barrios m\u00e1s bonitos de Moya;<strong> la <\/strong><strong>Reserva Natural Especial de Azuaje<\/strong><strong> y el <\/strong><strong>Paisaje Protegido de las Cumbres<\/strong><strong>. <\/strong>Destaca en este entorno natural la <strong>Reserva Natural Especial de Los Tiles<\/strong><strong>, l<\/strong>a mayor reserva de laurisilva de la isla, la cual cual toma el nombre por la abundante presencia de Til (Ocotea Foetens) en esta zona. Cuenta con una extensi\u00f3n de algo m\u00e1s de 90 hect\u00e1reas, de las cuales 90 hect\u00e1reas pertenecen a Moya. De obligada visita para los innumerables bot\u00e1nicos que visitan la isla de Gran Canaria, por su espectacular y variada flora y fauna, y por sus innumerables endemismos de alto inter\u00e9s cient\u00edfico.<\/p>\n<div id=\"attachment_4149\" style=\"width: 610px\" class=\"wp-caption aligncenter\"><img aria-describedby=\"caption-attachment-4149\" loading=\"lazy\" class=\"size-full wp-image-4149\" src=\"http:\/\/www.canarias.com\/blog\/wp-content\/uploads\/los-tilos-de-moya-e1503051174186.jpg\" alt=\"Camino en Los Tilos de Moya.\" width=\"600\" height=\"400\" \/><p id=\"caption-attachment-4149\" class=\"wp-caption-text\">Camino en Los Tilos de Moya.<\/p><\/div>\n<p>Y si lo deseas, tambi\u00e9n puedes disfrutar de un refrescante chapuz\u00f3n en la Costa de Moya, en la que dispones de<strong> la <\/strong><strong>playa de La Caleta en el Altillo<\/strong><strong>, <\/strong>muy concurrida por los amantes del surf de toda la isla por las excelentes condiciones que posee. En ella se celebra cada a\u00f1o, a principios de noviembre, un Festival Internacional de Longboard. Tambi\u00e9n encuentras en la costa de Moya,\u00a0las piscinas naturales de aguas transparentes del Charco de San Lorenzo.<\/p>\n<div id=\"attachment_4150\" style=\"width: 610px\" class=\"wp-caption aligncenter\"><img aria-describedby=\"caption-attachment-4150\" loading=\"lazy\" class=\"size-full wp-image-4150\" src=\"http:\/\/www.canarias.com\/blog\/wp-content\/uploads\/Costa_de_Moya-e1503051218166.jpg\" alt=\"Costa de Moya.\" width=\"600\" height=\"800\" \/><p id=\"caption-attachment-4150\" class=\"wp-caption-text\">Costa de Moya.<\/p><\/div>\n<p>La Villa de Moya tambi\u00e9n dispone para ti una<strong> amplia <\/strong><strong>oferta artesanal<\/strong> importante, entre la que destacan la cester\u00eda de ca\u00f1a y p\u00edrgano, la confecci\u00f3n de trajes tradicionales, calados, instrumentos musicales de cuerda tradicionales en Canarias como es el timple, y numerosos trabajos realizados en madera, piel o hierro. Cabe resaltar nuevos productos artesanos como es el caso de jabones y perfumes elaborados con productos naturales de la zona. Pero<strong> lo que identifica realmente al municipio de Moya en este ramo es la <\/strong><strong>reposter\u00eda<\/strong><strong>. <\/strong>Aqu\u00ed se encuentran las industrias artesanas de suspiros y bizcochos lustrados, t\u00edpicos del lugar, y otras dedicadas a la elaboraci\u00f3n de roscos de lim\u00f3n, bollos de an\u00eds y truchas, unos dulces tambi\u00e9n muy populares en el archipi\u00e9lago. Cada domingo, el Mercadillo abre sus puertas para ofrecer lo mejor de los productos locales.<\/p>\n<p>Y despu\u00e9s de un divertido recorrido por este pintoresco municipio puedes disfrutar de la oferta gastron\u00f3mica que Moya tiene para ti, la cual te garantiza una variedad de platos, para que deleites tu paladar.<\/p>\n<p>Y por si tu visita coincide con alguna de las<strong>\u00a0fiestas\u00a0<\/strong><strong>del municipio<\/strong><strong>, <\/strong>no pod\u00edamos dejar de mencionarte sus celebraciones m\u00e1s importantes<strong>, <\/strong>entre las que destaca la<strong> fiesta de la Virgen de la Candelaria<\/strong><strong>, <\/strong>patrona del municipio, la cual se celebra el d\u00eda 2 de febrero. Tambi\u00e9n destaca <strong>la Romer\u00eda en honor a San Antonio<\/strong><strong>, <\/strong>que se celebra cada a\u00f1o en el s\u00e1bado m\u00e1s cercano al 13 de junio. Adem\u00e1s, <strong>las fiestas en honor a San Judas Tadeo<\/strong><strong>, <\/strong>patr\u00f3n de la villa, que se celebran el 28 de octubre. <strong>En Fontanales<\/strong><strong>, <\/strong>el 24 de agosto, se celebran <strong>las Fiestas en Honor a San Bartolom\u00e9 Ap\u00f3stol<\/strong><strong>, <\/strong>santo que es invocado como protector de los campos y abogado contra las plagas de cigarras.<\/p>\n","protected":false},"excerpt":{"rendered":"<p>Moya es un hermoso municipio de Gran Canaria, enclavado en lo que hasta la conquista se conoc\u00eda como la \u00abSelva de Doramas\u00bb, un exuberante bosque, colmado de historia relacionada al nombre del aborigen canario del siglo XV, quien fue uno de los principales l\u00edderes de la resistencia\u00a0ind\u00edgena\u00a0de Gran Canaria\u00a0frente a la llamada\u00a0\u201cconquista realenga\u201d de las [&hellip;]<\/p>\n","protected":false},"author":1,"featured_media":4151,"comment_status":"open","ping_status":"open","sticky":false,"template":"","format":"standard","meta":[],"categories":[497,342],"tags":[765,764,762,766,668,763,761],"_links":{"self":[{"href":"https:\/\/www.canarias.com\/blog\/wp-json\/wp\/v2\/posts\/4139"}],"collection":[{"href":"https:\/\/www.canarias.com\/blog\/wp-json\/wp\/v2\/posts"}],"about":[{"href":"https:\/\/www.canarias.com\/blog\/wp-json\/wp\/v2\/types\/post"}],"author":[{"embeddable":true,"href":"https:\/\/www.canarias.com\/blog\/wp-json\/wp\/v2\/users\/1"}],"replies":[{"embeddable":true,"href":"https:\/\/www.canarias.com\/blog\/wp-json\/wp\/v2\/comments?post=4139"}],"version-history":[{"count":2,"href":"https:\/\/www.canarias.com\/blog\/wp-json\/wp\/v2\/posts\/4139\/revisions"}],"predecessor-version":[{"id":4166,"href":"https:\/\/www.canarias.com\/blog\/wp-json\/wp\/v2\/posts\/4139\/revisions\/4166"}],"wp:featuredmedia":[{"embeddable":true,"href":"https:\/\/www.canarias.com\/blog\/wp-json\/wp\/v2\/media\/4151"}],"wp:attachment":[{"href":"https:\/\/www.canarias.com\/blog\/wp-json\/wp\/v2\/media?parent=4139"}],"wp:term":[{"taxonomy":"category","embeddable":true,"href":"https:\/\/www.canarias.com\/blog\/wp-json\/wp\/v2\/categories?post=4139"},{"taxonomy":"post_tag","embeddable":true,"href":"https:\/\/www.canarias.com\/blog\/wp-json\/wp\/v2\/tags?post=4139"}],"curies":[{"name":"wp","href":"https:\/\/api.w.org\/{rel}","templated":true}]}}