{"id":762,"date":"2014-10-29T13:05:32","date_gmt":"2014-10-29T13:05:32","guid":{"rendered":"http:\/\/www.canarias.com\/blog\/?p=762"},"modified":"2015-11-08T11:23:04","modified_gmt":"2015-11-08T11:23:04","slug":"guia-practica-de-budapest","status":"publish","type":"post","link":"https:\/\/www.canarias.com\/blog\/guia-practica-de-budapest\/","title":{"rendered":"Gu\u00eda Pr\u00e1ctica de Budapest"},"content":{"rendered":"<h2>Gu\u00eda pr\u00e1ctica de BUDAPEST<\/h2>\n<div id=\"attachment_773\" style=\"width: 660px\" class=\"wp-caption aligncenter\"><a href=\"http:\/\/www.canarias.com\/blog\/wp-content\/uploads\/2014\/10\/budapest-342499_1280.jpg\"><img aria-describedby=\"caption-attachment-773\" loading=\"lazy\" class=\"size-large wp-image-773\" alt=\"Puente de las Cadenas\" src=\"http:\/\/www.canarias.com\/blog\/wp-content\/uploads\/2014\/10\/budapest-342499_1280-1024x576.jpg\" width=\"650\" height=\"365\" srcset=\"https:\/\/www.canarias.com\/blog\/wp-content\/uploads\/2014\/10\/budapest-342499_1280-1024x576.jpg 1024w, https:\/\/www.canarias.com\/blog\/wp-content\/uploads\/2014\/10\/budapest-342499_1280-300x168.jpg 300w, https:\/\/www.canarias.com\/blog\/wp-content\/uploads\/2014\/10\/budapest-342499_1280-97x55.jpg 97w, https:\/\/www.canarias.com\/blog\/wp-content\/uploads\/2014\/10\/budapest-342499_1280-980x550.jpg 980w, https:\/\/www.canarias.com\/blog\/wp-content\/uploads\/2014\/10\/budapest-342499_1280.jpg 1280w\" sizes=\"(max-width: 650px) 100vw, 650px\" \/><\/a><p id=\"caption-attachment-773\" class=\"wp-caption-text\">Puente de las Cadenas<\/p><\/div>\n<p>Si tuvi\u00e9semos que elegir algo que definiera a Budapest, ser\u00eda su r\u00edo. El Danubio separa las dos ciudades que dan nombre a la ciudad, Buda y Pest, unificadas en 1873 como capital del Hungr\u00eda. Dos ciudades tan dispares como llenas de belleza e historia, unidas por ocho puentes, entre los que destaca el Puente de las Cadenas, junto con el Parlamento, iconos de Budapest. Su riqueza monumental, su papel en la historia, su oferta cultural y una de las mejores gastronom\u00edas de Europa, convierten a Budapest en una ciudad en la que perderse es un placer.<\/p>\n<h2>\u00bfQu\u00e9 no te puedes perder en Budapest?<\/h2>\n<p>El conjunto monumental de Buda formado por el Castillo de Buda (Palacio Real), el Basti\u00f3n de los Pescadores y la Iglesia de Mat\u00edas.<\/p>\n<div id=\"attachment_768\" style=\"width: 586px\" class=\"wp-caption aligncenter\"><a href=\"http:\/\/www.canarias.com\/blog\/wp-content\/uploads\/2014\/10\/Castillo-de-Buda-Museos.jpg\"><img aria-describedby=\"caption-attachment-768\" loading=\"lazy\" class=\" wp-image-768 \" alt=\"Castillo de Buda - Museos - Foto: Vanessa Hern\u00e1ndez\" src=\"http:\/\/www.canarias.com\/blog\/wp-content\/uploads\/2014\/10\/Castillo-de-Buda-Museos.jpg\" width=\"576\" height=\"384\" srcset=\"https:\/\/www.canarias.com\/blog\/wp-content\/uploads\/2014\/10\/Castillo-de-Buda-Museos.jpg 960w, https:\/\/www.canarias.com\/blog\/wp-content\/uploads\/2014\/10\/Castillo-de-Buda-Museos-300x200.jpg 300w, https:\/\/www.canarias.com\/blog\/wp-content\/uploads\/2014\/10\/Castillo-de-Buda-Museos-82x55.jpg 82w, https:\/\/www.canarias.com\/blog\/wp-content\/uploads\/2014\/10\/Castillo-de-Buda-Museos-75x50.jpg 75w\" sizes=\"(max-width: 576px) 100vw, 576px\" \/><\/a><p id=\"caption-attachment-768\" class=\"wp-caption-text\">Castillo de Buda &#8211; Museos &#8211; Foto: Vanessa Hern\u00e1ndez<\/p><\/div>\n<p style=\"padding-left: 30px;\"><strong>Castillo de Buda \u2013 (Palacio Real)<\/strong> es uno de los s\u00edmbolos del pa\u00eds, desde el siglo XIII ha sido testigo de numerosos acontecimientos hist\u00f3ricos. Es el edificio m\u00e1s famoso y visitado de Hungr\u00eda. Alberga a tres museos \u2013 el Museo de Historia de Budapest, la Galer\u00eda Nacional de Hungr\u00eda y la Biblioteca Nacional. En el exterior del conjunto de edificios pueden verse monumentos como el gigantesco Turul, la estatua ecuestre de Eugenio de Saboya, la Puerta de los Leones y la Fuente del rey Mat\u00edas.<\/p>\n<p style=\"padding-left: 30px;\"><strong>Basti\u00f3n de los Pescadores<\/strong> &#8211; se encuentra detr\u00e1s de la iglesia de San Mat\u00edas. Es un mirador excepcional que ofrece vistas panor\u00e1micas sobre el Danubio.<\/p>\n<p style=\"padding-left: 30px;\"><strong>Iglesia de Mat\u00edas<\/strong> &#8211; construida en honor al Rey Mat\u00edas Corvino, es el edificio m\u00e1s importante religioso de la ciudad. Ha dado lugar a la coronaci\u00f3n de Carlos Roberto de Anjou y las bodas del rey Mat\u00edas.<br \/>\nHorario: L-V 9-17, Sa 9-12, Do 13-17<br \/>\nPrecio: 1200 Ft (4\u20ac)<\/p>\n<p><strong>C\u00f3mo llegar al conjunto monumental de Buda:<\/strong> L\u00ednea de Autobuses 16, 16A y 116 parada \u00abSzentharomsag ter\u00bb o puede subir con el Funicular (Budavari Siklo, horario: 7:30 &#8211; 22:00, billete 1.100 Ft ida, 1.700 Ft ida-vuelta 5\u20ac)<\/p>\n<div id=\"attachment_770\" style=\"width: 650px\" class=\"wp-caption aligncenter\"><a href=\"http:\/\/www.canarias.com\/blog\/wp-content\/uploads\/2014\/10\/budapest-78444_640.jpg\"><img aria-describedby=\"caption-attachment-770\" loading=\"lazy\" class=\"size-full wp-image-770\" title=\"Plaza de los H\u00e9roes\" alt=\"Plaza de los H\u00e9roes\" src=\"http:\/\/www.canarias.com\/blog\/wp-content\/uploads\/2014\/10\/budapest-78444_640.jpg\" width=\"640\" height=\"480\" srcset=\"https:\/\/www.canarias.com\/blog\/wp-content\/uploads\/2014\/10\/budapest-78444_640.jpg 640w, https:\/\/www.canarias.com\/blog\/wp-content\/uploads\/2014\/10\/budapest-78444_640-300x225.jpg 300w, https:\/\/www.canarias.com\/blog\/wp-content\/uploads\/2014\/10\/budapest-78444_640-73x55.jpg 73w\" sizes=\"(max-width: 640px) 100vw, 640px\" \/><\/a><p id=\"caption-attachment-770\" class=\"wp-caption-text\">Plaza de los H\u00e9roes<\/p><\/div>\n<p><strong>Plaza de los H\u00e9roes<\/strong> \u2013 en esta amplia plaza situada en un extremo de la avenida Adrassy, destaca una columna de 36m con la estatua del Arc\u00e1ngel Gabriel con la corona de San Esteban, a sus pies se hallan las estatuas de los jefes de las tribus que conquistaron Hungr\u00eda en el siglo IX, tras ellos se encuentran dos columnatas con las estatuas de Reyes y H\u00e9roes de Hungr\u00eda. Todo este conjunto constituye el Monumento de Milenio.<\/p>\n<p><strong>C\u00f3mo llegar a la Plaza de los H\u00e9roes:<\/strong> L\u00ednea de Metro 1 (amarillo) parada \u00abH\u00f6s\u00f6k Tere\u00bb<\/p>\n<div id=\"attachment_771\" style=\"width: 310px\" class=\"wp-caption aligncenter\"><a href=\"http:\/\/www.canarias.com\/blog\/wp-content\/uploads\/2014\/10\/budapest-221085_1280.jpg\"><img aria-describedby=\"caption-attachment-771\" loading=\"lazy\" class=\"size-medium wp-image-771\" alt=\"Bas\u00edlica San Esteban\" src=\"http:\/\/www.canarias.com\/blog\/wp-content\/uploads\/2014\/10\/budapest-221085_1280-300x225.jpg\" width=\"300\" height=\"225\" srcset=\"https:\/\/www.canarias.com\/blog\/wp-content\/uploads\/2014\/10\/budapest-221085_1280-300x225.jpg 300w, https:\/\/www.canarias.com\/blog\/wp-content\/uploads\/2014\/10\/budapest-221085_1280-1024x768.jpg 1024w, https:\/\/www.canarias.com\/blog\/wp-content\/uploads\/2014\/10\/budapest-221085_1280-73x55.jpg 73w, https:\/\/www.canarias.com\/blog\/wp-content\/uploads\/2014\/10\/budapest-221085_1280.jpg 1280w\" sizes=\"(max-width: 300px) 100vw, 300px\" \/><\/a><p id=\"caption-attachment-771\" class=\"wp-caption-text\">Bas\u00edlica San Esteban<\/p><\/div>\n<p><strong>Bas\u00edlica de San Esteban<\/strong> &#8211; es uno de los edificios mas importantes de Pest, construido de estilo neorrenacentista. Su planta es de cruz griega, con dos campanarios en el frente y una grandiosa c\u00fapula de 22m de di\u00e1metro y 96m de altura. En el altar mayor se puede verse la imagen de San Esteban. A parte de visitar la Bas\u00edlica es posible subir a un mirador panor\u00e1mico que ofrece una vista espectacular sobre la ciudad.<\/p>\n<p>Horario: 10:00 &#8211; 16:30<br \/>\nPrecio: 500 Ft (1,6 \u20ac)<\/p>\n<p><strong>C\u00f3mo llegar a la Bas\u00edlica de San Esteban: <\/strong>L\u00ednea de Metro 3 (Azul) parada Arany J\u00e1nos Utca<br \/>\n<strong>Gran Sinagoga<\/strong> &#8211; es la segunda m\u00e1s grande del mundo constru\u00eddo por el arquitecto Ludwig F\u00f6rster en su interior con 3000 asientos. Junto al Sinagoga se encuentra el Parque Memorial donde se alza una escultura, el \u00c1rbol de la Vida, un sauce llor\u00f3n en cuyas hojas est\u00e1n escrito nombres de v\u00edctimas del holocausto.<\/p>\n<p>Horario: De abril a Octubre de domingo a viernes de 10:00h a 17:30<br \/>\n<strong>C\u00f3mo llegar al Gran Sinagoga:<\/strong> L\u00ednea de Metro 2 (M2), parada Astoria<br \/>\n<strong>Ba\u00f1os de Szechenyi<\/strong><br \/>\nEntre los numerosos balnearios p\u00fablicos lo mas popular entre los h\u00fangaros y los visitantes es el Szechenyi &#8211; mayor complejo balneario de Europa. El agua termal sale de una profundidad de 1246m con 76C de temperatura.<\/p>\n<p>Horario: Ba\u00f1o termal: 06:00-19:00, Piscina 06:00-22:00<br \/>\nPrecio: 4.800 Ft (15\u20ac)<br \/>\n<strong>C\u00f3mo llegar a los Ba\u00f1os de Szechenyi:<\/strong> Metro1 (amarillo) parada Szechenyi Furdo, Troleb\u00fas 74<\/p>\n<div id=\"attachment_772\" style=\"width: 310px\" class=\"wp-caption aligncenter\"><a href=\"http:\/\/www.canarias.com\/blog\/wp-content\/uploads\/2014\/10\/isla-margarita.jpg\"><img aria-describedby=\"caption-attachment-772\" loading=\"lazy\" class=\"size-medium wp-image-772\" alt=\"Isla Margarita\" src=\"http:\/\/www.canarias.com\/blog\/wp-content\/uploads\/2014\/10\/isla-margarita-300x199.jpg\" width=\"300\" height=\"199\" srcset=\"https:\/\/www.canarias.com\/blog\/wp-content\/uploads\/2014\/10\/isla-margarita-300x199.jpg 300w, https:\/\/www.canarias.com\/blog\/wp-content\/uploads\/2014\/10\/isla-margarita-82x55.jpg 82w, https:\/\/www.canarias.com\/blog\/wp-content\/uploads\/2014\/10\/isla-margarita-75x50.jpg 75w, https:\/\/www.canarias.com\/blog\/wp-content\/uploads\/2014\/10\/isla-margarita.jpg 850w\" sizes=\"(max-width: 300px) 100vw, 300px\" \/><\/a><p id=\"caption-attachment-772\" class=\"wp-caption-text\">Isla Margarita<\/p><\/div>\n<p><strong>Isla Margarita<\/strong><br \/>\nPulm\u00f3n verde de la ciudad situada en el centro del Danubio entre los puentes de Margarita y Arpad, dedicado especialmente a los deportes. Esta prohibido la circulaci\u00f3n rodada, hay una sola carretera por donde circula el transporte p\u00fablico.<\/p>\n<p><strong>C\u00f3mo llegar a la Isla Margarita:<\/strong> Tranv\u00eda 4 y 6<\/p>\n<div id=\"attachment_773\" style=\"width: 660px\" class=\"wp-caption aligncenter\"><a href=\"http:\/\/www.canarias.com\/blog\/wp-content\/uploads\/2014\/10\/budapest-342499_1280.jpg\"><img aria-describedby=\"caption-attachment-773\" loading=\"lazy\" class=\"size-large wp-image-773\" alt=\"Puente de las Cadenas\" src=\"http:\/\/www.canarias.com\/blog\/wp-content\/uploads\/2014\/10\/budapest-342499_1280-1024x576.jpg\" width=\"650\" height=\"365\" srcset=\"https:\/\/www.canarias.com\/blog\/wp-content\/uploads\/2014\/10\/budapest-342499_1280-1024x576.jpg 1024w, https:\/\/www.canarias.com\/blog\/wp-content\/uploads\/2014\/10\/budapest-342499_1280-300x168.jpg 300w, https:\/\/www.canarias.com\/blog\/wp-content\/uploads\/2014\/10\/budapest-342499_1280-97x55.jpg 97w, https:\/\/www.canarias.com\/blog\/wp-content\/uploads\/2014\/10\/budapest-342499_1280-980x550.jpg 980w, https:\/\/www.canarias.com\/blog\/wp-content\/uploads\/2014\/10\/budapest-342499_1280.jpg 1280w\" sizes=\"(max-width: 650px) 100vw, 650px\" \/><\/a><p id=\"caption-attachment-773\" class=\"wp-caption-text\">Puente de las Cadenas<\/p><\/div>\n<p><strong>Puente de las Cadenas<\/strong><br \/>\nFue primer puente fijo que uni\u00f3 Buda y Pest. Tiene una longitud de 380m y esta sostenido por cadenas que apoyan sobre dos pilares macizos, sus dos entradas est\u00e1n adornadas con estatuas de leones. (que por cierto no tienen lengua!)<\/p>\n<h2>\u00bfC\u00f3mo moverte en Budapest?<\/h2>\n<div id=\"attachment_774\" style=\"width: 660px\" class=\"wp-caption aligncenter\"><a href=\"http:\/\/www.canarias.com\/blog\/wp-content\/uploads\/2014\/10\/transport-177272_1280.jpg\"><img aria-describedby=\"caption-attachment-774\" loading=\"lazy\" class=\"size-large wp-image-774\" alt=\"Moverse en Budapest\" src=\"http:\/\/www.canarias.com\/blog\/wp-content\/uploads\/2014\/10\/transport-177272_1280-1024x680.jpg\" width=\"650\" height=\"431\" srcset=\"https:\/\/www.canarias.com\/blog\/wp-content\/uploads\/2014\/10\/transport-177272_1280-1024x680.jpg 1024w, https:\/\/www.canarias.com\/blog\/wp-content\/uploads\/2014\/10\/transport-177272_1280-300x199.jpg 300w, https:\/\/www.canarias.com\/blog\/wp-content\/uploads\/2014\/10\/transport-177272_1280-82x55.jpg 82w, https:\/\/www.canarias.com\/blog\/wp-content\/uploads\/2014\/10\/transport-177272_1280-75x50.jpg 75w, https:\/\/www.canarias.com\/blog\/wp-content\/uploads\/2014\/10\/transport-177272_1280.jpg 1280w\" sizes=\"(max-width: 650px) 100vw, 650px\" \/><\/a><p id=\"caption-attachment-774\" class=\"wp-caption-text\">Moverse en Budapest<\/p><\/div>\n<p>Budapest tiene un aeropuerto principal recientemente nombrado como Aeropuerto Nacional de Liszt Ferenc, pero mas bien conocido como Ferihegy. Cuenta con dos terminales T1 y T2, la T2 est\u00e1 dividida en 2A y 2B. Desde el aeropuerto hasta la ciudad se puede ir en Taxi, Minibus o transporte p\u00fablico de autobuses. En cuanto al precio y comodidad recomendar\u00edamos la compa\u00f1\u00eda de Taxi que tiene precio fijo al centro aprox. 6.000Ft (20 \u20ac).<\/p>\n<div id=\"attachment_776\" style=\"width: 610px\" class=\"wp-caption aligncenter\"><a href=\"http:\/\/www.canarias.com\/blog\/wp-content\/uploads\/2014\/10\/thumb_mapa-metro-budapest.png\"><img aria-describedby=\"caption-attachment-776\" loading=\"lazy\" class=\"size-full wp-image-776\" alt=\"Metro Budapest\" src=\"http:\/\/www.canarias.com\/blog\/wp-content\/uploads\/2014\/10\/thumb_mapa-metro-budapest.png\" width=\"600\" height=\"406\" srcset=\"https:\/\/www.canarias.com\/blog\/wp-content\/uploads\/2014\/10\/thumb_mapa-metro-budapest.png 600w, https:\/\/www.canarias.com\/blog\/wp-content\/uploads\/2014\/10\/thumb_mapa-metro-budapest-300x203.png 300w, https:\/\/www.canarias.com\/blog\/wp-content\/uploads\/2014\/10\/thumb_mapa-metro-budapest-81x55.png 81w, https:\/\/www.canarias.com\/blog\/wp-content\/uploads\/2014\/10\/thumb_mapa-metro-budapest-75x50.png 75w\" sizes=\"(max-width: 600px) 100vw, 600px\" \/><\/a><p id=\"caption-attachment-776\" class=\"wp-caption-text\">Metro Budapest<\/p><\/div>\n<p>&#8211; La ciudad tiene una amplia red de metro y tranv\u00eda<br \/>\n&#8211; Los billetes no se pueden comprar en los medios de transporte, hay que adquirirlos en los estancos o en las taquillas del metro<br \/>\n&#8211; Si viajas con billete simple, cada transbordo hay que utilizar nuevo billete.<br \/>\n&#8211; Lo m\u00e1s pr\u00e1ctico es comprar bonos por semanas o varios d\u00edas, sale mucho mas econ\u00f3mico y pr\u00e1ctico a la hora de cambiar medios de transporte.<\/p>\n<h2>\u00bfD\u00f3nde alojarte en Budapest?<\/h2>\n<div id=\"attachment_775\" style=\"width: 660px\" class=\"wp-caption aligncenter\"><a href=\"http:\/\/www.canarias.com\/blog\/wp-content\/uploads\/2014\/10\/boscolo_budapest.jpg\"><img aria-describedby=\"caption-attachment-775\" loading=\"lazy\" class=\"size-large wp-image-775\" alt=\"Hotel Bosco Residence\" src=\"http:\/\/www.canarias.com\/blog\/wp-content\/uploads\/2014\/10\/boscolo_budapest-967x1024.jpg\" width=\"650\" height=\"688\" srcset=\"https:\/\/www.canarias.com\/blog\/wp-content\/uploads\/2014\/10\/boscolo_budapest-967x1024.jpg 967w, https:\/\/www.canarias.com\/blog\/wp-content\/uploads\/2014\/10\/boscolo_budapest-283x300.jpg 283w, https:\/\/www.canarias.com\/blog\/wp-content\/uploads\/2014\/10\/boscolo_budapest-51x55.jpg 51w, https:\/\/www.canarias.com\/blog\/wp-content\/uploads\/2014\/10\/boscolo_budapest.jpg 1173w\" sizes=\"(max-width: 650px) 100vw, 650px\" \/><\/a><p id=\"caption-attachment-775\" class=\"wp-caption-text\">Hotel Bosco Residence<\/p><\/div>\n<p>El <a title=\"Hotel Boscolo Residence\" href=\"http:\/\/www.canarias.com\/hotel\/default.aspx?CodMant=BUD\/164169&amp;prov=Hbds\" target=\"_blank\">hotel Boscolo Residence<\/a> est\u00e1 situado en el pleno centro de Budapest al lado de la plaza \u00abBlaha Lujza\u00bb, junto al famoso New York Cafe. Desde el hotel se puede encontrar muy f\u00e1cil todas las principales atracciones tur\u00edsticas de la ciudad, tanto a pie, en el metro o en el tranv\u00eda, que ambos tienen paradas muy cerca.<\/p>\n<h2>\u00a0\u00bfQu\u00e9 se debe tener en cuenta?<\/h2>\n<div id=\"attachment_777\" style=\"width: 235px\" class=\"wp-caption aligncenter\"><a href=\"http:\/\/www.canarias.com\/blog\/wp-content\/uploads\/2014\/10\/florin.jpg\"><img aria-describedby=\"caption-attachment-777\" loading=\"lazy\" class=\"size-full wp-image-777 \" alt=\"Florint\" src=\"http:\/\/www.canarias.com\/blog\/wp-content\/uploads\/2014\/10\/florin.jpg\" width=\"225\" height=\"225\" srcset=\"https:\/\/www.canarias.com\/blog\/wp-content\/uploads\/2014\/10\/florin.jpg 225w, https:\/\/www.canarias.com\/blog\/wp-content\/uploads\/2014\/10\/florin-55x55.jpg 55w\" sizes=\"(max-width: 225px) 100vw, 225px\" \/><\/a><p id=\"caption-attachment-777\" class=\"wp-caption-text\">Florint<\/p><\/div>\n<p>Aunque Hungr\u00eda forma parte de la UE <strong>su moneda es el Forint<\/strong>, aunque muchos sitios se puede pagar con Euro; pero ojo el cambio te dan en Forint.<br \/>\nEl <strong>horario comercial<\/strong> es de 10:00 a 18.00 horas excepto los centro comerciales<br \/>\nEl <strong>idioma h\u00fangaro<\/strong> es diferente al resto de lenguas europeas. Afortunadamente para el turista se est\u00e1 extendiendo el uso del ingl\u00e9s.<br \/>\nLa <strong>gastronom\u00eda magiar<\/strong> es muy apreciada en Europa, indispensable saborear el plato t\u00edpico \u201cgulyas\u201d y sus exquisitos postres.<\/p>\n","protected":false},"excerpt":{"rendered":"<p>Gu\u00eda pr\u00e1ctica de BUDAPEST Si tuvi\u00e9semos que elegir algo que definiera a Budapest, ser\u00eda su r\u00edo. El Danubio separa las dos ciudades que dan nombre a la ciudad, Buda y Pest, unificadas en 1873 como capital del Hungr\u00eda. Dos ciudades tan dispares como llenas de belleza e historia, unidas por ocho puentes, entre los que [&hellip;]<\/p>\n","protected":false},"author":1,"featured_media":773,"comment_status":"open","ping_status":"open","sticky":false,"template":"","format":"standard","meta":[],"categories":[153,111,289,5,537],"tags":[112,125,123,114,116,115,113,122,119,120,124,117,118,121],"_links":{"self":[{"href":"https:\/\/www.canarias.com\/blog\/wp-json\/wp\/v2\/posts\/762"}],"collection":[{"href":"https:\/\/www.canarias.com\/blog\/wp-json\/wp\/v2\/posts"}],"about":[{"href":"https:\/\/www.canarias.com\/blog\/wp-json\/wp\/v2\/types\/post"}],"author":[{"embeddable":true,"href":"https:\/\/www.canarias.com\/blog\/wp-json\/wp\/v2\/users\/1"}],"replies":[{"embeddable":true,"href":"https:\/\/www.canarias.com\/blog\/wp-json\/wp\/v2\/comments?post=762"}],"version-history":[{"count":6,"href":"https:\/\/www.canarias.com\/blog\/wp-json\/wp\/v2\/posts\/762\/revisions"}],"predecessor-version":[{"id":937,"href":"https:\/\/www.canarias.com\/blog\/wp-json\/wp\/v2\/posts\/762\/revisions\/937"}],"wp:featuredmedia":[{"embeddable":true,"href":"https:\/\/www.canarias.com\/blog\/wp-json\/wp\/v2\/media\/773"}],"wp:attachment":[{"href":"https:\/\/www.canarias.com\/blog\/wp-json\/wp\/v2\/media?parent=762"}],"wp:term":[{"taxonomy":"category","embeddable":true,"href":"https:\/\/www.canarias.com\/blog\/wp-json\/wp\/v2\/categories?post=762"},{"taxonomy":"post_tag","embeddable":true,"href":"https:\/\/www.canarias.com\/blog\/wp-json\/wp\/v2\/tags?post=762"}],"curies":[{"name":"wp","href":"https:\/\/api.w.org\/{rel}","templated":true}]}}