{"id":796,"date":"2014-12-02T10:36:41","date_gmt":"2014-12-02T10:36:41","guid":{"rendered":"http:\/\/www.canarias.com\/blog\/?p=796"},"modified":"2015-11-10T10:20:36","modified_gmt":"2015-11-10T10:20:36","slug":"guia-practica-de-viena-austria","status":"publish","type":"post","link":"https:\/\/www.canarias.com\/blog\/guia-practica-de-viena-austria\/","title":{"rendered":"Gu\u00eda Pr\u00e1ctica de Viena"},"content":{"rendered":"<h2><b>Gu\u00eda Pr\u00e1ctica de Viena<\/b><\/h2>\n<p>Viena, fue fundada por los romanos en las orillas del r\u00edo Danubio y m\u00e1s tarde fue la antigua capital del Imperio Austro-H\u00fangaro. \u00a0Adquiri\u00f3 su actual aspecto durante el mandato del emperador \u00a0Francisco Jos\u00e9 quien mand\u00f3 construir el lujoso bulevar Ringstrasse. Es una ciudad cultural condensada entre todos sus museos, edificios hist\u00f3ricos y su tradici\u00f3n musical por sus compositores famosos como Mozart, Beethoven o Haydn y \u00a0su Filarm\u00f3nica de fama mundial. <a href=\"http:\/\/www.canarias.com\/blog\/wp-content\/uploads\/2014\/12\/vienna-358567_1280.jpg\"><img loading=\"lazy\" class=\"aligncenter size-large wp-image-798\" alt=\"Viena\" src=\"http:\/\/www.canarias.com\/blog\/wp-content\/uploads\/2014\/12\/vienna-358567_1280-1024x1024.jpg\" width=\"650\" height=\"650\" srcset=\"https:\/\/www.canarias.com\/blog\/wp-content\/uploads\/2014\/12\/vienna-358567_1280-1024x1024.jpg 1024w, https:\/\/www.canarias.com\/blog\/wp-content\/uploads\/2014\/12\/vienna-358567_1280-300x300.jpg 300w, https:\/\/www.canarias.com\/blog\/wp-content\/uploads\/2014\/12\/vienna-358567_1280-55x55.jpg 55w, https:\/\/www.canarias.com\/blog\/wp-content\/uploads\/2014\/12\/vienna-358567_1280.jpg 1280w\" sizes=\"(max-width: 650px) 100vw, 650px\" \/><\/a><\/p>\n<h2><b style=\"font-size: 14px; line-height: 1.5em;\">\u00bfC\u00f3mo llegar a Viena?<\/b><\/h2>\n<p>El Aeropuerto Internacional de Viena se encuentra a 18 km de distancia de la ciudad, cerca a localidad Schwechat. Desde all\u00ed se puede coger varios transportes p\u00fablicos, entre todos esta el City Airport Train que parte cada media hora y tarda 16 minutos en llegar al centro, es r\u00e1pido y c\u00f3modo pero tambi\u00e9n mucho m\u00e1s caro que la l\u00ednea de cercan\u00edas.<\/p>\n<h2><b><\/b><b>\u00bfQu\u00e9 ver en Viena?<\/b><\/h2>\n<ul>\n<li><b>Stephansdom &#8211; <\/b>Catedral de San Esteban<\/li>\n<\/ul>\n<p>En el pleno centro de la ciudad se encuentra la Catedral de Viena, el punto religioso m\u00e1s importante del pa\u00eds y la atracci\u00f3n tur\u00edstica m\u00e1s \u00a0visitada de Viena.\u00a0 Su construcci\u00f3n comenz\u00f3 en el siglo XII, el edificio\u00a0 es de estilo g\u00f3tico pero en su interior se puede ver varios estilos arquitect\u00f3nicos como resultado de las diferentes \u00e9pocas. El monumento es muy llamativo con sus cuatro torres uno de ellos en forma aguja, tiene 13 campanas, y su tejado est\u00e1 decorado con 250 mil azulejos. Horario: 07:00-22:00 Precio: Entrada gratuita \u00bfC\u00f3mo llegar al a Catedral de Viena? Metro U1 y U3 parada Stephansplatz<\/p>\n<div id=\"attachment_800\" style=\"width: 660px\" class=\"wp-caption aligncenter\"><a href=\"http:\/\/www.canarias.com\/blog\/wp-content\/uploads\/2014\/12\/schonbrunn-443810_1280.jpg\"><img aria-describedby=\"caption-attachment-800\" loading=\"lazy\" class=\"size-large wp-image-800\" alt=\"Schonbrunn\" src=\"http:\/\/www.canarias.com\/blog\/wp-content\/uploads\/2014\/12\/schonbrunn-443810_1280-1024x895.jpg\" width=\"650\" height=\"568\" srcset=\"https:\/\/www.canarias.com\/blog\/wp-content\/uploads\/2014\/12\/schonbrunn-443810_1280-1024x895.jpg 1024w, https:\/\/www.canarias.com\/blog\/wp-content\/uploads\/2014\/12\/schonbrunn-443810_1280-300x262.jpg 300w, https:\/\/www.canarias.com\/blog\/wp-content\/uploads\/2014\/12\/schonbrunn-443810_1280-62x55.jpg 62w, https:\/\/www.canarias.com\/blog\/wp-content\/uploads\/2014\/12\/schonbrunn-443810_1280.jpg 1280w\" sizes=\"(max-width: 650px) 100vw, 650px\" \/><\/a><p id=\"caption-attachment-800\" class=\"wp-caption-text\">Palacio Schonbrunn<\/p><\/div>\n<ul>\n<li><b>Schloss Schonbrunn &#8211; <\/b>Palacio Schonbrunn<b> <\/b><\/li>\n<\/ul>\n<p>Uno de los edificios m\u00e1s emblem\u00e1ticos de la ciudad y reconocido como Patrimonio de la Humanidad por el Unesco. El conjunto tambi\u00e9n nombran como el Versalles vienes. Construido en el siglo XVII, su nombre significa \u201cbella primavera\u201d, \u00a0antiguamente fue la\u00a0 residencia de verano de la familia imperial. Sus 1441 habitaciones est\u00e1n decoradas de estilo rococ\u00f3. El conjunto tiene varios jardines, un invernadero y el Zoo m\u00e1s antiguo del mundo. Horario: 08:30-17:00 Precio: 14,50 euros \u00bfC\u00f3mo llegar al Palacio Schonbrunn? Metro l\u00ednea U4, Tranv\u00eda l\u00edneas 10 y 58<\/p>\n<div id=\"attachment_799\" style=\"width: 660px\" class=\"wp-caption aligncenter\"><a href=\"http:\/\/www.canarias.com\/blog\/wp-content\/uploads\/2014\/12\/belvedere-castle-532502_1280.jpg\"><img aria-describedby=\"caption-attachment-799\" loading=\"lazy\" class=\"size-large wp-image-799\" alt=\"Castillo Belvedere\" src=\"http:\/\/www.canarias.com\/blog\/wp-content\/uploads\/2014\/12\/belvedere-castle-532502_1280-1024x608.jpg\" width=\"650\" height=\"385\" srcset=\"https:\/\/www.canarias.com\/blog\/wp-content\/uploads\/2014\/12\/belvedere-castle-532502_1280-1024x608.jpg 1024w, https:\/\/www.canarias.com\/blog\/wp-content\/uploads\/2014\/12\/belvedere-castle-532502_1280-300x178.jpg 300w, https:\/\/www.canarias.com\/blog\/wp-content\/uploads\/2014\/12\/belvedere-castle-532502_1280-92x55.jpg 92w, https:\/\/www.canarias.com\/blog\/wp-content\/uploads\/2014\/12\/belvedere-castle-532502_1280.jpg 1280w\" sizes=\"(max-width: 650px) 100vw, 650px\" \/><\/a><p id=\"caption-attachment-799\" class=\"wp-caption-text\">Castillo Belvedere<\/p><\/div>\n<ul>\n<li><b>\u00a0<\/b><b>Palacio Belvedere \u2013 <\/b>Galer\u00eda de Austria (Belvedere Superior)<\/li>\n<\/ul>\n<p>Es un conjunto de dos \u00a0palacios de estilo barroco unidos por un jard\u00edn, fue construido para residencia veraniega del Pr\u00edncipe Eugenio de Saboya. Actualmente alberga tres museos, \u00a0uno de ellos es donde se encuentra la mayor colecci\u00f3n de obras de Gustav Klimt, como el famoso cuadro \u201cEl beso\u201d. Horario: 10:00-18:00, Mi\u00e9rcoles 10:00-21:00 Precio: 14 euros \u00bfC\u00f3mo llegar al Palacio Belvedere? Tranv\u00eda l\u00ednea D \u2013Schloss Belvedere<\/p>\n<ul>\n<li><b>Wiener Prater \u2013 <\/b>Noria Gigante<b><\/b><\/li>\n<\/ul>\n<p>El viejo s\u00edmbolo de Viena es la Noria Gigante constru\u00edda en 1897, se encuentra dentro del parque de atracciones m\u00e1s antiguas del mundo el Prater donde se puede disfrutar 250 atracciones de estilo antiguo o \u00a0de lo m\u00e1s moderno, tambi\u00e9n hay muchos restaurantes y caf\u00e9s dentro de este espacio grande verde. <span style=\"font-size: 14px; line-height: 1.5em;\">Precio: 9 euros<\/span> Horario: la Noria funciona todo el a\u00f1o, el parque est\u00e1 abierto desde 15 de Marzo hasta 31 de Octubre<\/p>\n<ul>\n<li><b>Museums Quartier (MQ) \u2013 <\/b>Barrio de los Museos <b><\/b><\/li>\n<\/ul>\n<p>Uno de los espacios de arte y cultura m\u00e1s grandes del mundo, un oasis donde se re\u00fane la m\u00fasica, el teatro, la danza, la fotograf\u00eda y mucho m\u00e1s todo lo que se comprende como arte contempor\u00e1nea. Es un punto de encuentro de artistas y j\u00f3venes entre 60 organizaciones culturales celebrando tambi\u00e9n actos culturales durante todo el a\u00f1o en sus patios interiores. Entre tiendas,\u00a0 caf\u00e9s, restaurantes y terrazas de todos estilos.<\/p>\n<ul>\n<li><b>\u00a0<\/b><b>Ringstrasse \u2013 <\/b>Avenida del Ring<\/li>\n<\/ul>\n<p><span style=\"font-size: 14px; line-height: 1.5em;\">En 2015 se celebrara el 150 aniversario de esta avenida prestigiosa e importante Viena cuya construcci\u00f3n empez\u00f3\u00a0 por los \u00f3rdenes del emperador Francisco Jos\u00e9. El bulevar es un ejemplo magn\u00edfico de la planificaci\u00f3n urban\u00edstica donde a lo largo 5,3 kil\u00f3metros entre muchos monumentos tur\u00edsticos se encuentra La Opera, El Museo de Historia de Arte y El Parlamento. Tambi\u00e9n ofrece zona verde con unos parques de lujo y cafeter\u00edas para probar el t\u00edpico caf\u00e9 vienes con un trozo de tarta Sacher.<\/span><\/p>\n<div id=\"attachment_801\" style=\"width: 660px\" class=\"wp-caption aligncenter\"><a href=\"http:\/\/www.canarias.com\/blog\/wp-content\/uploads\/2014\/12\/vienna-385695_1280.jpg\"><img aria-describedby=\"caption-attachment-801\" loading=\"lazy\" class=\"size-large wp-image-801\" alt=\"Opera de Viena\" src=\"http:\/\/www.canarias.com\/blog\/wp-content\/uploads\/2014\/12\/vienna-385695_1280-1024x728.jpg\" width=\"650\" height=\"462\" srcset=\"https:\/\/www.canarias.com\/blog\/wp-content\/uploads\/2014\/12\/vienna-385695_1280-1024x728.jpg 1024w, https:\/\/www.canarias.com\/blog\/wp-content\/uploads\/2014\/12\/vienna-385695_1280-300x213.jpg 300w, https:\/\/www.canarias.com\/blog\/wp-content\/uploads\/2014\/12\/vienna-385695_1280-77x55.jpg 77w, https:\/\/www.canarias.com\/blog\/wp-content\/uploads\/2014\/12\/vienna-385695_1280-310x220.jpg 310w, https:\/\/www.canarias.com\/blog\/wp-content\/uploads\/2014\/12\/vienna-385695_1280.jpg 1280w\" sizes=\"(max-width: 650px) 100vw, 650px\" \/><\/a><p id=\"caption-attachment-801\" class=\"wp-caption-text\">Opera de Viena<\/p><\/div>\n<ul>\n<li><b style=\"font-size: 14px; line-height: 1.5em;\">Opera de Viena<\/b><\/li>\n<\/ul>\n<p>El edificio fue inaugurado en 1869, como parte del proyecto de Ringstrasse. Es de dise\u00f1o renacentista y su auditorio tiene espacio para 2800 personas. La compa\u00f1\u00eda de opera estatal de Viena es conocida a nivel mundial y es un centro importante de la m\u00fasica. Las visitas guiadas duran aprox. 40 minutos y ofrecen en varios idiomas un recorrido de todo el este edificio magn\u00edfico. <span style=\"font-size: 14px; line-height: 1.5em;\">Precio: 7,50 euros<\/span> \u00bfC\u00f3mo llegar a la Opera de Viena? Metro: Karlsplatz (U1 y U2), Tranv\u00eda Wien Oper l\u00edneas 1,2,62<\/p>\n<h2>\u00a0<b>\u00bfC\u00f3mo moverte en Viena?<\/b><\/h2>\n<p>Viena es una ciudad peque\u00f1a y su red de transporte p\u00fablico es excelente tanto como puntualidad y comodidad. Entre el metro (U-Bahn), varias l\u00edneas de Tranv\u00edas y Autobuses es muy f\u00e1cil de llegar a todos los puntos tur\u00edsticos. Lo m\u00e1s recomendado es adquirir unos abonos especiales seg\u00fan los d\u00edas que vay\u00e1is a visitar la ciudad.<\/p>\n<h2><b style=\"font-size: 14px; line-height: 1.5em;\">\u00bfD\u00f3nde alojarte?<\/b><\/h2>\n<div id=\"attachment_802\" style=\"width: 435px\" class=\"wp-caption aligncenter\"><a href=\"http:\/\/www.canarias.com\/blog\/wp-content\/uploads\/2014\/12\/Hotel-Holiday-Inn-Vienna-City.jpg\"><img aria-describedby=\"caption-attachment-802\" loading=\"lazy\" class=\"size-full wp-image-802\" alt=\"Hotel Holiday Inn Vienna City \" src=\"http:\/\/www.canarias.com\/blog\/wp-content\/uploads\/2014\/12\/Hotel-Holiday-Inn-Vienna-City.jpg\" width=\"425\" height=\"284\" srcset=\"https:\/\/www.canarias.com\/blog\/wp-content\/uploads\/2014\/12\/Hotel-Holiday-Inn-Vienna-City.jpg 425w, https:\/\/www.canarias.com\/blog\/wp-content\/uploads\/2014\/12\/Hotel-Holiday-Inn-Vienna-City-300x200.jpg 300w, https:\/\/www.canarias.com\/blog\/wp-content\/uploads\/2014\/12\/Hotel-Holiday-Inn-Vienna-City-82x55.jpg 82w, https:\/\/www.canarias.com\/blog\/wp-content\/uploads\/2014\/12\/Hotel-Holiday-Inn-Vienna-City-75x50.jpg 75w\" sizes=\"(max-width: 425px) 100vw, 425px\" \/><\/a><p id=\"caption-attachment-802\" class=\"wp-caption-text\">Hotel Holiday Inn Vienna City<\/p><\/div>\n<p><b><a title=\"Hotel Holiday Inn Vienna City\" href=\"http:\/\/www.canarias.com\/hotel\/holiday-inn-vienna-city-vienna\" target=\"_blank\">Hotel Holiday Inn Vienna City<\/a> \u2013 <\/b>Hotel de gesti\u00f3n familiar, muy bien ubicado a s\u00f3lo 15 minutos a pie del centro de la ciudad, tambi\u00e9n a pocos minutos de la parada del Metro Kettenbruckengasse L\u00ednea U4. Tambi\u00e9n tiene un patio interior con jard\u00edn donde se puede disfrutar una zona verde tranquila. <b style=\"font-size: 14px; line-height: 1.5em;\">\u00bfQu\u00e9 se debe tener en cuenta?<\/b><\/p>\n<ul>\n<li>Viena es una ciudad cara, hasta ir al ba\u00f1o cuesta, es mejor siempre tener algo de monedas a mano para poder pagar los ba\u00f1os en cualquier sitio.<\/li>\n<\/ul>\n","protected":false},"excerpt":{"rendered":"<p>Gu\u00eda Pr\u00e1ctica de Viena Viena, fue fundada por los romanos en las orillas del r\u00edo Danubio y m\u00e1s tarde fue la antigua capital del Imperio Austro-H\u00fangaro. \u00a0Adquiri\u00f3 su actual aspecto durante el mandato del emperador \u00a0Francisco Jos\u00e9 quien mand\u00f3 construir el lujoso bulevar Ringstrasse. Es una ciudad cultural condensada entre todos sus museos, edificios hist\u00f3ricos [&hellip;]<\/p>\n","protected":false},"author":1,"featured_media":798,"comment_status":"open","ping_status":"open","sticky":false,"template":"","format":"standard","meta":[],"categories":[540,153,520,289,5],"tags":[138,133,134,135,137,136],"_links":{"self":[{"href":"https:\/\/www.canarias.com\/blog\/wp-json\/wp\/v2\/posts\/796"}],"collection":[{"href":"https:\/\/www.canarias.com\/blog\/wp-json\/wp\/v2\/posts"}],"about":[{"href":"https:\/\/www.canarias.com\/blog\/wp-json\/wp\/v2\/types\/post"}],"author":[{"embeddable":true,"href":"https:\/\/www.canarias.com\/blog\/wp-json\/wp\/v2\/users\/1"}],"replies":[{"embeddable":true,"href":"https:\/\/www.canarias.com\/blog\/wp-json\/wp\/v2\/comments?post=796"}],"version-history":[{"count":5,"href":"https:\/\/www.canarias.com\/blog\/wp-json\/wp\/v2\/posts\/796\/revisions"}],"predecessor-version":[{"id":1540,"href":"https:\/\/www.canarias.com\/blog\/wp-json\/wp\/v2\/posts\/796\/revisions\/1540"}],"wp:featuredmedia":[{"embeddable":true,"href":"https:\/\/www.canarias.com\/blog\/wp-json\/wp\/v2\/media\/798"}],"wp:attachment":[{"href":"https:\/\/www.canarias.com\/blog\/wp-json\/wp\/v2\/media?parent=796"}],"wp:term":[{"taxonomy":"category","embeddable":true,"href":"https:\/\/www.canarias.com\/blog\/wp-json\/wp\/v2\/categories?post=796"},{"taxonomy":"post_tag","embeddable":true,"href":"https:\/\/www.canarias.com\/blog\/wp-json\/wp\/v2\/tags?post=796"}],"curies":[{"name":"wp","href":"https:\/\/api.w.org\/{rel}","templated":true}]}}