{"id":855,"date":"2014-12-13T12:47:41","date_gmt":"2014-12-13T12:47:41","guid":{"rendered":"http:\/\/www.canarias.com\/blog\/?p=855"},"modified":"2015-11-08T11:21:37","modified_gmt":"2015-11-08T11:21:37","slug":"guia-practica-de-malaga","status":"publish","type":"post","link":"https:\/\/www.canarias.com\/blog\/guia-practica-de-malaga\/","title":{"rendered":"Gu\u00eda Pr\u00e1ctica de M\u00e1laga"},"content":{"rendered":"<p>M\u00e1laga, es la capital de Costa de Sol es un destino tur\u00edstico por excelencia de su situaci\u00f3n entre mar y monta\u00f1a ofreciendo playa y campos de golf por un lado, y por otro, el Museo de Picasso y sus famosas procesiones de Semana Santa y la feria de Agosto llena de colores y alegr\u00eda.<\/p>\n<h2>\u00bfC\u00f3mo llegar a M\u00e1laga?<\/h2>\n<p>Su aeropuerto internacional tiene conexiones con las principales ciudades espa\u00f1olas y con las capitales europeas, desde el aeropuerto se puede llegar al centro en el tren de cercan\u00edas en pocos minutos. La ciudad se une con Madrid el tren de alta velocidad el AVE en menos de 3 horas.<\/p>\n<h2>\u00bfQu\u00e9 ver en M\u00e1laga?<\/h2>\n<div id=\"attachment_858\" style=\"width: 520px\" class=\"wp-caption aligncenter\"><a href=\"http:\/\/www.canarias.com\/blog\/wp-content\/uploads\/2014\/12\/9636914400_90c8489be2_z.jpg\"><img aria-describedby=\"caption-attachment-858\" loading=\"lazy\" class=\"size-large wp-image-858\" alt=\"M\u00e1laga\" src=\"http:\/\/www.canarias.com\/blog\/wp-content\/uploads\/2014\/12\/9636914400_90c8489be2_z-510x158.jpg\" width=\"510\" height=\"158\" srcset=\"https:\/\/www.canarias.com\/blog\/wp-content\/uploads\/2014\/12\/9636914400_90c8489be2_z-510x158.jpg 510w, https:\/\/www.canarias.com\/blog\/wp-content\/uploads\/2014\/12\/9636914400_90c8489be2_z-300x93.jpg 300w, https:\/\/www.canarias.com\/blog\/wp-content\/uploads\/2014\/12\/9636914400_90c8489be2_z.jpg 640w\" sizes=\"(max-width: 510px) 100vw, 510px\" \/><\/a><p id=\"caption-attachment-858\" class=\"wp-caption-text\">M\u00e1laga &#8211; Paolo Trabattoni<\/p><\/div>\n<ul>\n<li><strong>\u00a0Museo de Picasso<\/strong><\/li>\n<\/ul>\n<p>El Palacio Buenavista da lugar a la exposici\u00f3n permanente de Picasso donde se puede ver entre pinturas, dibujos, esculturas, cer\u00e1micas y grabados m\u00e1s de 200 obras del artista. El Palacio de estilo renacentista fue eligi\u00f3 por el propio Picasso en 1953 como posible sede de sus obras.<\/p>\n<p>Horario: 10:00 \u2013 19:00<br \/>\nPrecio: 8 euros<\/p>\n<ul>\n<li><strong>Teatro Romano<\/strong><\/li>\n<\/ul>\n<p>El Teatro Romano se encuentra al pie de la Alcazaba, una de las huellas del pasado romano de la ciudad de la \u00e9poca del imperio de Augusto siglo I d.C., m\u00e1s tarde los \u00e1rabes utilizaron algunas de sus piezas para la construcci\u00f3n de la Alcazaba. Los restos del teatro descubrieron en 1951.<\/p>\n<div id=\"attachment_859\" style=\"width: 520px\" class=\"wp-caption aligncenter\"><a href=\"http:\/\/www.canarias.com\/blog\/wp-content\/uploads\/2014\/12\/5110260754_b3d634f3fe_b.jpg\"><img aria-describedby=\"caption-attachment-859\" loading=\"lazy\" class=\"size-large wp-image-859\" alt=\"Catedral de la Encarnaci\u00f3n\" src=\"http:\/\/www.canarias.com\/blog\/wp-content\/uploads\/2014\/12\/5110260754_b3d634f3fe_b-510x334.jpg\" width=\"510\" height=\"334\" srcset=\"https:\/\/www.canarias.com\/blog\/wp-content\/uploads\/2014\/12\/5110260754_b3d634f3fe_b-510x334.jpg 510w, https:\/\/www.canarias.com\/blog\/wp-content\/uploads\/2014\/12\/5110260754_b3d634f3fe_b-300x196.jpg 300w, https:\/\/www.canarias.com\/blog\/wp-content\/uploads\/2014\/12\/5110260754_b3d634f3fe_b.jpg 1024w\" sizes=\"(max-width: 510px) 100vw, 510px\" \/><\/a><p id=\"caption-attachment-859\" class=\"wp-caption-text\">Catedral de la Encarnaci\u00f3n &#8211; Bert Kaufmann<\/p><\/div>\n<ul>\n<li><strong>Catedral de la Encarnaci\u00f3n<\/strong><\/li>\n<\/ul>\n<p>\u201cLa Manquita\u201d llamado popularmente por la falta de su torre derecha. Su construcci\u00f3n fue ordenado por los Reyes Cat\u00f3licos. Construida sobre restos de una antigua mezquita entre 1528 y 1782, este templo de estilo renacentista es una de la m\u00e1s significativa de toda Andaluc\u00eda.<\/p>\n<p>Horario: L-V 10-18, S 10-17, D y festivos cerrado<br \/>\nPrecio: 5 euros<\/p>\n<ul>\n<li><strong>Calle Marqu\u00e9s de Larios \u2013 conocido como Calle Larios<\/strong><\/li>\n<\/ul>\n<p>La m\u00e1s emblem\u00e1tica en el pleno centro de la ciudad, desde que se han convertido en peatonal es una de las calles comerciales destacadas del pa\u00eds.<\/p>\n<ul>\n<li><strong>Alcazaba<\/strong><\/li>\n<\/ul>\n<p>La Alcazaba es un conjunto de dos recintos amurallados que en su interior ofrece bellos jardines con fuentes, estanques y piscinas. Fue construido sobre antiguos restos de una fortaleza fenicia entre los siglos XI y XIV, es un impresionante Palacio-Fortaleza que serv\u00eda como residencia de reyes y gobernantes tanto musulmanes como cristianos. Desde sus murallas ofrece unas vistas magnificas sobre la ciudad.<\/p>\n<div id=\"attachment_860\" style=\"width: 520px\" class=\"wp-caption aligncenter\"><a href=\"http:\/\/www.canarias.com\/blog\/wp-content\/uploads\/2014\/12\/3190966053_a63017d0a3_b.jpg\"><img aria-describedby=\"caption-attachment-860\" loading=\"lazy\" class=\"size-large wp-image-860\" alt=\"Castillo de Gibralfaro \" src=\"http:\/\/www.canarias.com\/blog\/wp-content\/uploads\/2014\/12\/3190966053_a63017d0a3_b-510x382.jpg\" width=\"510\" height=\"382\" srcset=\"https:\/\/www.canarias.com\/blog\/wp-content\/uploads\/2014\/12\/3190966053_a63017d0a3_b-510x382.jpg 510w, https:\/\/www.canarias.com\/blog\/wp-content\/uploads\/2014\/12\/3190966053_a63017d0a3_b-300x225.jpg 300w, https:\/\/www.canarias.com\/blog\/wp-content\/uploads\/2014\/12\/3190966053_a63017d0a3_b.jpg 1024w\" sizes=\"(max-width: 510px) 100vw, 510px\" \/><\/a><p id=\"caption-attachment-860\" class=\"wp-caption-text\">Castillo de Gibralfaro &#8211; Bogdan Migulski<\/p><\/div>\n<ul>\n<li><strong>Castillo de Gibralfaro \u2013 Alc\u00e1zar de Gibralfaro<\/strong><\/li>\n<\/ul>\n<p>El Castillo es uno de los monumentos m\u00e1s visitados en M\u00e1laga. Construido en el siglo XIV para proteger el Alcazaba y albergar a las tropas, por eso las dos fortificaciones est\u00e1n unidas por un pasillo resguardado por dos murallas que de forma zigzag protegen el recinto. Es un monumento militar, la obra musulmana conservada m\u00e1s importante de Espa\u00f1a.<\/p>\n<h2>\u00a0\u00bfC\u00f3mo moverte en M\u00e1laga?<\/h2>\n<p>En el centro de la ciudad muchas calles son peatonales, as\u00ed para visitar los monumentos del casco antiguo lo mejor es caminar. Casi todo lo importante para ver se encuentra en un radio cercano.<br \/>\nPara visitar las poblaciones cercanas y sus playas, como Torremolinos, Benalm\u00e1dena y Fuengirola, lo m\u00e1s r\u00e1pido y c\u00f3modo es el tren de cercan\u00edas.<\/p>\n<h2>\u00bfD\u00f3nde alojarte en M\u00e1laga?<\/h2>\n<div id=\"attachment_861\" style=\"width: 520px\" class=\"wp-caption aligncenter\"><a href=\"http:\/\/www.canarias.com\/blog\/wp-content\/uploads\/2014\/12\/Hotel-Guadalmedina.jpg\"><img aria-describedby=\"caption-attachment-861\" loading=\"lazy\" class=\"size-large wp-image-861\" alt=\"Hotel Guadalmedina \" src=\"http:\/\/www.canarias.com\/blog\/wp-content\/uploads\/2014\/12\/Hotel-Guadalmedina-510x279.jpg\" width=\"510\" height=\"279\" srcset=\"https:\/\/www.canarias.com\/blog\/wp-content\/uploads\/2014\/12\/Hotel-Guadalmedina-510x279.jpg 510w, https:\/\/www.canarias.com\/blog\/wp-content\/uploads\/2014\/12\/Hotel-Guadalmedina-300x164.jpg 300w, https:\/\/www.canarias.com\/blog\/wp-content\/uploads\/2014\/12\/Hotel-Guadalmedina.jpg 840w\" sizes=\"(max-width: 510px) 100vw, 510px\" \/><\/a><p id=\"caption-attachment-861\" class=\"wp-caption-text\">Hotel Guadalmedina<\/p><\/div>\n<p>Hotel Guadalmedina \u2013 Es un hotel moderno que se encuentra en frente al Centro de Arte Contempor\u00e1neo de M\u00e1laga en una ubicaci\u00f3n excelente, solo a 500 metros de la estaci\u00f3n de tren de Mar\u00eda Zambrano (AVE) y al lado de Cercan\u00edas que tiene conexi\u00f3n directa al aeropuerto.<\/p>\n<h2>\u00bfQu\u00e9 se debe tener en cuenta?<\/h2>\n<p>\u00bfC\u00f3mo pedir un caf\u00e9 en M\u00e1laga? Los diferentes nombres de caf\u00e9s que tienen los malague\u00f1os es una se\u00f1al de identidad entre otras costumbres que tienen los andaluces.<\/p>\n","protected":false},"excerpt":{"rendered":"<p>M\u00e1laga, es la capital de Costa de Sol es un destino tur\u00edstico por excelencia de su situaci\u00f3n entre mar y monta\u00f1a ofreciendo playa y campos de golf por un lado, y por otro, el Museo de Picasso y sus famosas procesiones de Semana Santa y la feria de Agosto llena de colores y alegr\u00eda. \u00bfC\u00f3mo [&hellip;]<\/p>\n","protected":false},"author":1,"featured_media":858,"comment_status":"open","ping_status":"open","sticky":false,"template":"","format":"standard","meta":[],"categories":[154,168,289,5],"tags":[157,155,158,159,156],"_links":{"self":[{"href":"https:\/\/www.canarias.com\/blog\/wp-json\/wp\/v2\/posts\/855"}],"collection":[{"href":"https:\/\/www.canarias.com\/blog\/wp-json\/wp\/v2\/posts"}],"about":[{"href":"https:\/\/www.canarias.com\/blog\/wp-json\/wp\/v2\/types\/post"}],"author":[{"embeddable":true,"href":"https:\/\/www.canarias.com\/blog\/wp-json\/wp\/v2\/users\/1"}],"replies":[{"embeddable":true,"href":"https:\/\/www.canarias.com\/blog\/wp-json\/wp\/v2\/comments?post=855"}],"version-history":[{"count":4,"href":"https:\/\/www.canarias.com\/blog\/wp-json\/wp\/v2\/posts\/855\/revisions"}],"predecessor-version":[{"id":3040,"href":"https:\/\/www.canarias.com\/blog\/wp-json\/wp\/v2\/posts\/855\/revisions\/3040"}],"wp:featuredmedia":[{"embeddable":true,"href":"https:\/\/www.canarias.com\/blog\/wp-json\/wp\/v2\/media\/858"}],"wp:attachment":[{"href":"https:\/\/www.canarias.com\/blog\/wp-json\/wp\/v2\/media?parent=855"}],"wp:term":[{"taxonomy":"category","embeddable":true,"href":"https:\/\/www.canarias.com\/blog\/wp-json\/wp\/v2\/categories?post=855"},{"taxonomy":"post_tag","embeddable":true,"href":"https:\/\/www.canarias.com\/blog\/wp-json\/wp\/v2\/tags?post=855"}],"curies":[{"name":"wp","href":"https:\/\/api.w.org\/{rel}","templated":true}]}}