{"id":881,"date":"2015-01-15T18:35:14","date_gmt":"2015-01-15T18:35:14","guid":{"rendered":"http:\/\/www.canarias.com\/blog\/?p=881"},"modified":"2015-11-08T11:21:07","modified_gmt":"2015-11-08T11:21:07","slug":"guia-practica-de-alicante","status":"publish","type":"post","link":"https:\/\/www.canarias.com\/blog\/guia-practica-de-alicante\/","title":{"rendered":"Gu\u00eda Pr\u00e1ctica de Alicante"},"content":{"rendered":"<div id=\"attachment_882\" style=\"width: 520px\" class=\"wp-caption aligncenter\"><a href=\"http:\/\/www.canarias.com\/blog\/wp-content\/uploads\/2015\/01\/alicante-autor-nacho-ruiz.jpg\"><img aria-describedby=\"caption-attachment-882\" loading=\"lazy\" class=\"size-large wp-image-882\" alt=\"Alicante\" src=\"http:\/\/www.canarias.com\/blog\/wp-content\/uploads\/2015\/01\/alicante-autor-nacho-ruiz-510x339.jpg\" width=\"510\" height=\"339\" srcset=\"https:\/\/www.canarias.com\/blog\/wp-content\/uploads\/2015\/01\/alicante-autor-nacho-ruiz-510x339.jpg 510w, https:\/\/www.canarias.com\/blog\/wp-content\/uploads\/2015\/01\/alicante-autor-nacho-ruiz-300x199.jpg 300w, https:\/\/www.canarias.com\/blog\/wp-content\/uploads\/2015\/01\/alicante-autor-nacho-ruiz.jpg 640w\" sizes=\"(max-width: 510px) 100vw, 510px\" \/><\/a><p id=\"caption-attachment-882\" class=\"wp-caption-text\">Alicante &#8211; Foto: Nacho Ruiz<\/p><\/div>\n<h2><b>Gu\u00eda Pr\u00e1ctica de Alicante <\/b><\/h2>\n<p><b><\/b>Alicante, capital de la Costa Blanca un destino perfecto para los amantes del sol y playa, una ciudad con un puerto hist\u00f3rico en el Mediterr\u00e1neo, que goza cerca 300 d\u00edas del sol al a\u00f1o, merecida es nombrada como \u201cCiudad de la luz\u201d. Entre sus playas esplendidas destaca la playa San Juan con 8 km de fina arena\u00a0 una de las mejores de Espa\u00f1a.<\/p>\n<h2><b><\/b><b>\u00bfC\u00f3mo llegar a Alicante?<\/b><\/h2>\n<p>Su aeropuerto \u2013 El Altet- es uno de los m\u00e1s importantes del pa\u00eds, la l\u00ednea de autob\u00fas C6 \u00a0conecta con el centro de la ciudad, sale a cada 20 minutos y el billete sencillo cuesta 3,85 euros. Desde Madrid\u00a0 el tren de alta velocidad el AVE llega en 2 horas\u00a0 y 20 minutos a la ciudad.<\/p>\n<h2><b>\u00bfQu\u00e9 ver en Alicante?<\/b><\/h2>\n<div id=\"attachment_883\" style=\"width: 520px\" class=\"wp-caption aligncenter\"><a href=\"http:\/\/www.canarias.com\/blog\/wp-content\/uploads\/2015\/01\/C.-Sta.Barbara-autor-Michael-Kranewitter.jpg\"><img aria-describedby=\"caption-attachment-883\" loading=\"lazy\" class=\"size-large wp-image-883\" alt=\"Santa B\u00e1rbara\" src=\"http:\/\/www.canarias.com\/blog\/wp-content\/uploads\/2015\/01\/C.-Sta.Barbara-autor-Michael-Kranewitter-510x336.jpg\" width=\"510\" height=\"336\" srcset=\"https:\/\/www.canarias.com\/blog\/wp-content\/uploads\/2015\/01\/C.-Sta.Barbara-autor-Michael-Kranewitter-510x336.jpg 510w, https:\/\/www.canarias.com\/blog\/wp-content\/uploads\/2015\/01\/C.-Sta.Barbara-autor-Michael-Kranewitter-300x198.jpg 300w, https:\/\/www.canarias.com\/blog\/wp-content\/uploads\/2015\/01\/C.-Sta.Barbara-autor-Michael-Kranewitter.jpg 800w\" sizes=\"(max-width: 510px) 100vw, 510px\" \/><\/a><p id=\"caption-attachment-883\" class=\"wp-caption-text\">Santa B\u00e1rbara &#8211; Foto: Michael Kranewitter<\/p><\/div>\n<p><b style=\"font-family: inherit; font-style: inherit;\">Castillo de Sta. B\u00e1rbara<\/b><\/p>\n<p>El icono de la ciudad, es una de las m\u00e1s grandes fortalezas medievales del pa\u00eds, para visitarla se sube en un ascensor excavado en la roca y desde su altitud de 166 metros ofrece una vista panor\u00e1mica magnifica sobre la bah\u00eda de Alicante.<\/p>\n<div id=\"attachment_885\" style=\"width: 384px\" class=\"wp-caption aligncenter\"><a href=\"http:\/\/www.canarias.com\/blog\/wp-content\/uploads\/2015\/01\/Basilica-autor-Diego-Delso.jpg\"><img aria-describedby=\"caption-attachment-885\" loading=\"lazy\" class=\"size-full wp-image-885\" alt=\"Bas\u00edlica \" src=\"http:\/\/www.canarias.com\/blog\/wp-content\/uploads\/2015\/01\/Basilica-autor-Diego-Delso.jpg\" width=\"374\" height=\"600\" srcset=\"https:\/\/www.canarias.com\/blog\/wp-content\/uploads\/2015\/01\/Basilica-autor-Diego-Delso.jpg 374w, https:\/\/www.canarias.com\/blog\/wp-content\/uploads\/2015\/01\/Basilica-autor-Diego-Delso-187x300.jpg 187w\" sizes=\"(max-width: 374px) 100vw, 374px\" \/><\/a><p id=\"caption-attachment-885\" class=\"wp-caption-text\">Bas\u00edlica &#8211; Foto: Diego Delso<\/p><\/div>\n<p><b style=\"font-family: inherit; font-style: inherit;\">Bas\u00edlica de Sta. Mar\u00eda<\/b><\/p>\n<p>Edificado sobre los restos de la mezquita mayor en el siglo XIV. de estilo g\u00f3tico. Destaca su portada con la imagen de la Virgen, es una obra impresionante de estilo barroco realizado por el escultor Juan Bautista Borja.<\/p>\n<p><b style=\"font-family: inherit; font-style: inherit;\">Isla de Tabarca<\/b><\/p>\n<p>Situado en frente de la Costa de Alicante, su nombre viene de una ciudad tunecina\u00a0 desde donde antiguamente familias de pescadores ven\u00edan para instalarse. Sus aguas cristalinas son Reserva Marina del Mediterr\u00e1neo.<\/p>\n<p>\u00bfC\u00f3mo llegar a la Isla de Tabarca? Desde Alicante se puede ir en catamar\u00e1n que tarda unos 45 min. y cuesta 18 euros.<\/p>\n<div id=\"attachment_887\" style=\"width: 520px\" class=\"wp-caption aligncenter\"><a href=\"http:\/\/www.canarias.com\/blog\/wp-content\/uploads\/2015\/01\/Mercado-C.-autor-Joan-banjo.jpg\"><img aria-describedby=\"caption-attachment-887\" loading=\"lazy\" class=\"size-large wp-image-887\" alt=\"Mercado\" src=\"http:\/\/www.canarias.com\/blog\/wp-content\/uploads\/2015\/01\/Mercado-C.-autor-Joan-banjo-510x356.jpg\" width=\"510\" height=\"356\" srcset=\"https:\/\/www.canarias.com\/blog\/wp-content\/uploads\/2015\/01\/Mercado-C.-autor-Joan-banjo-510x356.jpg 510w, https:\/\/www.canarias.com\/blog\/wp-content\/uploads\/2015\/01\/Mercado-C.-autor-Joan-banjo-300x209.jpg 300w, https:\/\/www.canarias.com\/blog\/wp-content\/uploads\/2015\/01\/Mercado-C.-autor-Joan-banjo.jpg 800w\" sizes=\"(max-width: 510px) 100vw, 510px\" \/><\/a><p id=\"caption-attachment-887\" class=\"wp-caption-text\">Mercado &#8211; Foto: Joan Banjo<\/p><\/div>\n<p><b>M<\/b><b>ercado Central de Alicante<\/b><\/p>\n<p>Uno de los lugares m\u00e1s emblem\u00e1ticos de la ciudad, fue inaugurado en 1921 de estilo ecl\u00e9ctico con ornamentos modernos, situado en el coraz\u00f3n de la ciudad en la avenida Alfonso X el Sabio.<b>\u00a0<\/b><\/p>\n<div id=\"attachment_884\" style=\"width: 460px\" class=\"wp-caption aligncenter\"><a href=\"http:\/\/www.canarias.com\/blog\/wp-content\/uploads\/2015\/01\/P.Canalejas-autor-Superchilum.jpg\"><img aria-describedby=\"caption-attachment-884\" loading=\"lazy\" class=\"size-full wp-image-884\" alt=\"Parque Canalejas\" src=\"http:\/\/www.canarias.com\/blog\/wp-content\/uploads\/2015\/01\/P.Canalejas-autor-Superchilum.jpg\" width=\"450\" height=\"600\" srcset=\"https:\/\/www.canarias.com\/blog\/wp-content\/uploads\/2015\/01\/P.Canalejas-autor-Superchilum.jpg 450w, https:\/\/www.canarias.com\/blog\/wp-content\/uploads\/2015\/01\/P.Canalejas-autor-Superchilum-225x300.jpg 225w\" sizes=\"(max-width: 450px) 100vw, 450px\" \/><\/a><p id=\"caption-attachment-884\" class=\"wp-caption-text\">Parque Canalejas &#8211; Foto: Superchilum<\/p><\/div>\n<p><b>Parque de Canalejas<\/b><\/p>\n<p>Es el parque m\u00e1s antiguo de la ciudad ubicado junto a la Marina Deportiva. Es un lugar especial debido a sus gigantescos ficus centenarios\u00a0 algunos m\u00e1s de 20 metros altos entre fuentes decorativas y varias esculturas de piedra con forma animal, crean un escenario magnifico para un paseo en sus sombras.<\/p>\n<h2><b style=\"font-family: inherit; font-style: inherit;\">\u00bfC\u00f3mo moverte en Alicante?<\/b><\/h2>\n<p>En la ciudad moverse a pie es c\u00f3modo, sus atracciones principales se puede visitar f\u00e1cil dando un paseo. Tambi\u00e9n cuenta una amplia red de autobuses y sus l\u00edneas de tranv\u00eda TRAM <a title=\"Transportes en Alicante\" href=\"http:\/\/www.tramalicante.es\/\" target=\"_blank\">www.tramalicante.es<\/a> ofrece un desplazamiento c\u00f3modo a sus excelentes playas.<\/p>\n<div id=\"attachment_886\" style=\"width: 310px\" class=\"wp-caption aligncenter\"><a href=\"http:\/\/www.canarias.com\/blog\/wp-content\/uploads\/2015\/01\/Hotel-Abba-Centrum.jpg\"><img aria-describedby=\"caption-attachment-886\" loading=\"lazy\" class=\"size-full wp-image-886\" alt=\"Hotel Abba Centrum\" src=\"http:\/\/www.canarias.com\/blog\/wp-content\/uploads\/2015\/01\/Hotel-Abba-Centrum.jpg\" width=\"300\" height=\"200\" \/><\/a><p id=\"caption-attachment-886\" class=\"wp-caption-text\">Hotel barato Abba Centrum<\/p><\/div>\n<h2><b>\u00bfD\u00f3nde alojarte en Alicante?<\/b><\/h2>\n<p><b><a title=\"Hotel Abba Centrum Alicante\" href=\"http:\/\/www.canarias.com\/hotel\/default.aspx?CodMant=ALC\/135504&amp;prov=Hbds\" target=\"_blank\">Hotel Abba Centrum Alicante<\/a> \u2013 <\/b>un hotel moderno situado en el centro de Alicante, desde donde es muy f\u00e1cil acceder todo lo que ofrece la ciudad. La estaci\u00f3n de ferrocarril se encuentra muy cerca y a poco pasos esta la Plaza Boulevard.<\/p>\n<h2><b style=\"font-family: inherit; font-style: inherit;\">\u00bfQu\u00e9 se debe tener en cuenta?<\/b><\/h2>\n<p>Visitando la comunidad Valenciana, \u00a0no se puede perder de probar su plato t\u00edpico la paella o como dicen all\u00ed el arroz que se ofrecen en mucha diversidad una exquisitez culinaria.<\/p>\n<p><a href=\"http:\/\/www.canarias.com\/blog\/wp-content\/uploads\/2015\/01\/horchata.jpg\"><img loading=\"lazy\" class=\"aligncenter size-full wp-image-888\" alt=\"horchata\" src=\"http:\/\/www.canarias.com\/blog\/wp-content\/uploads\/2015\/01\/horchata.jpg\" width=\"300\" height=\"300\" srcset=\"https:\/\/www.canarias.com\/blog\/wp-content\/uploads\/2015\/01\/horchata.jpg 300w, https:\/\/www.canarias.com\/blog\/wp-content\/uploads\/2015\/01\/horchata-230x230.jpg 230w\" sizes=\"(max-width: 300px) 100vw, 300px\" \/><\/a><\/p>\n<p>Debido al clima de la provincia, durante el verano en las calles hay peque\u00f1os puestos de una bebida refrescante\u00a0 la Horchata que preparan con las semillas molidas de Chufa unas semillas parecidas a la almendra.<\/p>\n","protected":false},"excerpt":{"rendered":"<p>Gu\u00eda Pr\u00e1ctica de Alicante Alicante, capital de la Costa Blanca un destino perfecto para los amantes del sol y playa, una ciudad con un puerto hist\u00f3rico en el Mediterr\u00e1neo, que goza cerca 300 d\u00edas del sol al a\u00f1o, merecida es nombrada como \u201cCiudad de la luz\u201d. Entre sus playas esplendidas destaca la playa San Juan [&hellip;]<\/p>\n","protected":false},"author":1,"featured_media":882,"comment_status":"open","ping_status":"open","sticky":false,"template":"","format":"standard","meta":[],"categories":[154,169,289,5],"tags":[172,170,492,173,174,171,175,176],"_links":{"self":[{"href":"https:\/\/www.canarias.com\/blog\/wp-json\/wp\/v2\/posts\/881"}],"collection":[{"href":"https:\/\/www.canarias.com\/blog\/wp-json\/wp\/v2\/posts"}],"about":[{"href":"https:\/\/www.canarias.com\/blog\/wp-json\/wp\/v2\/types\/post"}],"author":[{"embeddable":true,"href":"https:\/\/www.canarias.com\/blog\/wp-json\/wp\/v2\/users\/1"}],"replies":[{"embeddable":true,"href":"https:\/\/www.canarias.com\/blog\/wp-json\/wp\/v2\/comments?post=881"}],"version-history":[{"count":3,"href":"https:\/\/www.canarias.com\/blog\/wp-json\/wp\/v2\/posts\/881\/revisions"}],"predecessor-version":[{"id":2997,"href":"https:\/\/www.canarias.com\/blog\/wp-json\/wp\/v2\/posts\/881\/revisions\/2997"}],"wp:featuredmedia":[{"embeddable":true,"href":"https:\/\/www.canarias.com\/blog\/wp-json\/wp\/v2\/media\/882"}],"wp:attachment":[{"href":"https:\/\/www.canarias.com\/blog\/wp-json\/wp\/v2\/media?parent=881"}],"wp:term":[{"taxonomy":"category","embeddable":true,"href":"https:\/\/www.canarias.com\/blog\/wp-json\/wp\/v2\/categories?post=881"},{"taxonomy":"post_tag","embeddable":true,"href":"https:\/\/www.canarias.com\/blog\/wp-json\/wp\/v2\/tags?post=881"}],"curies":[{"name":"wp","href":"https:\/\/api.w.org\/{rel}","templated":true}]}}