{"id":899,"date":"2015-01-24T11:30:51","date_gmt":"2015-01-24T11:30:51","guid":{"rendered":"http:\/\/www.canarias.com\/blog\/?p=899"},"modified":"2015-11-08T11:19:54","modified_gmt":"2015-11-08T11:19:54","slug":"guia-practica-de-berlin","status":"publish","type":"post","link":"https:\/\/www.canarias.com\/blog\/guia-practica-de-berlin\/","title":{"rendered":"Gu\u00eda Pr\u00e1ctica de Berl\u00edn"},"content":{"rendered":"<p>Gu\u00eda Pr\u00e1ctica de Berl\u00edn, capital de Alemania, la ciudad con m\u00e1s influencia pol\u00edtica de momento en Europa, es una de las capitales\u00a0 europeas con una gran historia, que hasta hoy tiene visible las huellas de los grandes acontecimiento hist\u00f3ricos del siglo XX. La ciudad que dividi\u00f3 el s\u00edmbolo de la guerra fr\u00eda el Muro durante 28 a\u00f1os, est\u00e1 en constante renovaci\u00f3n, construcci\u00f3n y modernizaci\u00f3n que le convierte en un lugar divertido, multicultural y vanguardista.<\/p>\n<p><a href=\"http:\/\/www.canarias.com\/blog\/wp-content\/uploads\/2015\/01\/Berlinautor-Diaan11.jpg\"><img loading=\"lazy\" class=\"aligncenter size-large wp-image-901\" alt=\"Berl\u00edn autor Diaan11\" src=\"http:\/\/www.canarias.com\/blog\/wp-content\/uploads\/2015\/01\/Berlinautor-Diaan11-510x382.jpg\" width=\"510\" height=\"382\" srcset=\"https:\/\/www.canarias.com\/blog\/wp-content\/uploads\/2015\/01\/Berlinautor-Diaan11-510x382.jpg 510w, https:\/\/www.canarias.com\/blog\/wp-content\/uploads\/2015\/01\/Berlinautor-Diaan11-300x225.jpg 300w, https:\/\/www.canarias.com\/blog\/wp-content\/uploads\/2015\/01\/Berlinautor-Diaan11.jpg 640w\" sizes=\"(max-width: 510px) 100vw, 510px\" \/><\/a><\/p>\n<h2><b><\/b><b>\u00bfC\u00f3mo llegar a Berl\u00edn?<\/b><\/h2>\n<p>Actualmente\u00a0 Berl\u00edn tiene dos aeropuertos principales con conexiones muy buenas con la red p\u00fablica hacia \u00a0al centro de la ciudad, el aeropuerto de Tegel (TXL) \u2013 el m\u00e1s transitado, y de Schonefeld (SXF). En el futuro est\u00e1n previstas sus clausuras que les sustituir\u00e1 por uno nuevo construido en Schonefeld que se llamara Berl\u00edn-Brandeburgo (BER).<\/p>\n<h2><b style=\"font-family: inherit; font-style: inherit;\">\u00bfQu\u00e9 ver en Berl\u00edn?<\/b><\/h2>\n<p><a href=\"http:\/\/www.canarias.com\/blog\/wp-content\/uploads\/2015\/01\/Puerta-de-Brandenburgo-autor-Pedelecs.jpg\"><img loading=\"lazy\" class=\"aligncenter size-large wp-image-907\" alt=\"Puerta de Brandenburgo autor Pedelecs\" src=\"http:\/\/www.canarias.com\/blog\/wp-content\/uploads\/2015\/01\/Puerta-de-Brandenburgo-autor-Pedelecs-510x364.jpg\" width=\"510\" height=\"364\" srcset=\"https:\/\/www.canarias.com\/blog\/wp-content\/uploads\/2015\/01\/Puerta-de-Brandenburgo-autor-Pedelecs-510x364.jpg 510w, https:\/\/www.canarias.com\/blog\/wp-content\/uploads\/2015\/01\/Puerta-de-Brandenburgo-autor-Pedelecs-300x214.jpg 300w, https:\/\/www.canarias.com\/blog\/wp-content\/uploads\/2015\/01\/Puerta-de-Brandenburgo-autor-Pedelecs.jpg 800w\" sizes=\"(max-width: 510px) 100vw, 510px\" \/><\/a><\/p>\n<p><b>Puerta de Brandeburgo \u2013 <\/b>Brandenburger Tor<\/p>\n<p>Uno de los principales iconos de la ciudad y del pa\u00eds, fue inaugurado en 1791. Esta antigua entrada a Berl\u00edn, es\u00a0 una construcci\u00f3n impresionante que parece a la Acr\u00f3polis de Atenas, tiene una altura de \u00a026 metros y es de estilo neocl\u00e1sico, \u00a0esta coronado con una cuadriga de cobre \u2013 representando la Diosa de la Victoria como s\u00edmbolo del triunfo de la paz sobre las armas.<\/p>\n<p><a href=\"http:\/\/www.canarias.com\/blog\/wp-content\/uploads\/2015\/01\/catedral-de-Berlin-autor-Baguggi.jpg\"><img loading=\"lazy\" class=\"aligncenter size-large wp-image-902\" alt=\"Catedral de Berlin autor Baguggi\" src=\"http:\/\/www.canarias.com\/blog\/wp-content\/uploads\/2015\/01\/catedral-de-Berlin-autor-Baguggi-510x286.jpg\" width=\"510\" height=\"286\" srcset=\"https:\/\/www.canarias.com\/blog\/wp-content\/uploads\/2015\/01\/catedral-de-Berlin-autor-Baguggi-510x286.jpg 510w, https:\/\/www.canarias.com\/blog\/wp-content\/uploads\/2015\/01\/catedral-de-Berlin-autor-Baguggi-300x168.jpg 300w, https:\/\/www.canarias.com\/blog\/wp-content\/uploads\/2015\/01\/catedral-de-Berlin-autor-Baguggi.jpg 640w\" sizes=\"(max-width: 510px) 100vw, 510px\" \/><\/a><\/p>\n<p><b style=\"font-family: inherit; font-style: inherit;\">Catedral de Berl\u00edn \u2013 <\/b><span style=\"font-size: 13.63636302947998px;\">Berliner Dom<\/span><\/p>\n<p>Construido entre los a\u00f1os 1895 y 1905 \u00a0por orden del \u00faltimo emperador alem\u00e1n Guillermo II, es la iglesia protestante m\u00e1s grande de Alemania. Su c\u00fapula de 85 metros y el resto de edificio sufrieron cuantiosos da\u00f1os durante la segunda guerra mundial, y su reconstrucci\u00f3n total solo finalizo en 1993.<\/p>\n<p><a href=\"http:\/\/www.canarias.com\/blog\/wp-content\/uploads\/2015\/01\/muro.jpg\"><img loading=\"lazy\" class=\"aligncenter size-large wp-image-906\" alt=\"Muro de Berl\u00edn\" src=\"http:\/\/www.canarias.com\/blog\/wp-content\/uploads\/2015\/01\/muro-510x339.jpg\" width=\"510\" height=\"339\" srcset=\"https:\/\/www.canarias.com\/blog\/wp-content\/uploads\/2015\/01\/muro-510x339.jpg 510w, https:\/\/www.canarias.com\/blog\/wp-content\/uploads\/2015\/01\/muro-300x199.jpg 300w, https:\/\/www.canarias.com\/blog\/wp-content\/uploads\/2015\/01\/muro.jpg 640w\" sizes=\"(max-width: 510px) 100vw, 510px\" \/><\/a><\/p>\n<p><b>El Muro de Berl\u00edn y Checkpoint Charlie<\/b><\/p>\n<p>Seguramente el Muro es uno de los lugares m\u00e1s fotografiados y visitados en Berl\u00edn. El \u201cMuro de la Verg\u00fcenza\u201d y el s\u00edmbolo de la Guerra fr\u00eda, que separaba Berl\u00edn Occidental de Berl\u00edn Oriental recientemente celebro su aniversario de 25 a\u00f1os su demolici\u00f3n.<\/p>\n<p><span style=\"font-size: 13.63636302947998px;\">Este famoso punto fronterizo interno, creado en 22 de septiembre de 1961 \u2013 era el lugar donde los vigilantes registraban los miembros de las fuerzas armadas antes que viajaran a Berl\u00edn Este. Su nombre Charlie \u2013 viene de la tercera letra (C) del alfabeto fon\u00e9tico de la OTAN.<\/span><\/p>\n<p><a href=\"http:\/\/www.canarias.com\/blog\/wp-content\/uploads\/2015\/01\/Isla-de-Museos-autor-Magnus-Manske.jpg\"><img loading=\"lazy\" class=\"aligncenter size-large wp-image-905\" alt=\"Isla de Museos autor Magnus Manske\" src=\"http:\/\/www.canarias.com\/blog\/wp-content\/uploads\/2015\/01\/Isla-de-Museos-autor-Magnus-Manske-510x272.jpg\" width=\"510\" height=\"272\" srcset=\"https:\/\/www.canarias.com\/blog\/wp-content\/uploads\/2015\/01\/Isla-de-Museos-autor-Magnus-Manske-510x272.jpg 510w, https:\/\/www.canarias.com\/blog\/wp-content\/uploads\/2015\/01\/Isla-de-Museos-autor-Magnus-Manske-300x160.jpg 300w, https:\/\/www.canarias.com\/blog\/wp-content\/uploads\/2015\/01\/Isla-de-Museos-autor-Magnus-Manske.jpg 800w\" sizes=\"(max-width: 510px) 100vw, 510px\" \/><\/a><\/p>\n<p><b style=\"font-family: inherit; font-style: inherit;\">Isla de Museos &#8211; <\/b><span style=\"font-size: 13.63636302947998px;\">Museumsinsel<\/span><\/p>\n<p>Es uno de los lugares m\u00e1s atractivos de la ciudad, el conjunto de cinco Museos de prestigio mundial,\u00a0 fue reconocido como Patrimonio de la Humanidad por la UNESCO en el a\u00f1o 1999. El \u00a0Museo Antiguo, el Museo Nuevo, la Galer\u00eda Nacional\u00a0 Antigua, el Museo Bode y el Museo de Pergamo albergan tesoros culturas de valores insuperables.<\/p>\n<p><b style=\"font-family: inherit; font-style: inherit;\">Edificio de Reichstag \u2013 <\/b><span style=\"font-size: 13.63636302947998px;\">Parlamento Alem\u00e1n (Bundestag)<\/span><\/p>\n<p>Este llamativo edificio hist\u00f3rico de primera vista tiene un aspecto de templo cl\u00e1sico pero su peculiaridad es su impresionante c\u00fapula de cristal dise\u00f1ado por el arquitecto Norman Foster, que se puede transitar. Para visitar es necesario realizar una reserva de forma anticipada.<\/p>\n<p>Horario: todos los d\u00edas 08-24, ultima entrada a 22 horas<\/p>\n<p>Precio: gratuito<\/p>\n<p>\u00bfC\u00f3mo llegar al Reichstag? Metro parada Bundestag<\/p>\n<h2><b style=\"font-family: inherit; font-style: inherit;\">\u00bfC\u00f3mo moverte en Berl\u00edn?<\/b><\/h2>\n<p>Moverse por la ciudad es muy f\u00e1cil, c\u00f3modo y r\u00e1pido. La empresa BVG (<a href=\"http:\/\/www.bvg.de\/\">www.bvg.de<\/a>) \u2013 gestiona los tipos de transporte como el Metro (U-Bahn), tren suburbano (S-Bahn) \u2013 equivalente al tren de cercan\u00edas, autob\u00fas y tranv\u00eda. Para una estancia en Berl\u00edn la mejor oferta es obtener la tarjeta Berl\u00edn WelcomeCard que ofrece uso ilimitado de los medios de transporte y muchos descuentos en m\u00e1s de 200 atracciones tur\u00edsticas, su precio es 40,50 euros y viene con un mapa y gu\u00eda de la ciudad complementaria.<\/p>\n<h2><b>\u00bfD\u00f3nde alojarte en Berl\u00edn?<\/b><\/h2>\n<p><a href=\"http:\/\/www.canarias.com\/blog\/wp-content\/uploads\/2015\/01\/hotel-azimut-canarias.com_.jpg\"><img loading=\"lazy\" class=\"aligncenter size-full wp-image-904\" alt=\"hotel azimut canarias.com\" src=\"http:\/\/www.canarias.com\/blog\/wp-content\/uploads\/2015\/01\/hotel-azimut-canarias.com_.jpg\" width=\"320\" height=\"227\" srcset=\"https:\/\/www.canarias.com\/blog\/wp-content\/uploads\/2015\/01\/hotel-azimut-canarias.com_.jpg 320w, https:\/\/www.canarias.com\/blog\/wp-content\/uploads\/2015\/01\/hotel-azimut-canarias.com_-300x212.jpg 300w\" sizes=\"(max-width: 320px) 100vw, 320px\" \/><\/a><\/p>\n<p><b><a title=\"Hotel Azimut Berl\u00edn Kurfunstendamm\" href=\"http:\/\/www.canarias.com\/hoteles\" target=\"_blank\">Hotel Azimut Berl\u00edn Kurfunstendamm<\/a> \u2013 <\/b>Situado en el coraz\u00f3n del oeste de la ciudad, a 2 minutos a pie de la estaci\u00f3n de Metro,<b> <\/b>es un\u00a0 hotel urbano de cuatro estrellas \u00a0con una ubicaci\u00f3n excelente en la calle comercial\u00a0 de Kurfunstendamm muy cerca a tiendas, teatros, cines y restaurantes.<\/p>\n<h2><b style=\"font-family: inherit; font-style: inherit;\">\u00bfQu\u00e9 se debe tener en cuenta en Berl\u00edn?<\/b><\/h2>\n<p>En Berl\u00edn hay muchos peque\u00f1os quioscos para comer la famosa salchicha alemana el Currywurst que se toma con una buena cerveza berlinesa.<\/p>\n<p>El Trabant, este coche peque\u00f1o \u00a0que se puede ver en tantas pintadas en el Muro, y se convirti\u00f3 como\u00a0 un objeto de reliquia, fue el autom\u00f3vil comunista que cari\u00f1osamente se llama Trabbi que significa compa\u00f1ero de viaje.<\/p>\n<p>Como en cualquier ciudad grande es recomendado tener mucho cuidado con los objetos personales en lugares de transporte p\u00fablico y en \u00a0las aglomeraciones.<\/p>\n","protected":false},"excerpt":{"rendered":"<p>Gu\u00eda Pr\u00e1ctica de Berl\u00edn, capital de Alemania, la ciudad con m\u00e1s influencia pol\u00edtica de momento en Europa, es una de las capitales\u00a0 europeas con una gran historia, que hasta hoy tiene visible las huellas de los grandes acontecimiento hist\u00f3ricos del siglo XX. La ciudad que dividi\u00f3 el s\u00edmbolo de la guerra fr\u00eda el Muro durante [&hellip;]<\/p>\n","protected":false},"author":1,"featured_media":907,"comment_status":"open","ping_status":"open","sticky":false,"template":"","format":"standard","meta":[],"categories":[533,153,185,289,5],"tags":[187,189,190,186,191,192,193,188],"_links":{"self":[{"href":"https:\/\/www.canarias.com\/blog\/wp-json\/wp\/v2\/posts\/899"}],"collection":[{"href":"https:\/\/www.canarias.com\/blog\/wp-json\/wp\/v2\/posts"}],"about":[{"href":"https:\/\/www.canarias.com\/blog\/wp-json\/wp\/v2\/types\/post"}],"author":[{"embeddable":true,"href":"https:\/\/www.canarias.com\/blog\/wp-json\/wp\/v2\/users\/1"}],"replies":[{"embeddable":true,"href":"https:\/\/www.canarias.com\/blog\/wp-json\/wp\/v2\/comments?post=899"}],"version-history":[{"count":4,"href":"https:\/\/www.canarias.com\/blog\/wp-json\/wp\/v2\/posts\/899\/revisions"}],"predecessor-version":[{"id":1541,"href":"https:\/\/www.canarias.com\/blog\/wp-json\/wp\/v2\/posts\/899\/revisions\/1541"}],"wp:featuredmedia":[{"embeddable":true,"href":"https:\/\/www.canarias.com\/blog\/wp-json\/wp\/v2\/media\/907"}],"wp:attachment":[{"href":"https:\/\/www.canarias.com\/blog\/wp-json\/wp\/v2\/media?parent=899"}],"wp:term":[{"taxonomy":"category","embeddable":true,"href":"https:\/\/www.canarias.com\/blog\/wp-json\/wp\/v2\/categories?post=899"},{"taxonomy":"post_tag","embeddable":true,"href":"https:\/\/www.canarias.com\/blog\/wp-json\/wp\/v2\/tags?post=899"}],"curies":[{"name":"wp","href":"https:\/\/api.w.org\/{rel}","templated":true}]}}