{"id":914,"date":"2015-01-31T11:47:21","date_gmt":"2015-01-31T11:47:21","guid":{"rendered":"http:\/\/www.canarias.com\/blog\/?p=914"},"modified":"2015-11-08T11:19:35","modified_gmt":"2015-11-08T11:19:35","slug":"guia-practica-de-milan","status":"publish","type":"post","link":"https:\/\/www.canarias.com\/blog\/guia-practica-de-milan\/","title":{"rendered":"Gu\u00eda Pr\u00e1ctica de Mil\u00e1n"},"content":{"rendered":"<h5>Gu\u00eda Pr\u00e1ctica de Mil\u00e1n &#8211; Mil\u00e1n donde nace y reside la moda, la ciudad m\u00e1s rica de la Uni\u00f3n Europea que se re\u00fane muchos dise\u00f1adores, modelos, artistas y fot\u00f3grafos es un lugar perfecto para una escapada de fin de semana para conocer la ciudad m\u00e1s importante de Italia norte. Mil\u00e1n no es solo de moda, tambi\u00e9n cuenta con un valioso patrimonio cultural que seguro te va a impresionar.<\/h5>\n<p><span style=\"font-size: 13.63636302947998px;\"><!--more--><\/span><\/p>\n<div id=\"attachment_921\" style=\"width: 520px\" class=\"wp-caption aligncenter\"><a href=\"http:\/\/www.canarias.com\/blog\/wp-content\/uploads\/2015\/01\/3805702340_ae428f984c_z.jpg\"><img aria-describedby=\"caption-attachment-921\" loading=\"lazy\" class=\"size-large wp-image-921\" alt=\"Mil\u00e1n\" src=\"http:\/\/www.canarias.com\/blog\/wp-content\/uploads\/2015\/01\/3805702340_ae428f984c_z-510x338.jpg\" width=\"510\" height=\"338\" srcset=\"https:\/\/www.canarias.com\/blog\/wp-content\/uploads\/2015\/01\/3805702340_ae428f984c_z-510x338.jpg 510w, https:\/\/www.canarias.com\/blog\/wp-content\/uploads\/2015\/01\/3805702340_ae428f984c_z-300x199.jpg 300w, https:\/\/www.canarias.com\/blog\/wp-content\/uploads\/2015\/01\/3805702340_ae428f984c_z.jpg 640w\" sizes=\"(max-width: 510px) 100vw, 510px\" \/><\/a><p id=\"caption-attachment-921\" class=\"wp-caption-text\">Mil\u00e1n &#8211; Foto: Filippo Salamone<\/p><\/div>\n<h2><b>\u00bfC\u00f3mo llegar a Mil\u00e1n?<\/b><\/h2>\n<p>Desde Espa\u00f1a a Milan vuelan muchas aerol\u00edneas de bajo coste y\u00a0 es muy f\u00e1cil de encontrar un vuelo econ\u00f3mico. La ciudad dispone de tres aeropuertos. El Aeropuerto Milan-Malpensa es uno de los m\u00e1s transitados. Desde su Terminal 1 hay dos l\u00edneas de tren que comunican con el centro. El Aeropuerto Milan-Linate es m\u00e1s bien solo \u00a0utilizado para vuelos dom\u00e9sticos y de corta distancia, y el Aeropuerto Mil\u00e1n B\u00e9rgamo conocido como Orio al Serio es el m\u00e1s utiliza por las compa\u00f1\u00edas de bajo coste como Ryanair etc. Desde este aeropuerto hay servicios directos de autobuses hacia la Estaci\u00f3n Central de Mil\u00e1n, que salen cada media hora y el trayecto dura aproximadamente 60 minutos.<\/p>\n<h2><b>\u00bfQu\u00e9 ver en Mil\u00e1n?<\/b><\/h2>\n<div id=\"attachment_917\" style=\"width: 520px\" class=\"wp-caption aligncenter\"><a href=\"http:\/\/www.canarias.com\/blog\/wp-content\/uploads\/2015\/01\/Duomo-autor-vivianamartinelli.jpg\"><img aria-describedby=\"caption-attachment-917\" loading=\"lazy\" class=\"size-large wp-image-917\" alt=\"Duomo autor vivianamartinelli\" src=\"http:\/\/www.canarias.com\/blog\/wp-content\/uploads\/2015\/01\/Duomo-autor-vivianamartinelli-510x339.jpg\" width=\"510\" height=\"339\" srcset=\"https:\/\/www.canarias.com\/blog\/wp-content\/uploads\/2015\/01\/Duomo-autor-vivianamartinelli-510x339.jpg 510w, https:\/\/www.canarias.com\/blog\/wp-content\/uploads\/2015\/01\/Duomo-autor-vivianamartinelli-300x199.jpg 300w, https:\/\/www.canarias.com\/blog\/wp-content\/uploads\/2015\/01\/Duomo-autor-vivianamartinelli.jpg 640w\" sizes=\"(max-width: 510px) 100vw, 510px\" \/><\/a><p id=\"caption-attachment-917\" class=\"wp-caption-text\">Duomo autor vivianamartinelli<\/p><\/div>\n<p><b>Catedral de Mil\u00e1n \u2013 <\/b>Duomo de Milano<\/p>\n<p>Sin ninguna duda, el s\u00edmbolo \u00a0de Mil\u00e1n es su Duomo,\u00a0 la segunda catedral cat\u00f3lica \u00a0m\u00e1s grande del mundo despu\u00e9s del Vaticano.\u00a0 Construido durante m\u00e1s de 500 a\u00f1os de estilo g\u00f3tico, su longitud es de 157 metros y tiene capacitad de albergar 40.000 personas. Sobre su aguja principal se puede ver\u00a0 su famosa estatua de cobre dorado \u201cLa Madonnina\u201d. En la parte superior del monumento tiene una azotea abierta \u00a0donde se puede subir tanto por las escaleras (158 escalones!) o en ascensor y disfrutar unas vistas panor\u00e1micas sobre la ciudad.<\/p>\n<p>Horario: Diario 7:00 \u2013 18:40<\/p>\n<p>Precio: Gratuito,\u00a0 Terraza Panor\u00e1mica \u2013 escaleras 7 euros, ascensor 12 euro<\/p>\n<div id=\"attachment_918\" style=\"width: 520px\" class=\"wp-caption aligncenter\"><a href=\"http:\/\/www.canarias.com\/blog\/wp-content\/uploads\/2015\/01\/Gallerias-autor-Filip-Maljkovic.jpg\"><img aria-describedby=\"caption-attachment-918\" loading=\"lazy\" class=\"size-large wp-image-918\" alt=\"Gallerias autor Filip Maljkovic\" src=\"http:\/\/www.canarias.com\/blog\/wp-content\/uploads\/2015\/01\/Gallerias-autor-Filip-Maljkovic-510x382.jpg\" width=\"510\" height=\"382\" srcset=\"https:\/\/www.canarias.com\/blog\/wp-content\/uploads\/2015\/01\/Gallerias-autor-Filip-Maljkovic-510x382.jpg 510w, https:\/\/www.canarias.com\/blog\/wp-content\/uploads\/2015\/01\/Gallerias-autor-Filip-Maljkovic-300x225.jpg 300w, https:\/\/www.canarias.com\/blog\/wp-content\/uploads\/2015\/01\/Gallerias-autor-Filip-Maljkovic.jpg 1024w\" sizes=\"(max-width: 510px) 100vw, 510px\" \/><\/a><p id=\"caption-attachment-918\" class=\"wp-caption-text\">Gallerias autor Filip Maljkovic<\/p><\/div>\n<p><b>Galer\u00edas Vittorio Emanuelle <\/b><\/p>\n<p>En esta Galer\u00eda \u00a0comercial se puede encontrar las tiendas m\u00e1s elegantes de la ciudad como de firmas de Gucci, Prada o Louis Vuitton. El edificio de cuatro pisos fue dise\u00f1ado en el siglo XIX, tiene dos arcadas perpendiculares cubiertas por una b\u00f3veda de vidrio y se sit\u00faa entre dos monumentos importantes de Mil\u00e1n, \u00a0la Catedral y el Teatro alla Scala, y suele ser llamado tambi\u00e9n como \u201cEl Sal\u00f3n de Mil\u00e1n\u201d. Es el lugar neur\u00e1lgico del centro de la ciudad con sus joyer\u00edas, tiendas de moda, libros y pinturas tambi\u00e9n tiene muchos caf\u00e9s, bares y restaurantes e incluso hoteles.<\/p>\n<p><a href=\"http:\/\/www.canarias.com\/blog\/wp-content\/uploads\/2015\/01\/castillo-milan.jpg\"><img loading=\"lazy\" class=\"aligncenter size-large wp-image-916\" alt=\"Castillo Mil\u00e1n\" src=\"http:\/\/www.canarias.com\/blog\/wp-content\/uploads\/2015\/01\/castillo-milan-510x382.jpg\" width=\"510\" height=\"382\" srcset=\"https:\/\/www.canarias.com\/blog\/wp-content\/uploads\/2015\/01\/castillo-milan-510x382.jpg 510w, https:\/\/www.canarias.com\/blog\/wp-content\/uploads\/2015\/01\/castillo-milan-300x224.jpg 300w, https:\/\/www.canarias.com\/blog\/wp-content\/uploads\/2015\/01\/castillo-milan.jpg 550w\" sizes=\"(max-width: 510px) 100vw, 510px\" \/><\/a><\/p>\n<p><b style=\"font-family: inherit; font-style: inherit;\">Castillo Sforzesco \u2013 <\/b><span style=\"font-size: 13.63636302947998px;\">Castello Sforzesco<\/span><\/p>\n<p>Construido en el siglo XV por la familia Sfroza como una fortaleza,\u00a0 el Castillo se encuentra en el casco antiguo de la ciudad.\u00a0 Actualmente alberga los tres mejores museos de la ciudad, el Museo de Arte Antiguo, el Museo de Artes Aplicadas y el Museo Arqueol\u00f3gico.<\/p>\n<p><a href=\"http:\/\/www.canarias.com\/blog\/wp-content\/uploads\/2015\/01\/la-ultima-cena.jpg\"><img loading=\"lazy\" class=\"aligncenter size-full wp-image-919\" alt=\"La \u00faltima Cena\" src=\"http:\/\/www.canarias.com\/blog\/wp-content\/uploads\/2015\/01\/la-ultima-cena.jpg\" width=\"353\" height=\"180\" srcset=\"https:\/\/www.canarias.com\/blog\/wp-content\/uploads\/2015\/01\/la-ultima-cena.jpg 353w, https:\/\/www.canarias.com\/blog\/wp-content\/uploads\/2015\/01\/la-ultima-cena-300x152.jpg 300w\" sizes=\"(max-width: 353px) 100vw, 353px\" \/><\/a><\/p>\n<p><b>Iglesia de Santa Mar\u00eda della Grazie \u2013 la Ultima Cena de Leonardo Da Vinci<\/b><\/p>\n<p>Una de las joyas de Mil\u00e1n esconde la Iglesia de Santa Mar\u00eda della Grazie del siglo XV, declarada Patrimonio de la Humanidad por el Unesco en 1980.\u00a0 En el interior de su Refectorio\u00a0 se encuentra el famoso fresco pintado por Leonardo Da Vinci la \u00daltima Cena. Para poder visitarlo tienes que hacer la reserva de las entradas con suficiente antelaci\u00f3n.<\/p>\n<h2><b>\u00bfC\u00f3mo moverte en Mil\u00e1n?<\/b><\/h2>\n<p><a href=\"http:\/\/www.canarias.com\/blog\/wp-content\/uploads\/2015\/01\/mapa-metro-milan.png\"><img loading=\"lazy\" class=\"aligncenter size-large wp-image-922\" alt=\"mapa-metro-milan\" src=\"http:\/\/www.canarias.com\/blog\/wp-content\/uploads\/2015\/01\/mapa-metro-milan-510x333.png\" width=\"510\" height=\"333\" srcset=\"https:\/\/www.canarias.com\/blog\/wp-content\/uploads\/2015\/01\/mapa-metro-milan-510x333.png 510w, https:\/\/www.canarias.com\/blog\/wp-content\/uploads\/2015\/01\/mapa-metro-milan-300x196.png 300w, https:\/\/www.canarias.com\/blog\/wp-content\/uploads\/2015\/01\/mapa-metro-milan.png 1500w\" sizes=\"(max-width: 510px) 100vw, 510px\" \/><\/a><\/p>\n<p>El transporte p\u00fablico de la ciudad es muy bueno, tanto por su eficacia como por su bajo coste. El Tranv\u00eda es el transporte m\u00e1s preferido entre los turistas y el Metro con sus tres L\u00edneas\u00a0 ofrece una red amplia para visitar los importantes lugares tur\u00edsticos.<\/p>\n<h2><b>\u00bfD\u00f3nde alojarte en Mil\u00e1n?<\/b><\/h2>\n<p><b style=\"font-family: inherit; font-style: inherit;\"><a title=\"Grand Hotel Puccini\" href=\"http:\/\/www.canarias.com\/hotel\/default.aspx?CodMant=MIL\/17033&amp;prov=Hbds\" target=\"_blank\">Grand Hotel Puccini<\/a> \u2013 <\/b><span style=\"font-size: 13.63636302947998px;\">Este hotel de 4 estrellas cuenta con una ubicaci\u00f3n excelente en una zona c\u00e9ntrica, a 30 metros de distancia de la estaci\u00f3n metro Lima y cuatro paradas de la catedral de Mil\u00e1n. Todas las habitaciones est\u00e1n insonorizadas y tienen conexi\u00f3n Wi-Fi gratuita.<\/span><\/p>\n<h2><b>\u00bfQu\u00e9 se debe tener en cuenta?<\/b><\/h2>\n<p>A la hora de visitar la Catedral,\u00a0 aunque sea la \u00e9poca de verano y mucho calor, debes llevar cubierto los hombros y las rodillas ya que es un lugar de culto.<\/p>\n<p>Uno de los teatros m\u00e1s famosos del mundo es el Teatro alla Scala, si tienes la oportunidad de ver una obra all\u00ed no la pierdas.<\/p>\n<p>&nbsp;<\/p>\n","protected":false},"excerpt":{"rendered":"<p>Gu\u00eda Pr\u00e1ctica de Mil\u00e1n &#8211; Mil\u00e1n donde nace y reside la moda, la ciudad m\u00e1s rica de la Uni\u00f3n Europea que se re\u00fane muchos dise\u00f1adores, modelos, artistas y fot\u00f3grafos es un lugar perfecto para una escapada de fin de semana para conocer la ciudad m\u00e1s importante de Italia norte. Mil\u00e1n no es solo de moda, [&hellip;]<\/p>\n","protected":false},"author":1,"featured_media":918,"comment_status":"open","ping_status":"open","sticky":false,"template":"","format":"standard","meta":[],"categories":[153,194,289,5,534],"tags":[203,196,202,200,201,195,199,198,197],"_links":{"self":[{"href":"https:\/\/www.canarias.com\/blog\/wp-json\/wp\/v2\/posts\/914"}],"collection":[{"href":"https:\/\/www.canarias.com\/blog\/wp-json\/wp\/v2\/posts"}],"about":[{"href":"https:\/\/www.canarias.com\/blog\/wp-json\/wp\/v2\/types\/post"}],"author":[{"embeddable":true,"href":"https:\/\/www.canarias.com\/blog\/wp-json\/wp\/v2\/users\/1"}],"replies":[{"embeddable":true,"href":"https:\/\/www.canarias.com\/blog\/wp-json\/wp\/v2\/comments?post=914"}],"version-history":[{"count":4,"href":"https:\/\/www.canarias.com\/blog\/wp-json\/wp\/v2\/posts\/914\/revisions"}],"predecessor-version":[{"id":2996,"href":"https:\/\/www.canarias.com\/blog\/wp-json\/wp\/v2\/posts\/914\/revisions\/2996"}],"wp:featuredmedia":[{"embeddable":true,"href":"https:\/\/www.canarias.com\/blog\/wp-json\/wp\/v2\/media\/918"}],"wp:attachment":[{"href":"https:\/\/www.canarias.com\/blog\/wp-json\/wp\/v2\/media?parent=914"}],"wp:term":[{"taxonomy":"category","embeddable":true,"href":"https:\/\/www.canarias.com\/blog\/wp-json\/wp\/v2\/categories?post=914"},{"taxonomy":"post_tag","embeddable":true,"href":"https:\/\/www.canarias.com\/blog\/wp-json\/wp\/v2\/tags?post=914"}],"curies":[{"name":"wp","href":"https:\/\/api.w.org\/{rel}","templated":true}]}}