{"id":928,"date":"2015-02-03T13:04:55","date_gmt":"2015-02-03T13:04:55","guid":{"rendered":"http:\/\/www.canarias.com\/blog\/?p=928"},"modified":"2015-10-27T10:51:14","modified_gmt":"2015-10-27T10:51:14","slug":"programa-y-fechas-carnaval-de-tenerife-2015","status":"publish","type":"post","link":"https:\/\/www.canarias.com\/blog\/programa-y-fechas-carnaval-de-tenerife-2015\/","title":{"rendered":"Programa y Fechas Carnaval de Tenerife 2015"},"content":{"rendered":"<p><strong>No te pierdas el Programa y Fechas Carnaval de Tenerife 2015.\u00a0El Carnaval de Tenerife es considerado el segundo m\u00e1s importante del mundo despu\u00e9s de Brasil;<\/strong> y la verdad es que no es para menos ya que con sus espect\u00e1culos, galas, desfiles y sobre todo, el esp\u00edritu carnavalero de los residentes, hacen que el carnaval de la isla de Tenerife se vuelva\u00a0m\u00e1s espectacular cada a\u00f1o.<\/p>\n<p><strong>En Tenerife, no s\u00f3lo se celebra el carnaval en la capital de la isla, Santa Cruz de Tenerife, sino que adem\u00e1s se vive tambi\u00e9n en<\/strong> <strong>varios pueblos de la isla, como por ejemplo en el Puerto de la Cruz.<\/strong> La esencia es la misma, pero se diferencian en un gran n\u00famero de cosas como por ejemplo espect\u00e1culos como \u00abMascarita ponte el tac\u00f3n\u00bb, un concurso en el que participan numerosas personas de casi todas las edades disfrazadas, la mayor parte de mujeres y deben llevar unos tacones o botas con un m\u00ednimo de tac\u00f3n; Y no s\u00f3lo es el disfraz, lo realmente divertido y dif\u00edcil es que deben pasar una gran cantidad de pruebas f\u00edsicas y obst\u00e1culos a lo largo de todo el recorrido y que gran parte de \u00e9ste es adoquinado. En definitiva, la diversi\u00f3n y el entretenimiento estar\u00e1n asegurados!<\/p>\n<p><a href=\"http:\/\/www.canarias.com\/blog\/wp-content\/uploads\/2015\/02\/cartelcarnaval2015.jpg\"><img loading=\"lazy\" class=\"aligncenter size-full wp-image-933\" alt=\"cartelcarnaval2015\" src=\"http:\/\/www.canarias.com\/blog\/wp-content\/uploads\/2015\/02\/cartelcarnaval2015.jpg\" width=\"300\" height=\"420\" srcset=\"https:\/\/www.canarias.com\/blog\/wp-content\/uploads\/2015\/02\/cartelcarnaval2015.jpg 300w, https:\/\/www.canarias.com\/blog\/wp-content\/uploads\/2015\/02\/cartelcarnaval2015-214x300.jpg 214w\" sizes=\"(max-width: 300px) 100vw, 300px\" \/><\/a><\/p>\n<h2>Programa del Carnaval de Santa Cruz de Tenerife 2015<\/h2>\n<p><strong style=\"font-size: 14px;\">Mi\u00e9rcoles 04 de febrero:<\/strong><\/p>\n<p>Gala de Elecci\u00f3n de la Reina y Festival de Agrupaciones de los Mayores<br \/>\nHora: 17:30 h<br \/>\nLugar: Centro Internacional de Ferias y Congresos<\/p>\n<p><strong>S\u00e1bado 07 de febrero:<\/strong><\/p>\n<p>Concurso de Comparsas<br \/>\nHora: 20.00 h<br \/>\nLugar: Centro Internacional de Ferias y Congresos<\/p>\n<p><strong>Domingo 08 de febrero:<\/strong><\/p>\n<p>Concurso de Disfraces Infantiles, Adultos y Festival Coreogr\u00e1fico<br \/>\nConcurso de Disfraces Infantiles y Adultos Centro Internacional de ferias y Congresos<br \/>\nHorario: 11.00 h<br \/>\nLugar: Centro Internacional de Ferias y Congresos<\/p>\n<p>Festival Coreogr\u00e1fico<br \/>\nHora: 17:00 h<br \/>\nLugar: Centro Internacional de Ferias y Congresos<\/p>\n<p><strong>Martes 10 de febrero:<\/strong><\/p>\n<p>Concierto de la Agrupaci\u00f3n L\u00edrico Musical Los Fregolinos<br \/>\nHora: 20:30 h<br \/>\nLugar: Teatro Guimer\u00e1<\/p>\n<p><strong>Mi\u00e9rcoles 11 de febrero:<\/strong><\/p>\n<p>Gran Gala de Elecci\u00f3n de la Reina del Carnaval 2015<br \/>\nHora: 21:30 h<br \/>\nLugar: Centro Internacional de Ferias y Congresos<\/p>\n<p><strong>Jueves 12 de febrero:<\/strong><\/p>\n<p>Festival de La Zarzuela del C\u00edrculo de Amistad XII de Enero<br \/>\nHora: 20:30 h<br \/>\nLugar: Teatro Guimer\u00e1<\/p>\n<p><strong>Viernes 13 de febrero:<\/strong><\/p>\n<p>Cabalgata Anunciadora<br \/>\nHora: 20:00 h<br \/>\nSalida desde la Plaza de la Rep\u00fablica Dominicana<\/p>\n<p><strong>S\u00e1bado 14 de febrero:<\/strong><\/p>\n<p>Concurso de Rondallas<br \/>\nHora: 17:00 h<br \/>\nLugar: Auditorio de Tenerife<\/p>\n<p>Concurso de Comparsas Ritmo y Armon\u00eda. Con la participaci\u00f3n de todas las Comparsas<br \/>\nHora: 21:00 h<br \/>\nLugar: Avenida de Francisco La Roche<\/p>\n<p><strong>Domingo 15 de febrero:<\/strong><\/p>\n<p>Actuaci\u00f3n de la Afilarm\u00f3nica Nif\u00fa-Nif\u00e1<br \/>\nHorario: 11.00 h<br \/>\nLugar: Plaza del Pr\u00edncipe<\/p>\n<p>Actuaci\u00f3n de la Afilarm\u00f3nica L\u00edrico Musical Los fegolinos<br \/>\nHora: 12.00 h<br \/>\nLugar: Plaza del Pr\u00edncipe<\/p>\n<p>Carnaval de d\u00eda<br \/>\nHora: 13.00 h<br \/>\nLugar: Plaza del Pr\u00edncipe, Plaza Espa\u00f1a y Plaza de la Candelaria.<\/p>\n<p><strong>Lunes 16 de febrero:<\/strong><\/p>\n<p>Espect\u00e1culos en los distintos escenarios<br \/>\nHora: 17.30 h<br \/>\nLugar: Plazas del Pr\u00edncipe y La Candelaria y avenida Francisco La Roche<\/p>\n<p>Bailes con actuaciones de grandes orquestas<br \/>\nHora: 22:30 h<br \/>\nLugar: Plazas del Pr\u00edncipe y La Candelaria y avenida Francisco La Roche<\/p>\n<p><strong>Martes 17 de febrero:<\/strong><\/p>\n<p>Actuaci\u00f3n de la Afilarm\u00f3nica Ni f\u00fa \u2013 Ni f\u00e1<br \/>\nHora: 11:00 h<br \/>\nLugar: Plaza del Pr\u00edncipe<\/p>\n<p>Agrupaci\u00f3n L\u00edrico Musical Los Fregolinos<br \/>\nHora: 12:00 h<br \/>\nLugar: Plaza del Pr\u00edncipe<\/p>\n<p>Coso Apoteosis del Carnaval<br \/>\nHora: 16:00 h<br \/>\nRecorrido: Avenidas de Francisco La Roche y Mar\u00edtima<\/p>\n<p>Exhibici\u00f3n pirot\u00e9cnica y bailes con actuaciones de grandes orquestas<br \/>\nHora: 20:00 h<br \/>\nLugar: Plaza de La Candelaria<\/p>\n<p><strong>Mi\u00e9rcoles 18 de febrero:<\/strong><\/p>\n<p>Entierro de La Sardina<br \/>\nHora: 21:00 h<br \/>\nRecorrido: Desde la calle Ram\u00f3n y Cajal, M\u00e9ndez N\u00fa\u00f1ez, Pilar, Villalba Herv\u00e1s, La Marina y finalizando en la plaza de Espa\u00f1a. Quema de la Sardina en la avenida Mar\u00edtima<\/p>\n<p>Exhibici\u00f3n pirot\u00e9cnica y bailes con actuaciones de grandes orquestas<br \/>\nA la Finalizaci\u00f3n del Desfile<br \/>\nLugar: Plaza de La Candelaria<\/p>\n<p><strong>Jueves 19 de febrero:<\/strong><\/p>\n<p>Festival de Rondallas<br \/>\nHora: 20:30 h<br \/>\nLugar: Teatro Guimer\u00e1<\/p>\n<p><strong>Viernes 20 de febrero:<\/strong><\/p>\n<p>Coso Infantil<br \/>\nHora: 18:00 h<br \/>\nLugar: Avenida Francisco La Roche<\/p>\n<p>La Canci\u00f3n de La Risa<br \/>\nHora: 20:30 h<br \/>\nLugar: Teatro Guimer\u00e1<\/p>\n<p>Bailes con actuaciones de grandes orquestas<br \/>\nHora: 22:30 h<br \/>\nLugar: Plazas del Pr\u00edncipe y La Candelaria y avenida Francisco La Roche<\/p>\n<p><strong>S\u00e1bado 21 de febrero:<\/strong><\/p>\n<p>Carnaval de D\u00eda<br \/>\nHora: 13.00 h<br \/>\nLugar: Plazas del Pr\u00edncipe y La Candelaria y avenida Francisco La Roche<\/p>\n<p>Bailes con actuaciones de grandes orquestas<br \/>\nHora: 21:30 h<br \/>\nLugar: Plazas del Pr\u00edncipe y La Candelaria y avenida Francisco La Roche<\/p>\n<p><strong>Domingo 22 de febrero:<\/strong><\/p>\n<p>XLIV Gran Concurso en la Ciudad de Autom\u00f3viles Antiguos<br \/>\nHora: 10:00 h<br \/>\nLugar: Parque Grac\u00eda Sanabria, A partir de las 12.00 horas se inicia el recorrido por las calles de la ciudad, finalizando en la avenida Francisco La Roche<\/p>\n<p>Actuaci\u00f3n de la Afilarm\u00f3nica Ni f\u00fa \u2013 Ni f\u00e1<br \/>\nHora: 11:00 h<br \/>\nLugar: Plaza del Pr\u00edncipe<\/p>\n<p>Actuaci\u00f3n de la Agrupaci\u00f3n L\u00edrica La Zarzuela del C\u00edrculo de Amistad XII de Enero<br \/>\nHora: 12:00 h<br \/>\nLugar: Plaza del Pr\u00edncipe<\/p>\n<p>Gran Fin de Fiesta del Carnaval 2015<br \/>\nHora: 17:00 h<br \/>\nLugar: C\u00edrculo de Amistad XII de Enero<\/p>\n<p>Espect\u00e1culos en los distintos escenarios<br \/>\nHora:: 17:00 h<br \/>\nLugar: Plazas del Pr\u00edncipe y La Candelaria y avenida Francisco La Roche<br \/>\nExhibici\u00f3n pirot\u00e9cnica<\/p>\n<h2><a href=\"http:\/\/www.canarias.com\/blog\/wp-content\/uploads\/2015\/02\/cartelcarnavalpuertodelacruz2015.jpg\"><img loading=\"lazy\" class=\"aligncenter size-large wp-image-934\" alt=\"cartelcarnavalpuertodelacruz2015\" src=\"http:\/\/www.canarias.com\/blog\/wp-content\/uploads\/2015\/02\/cartelcarnavalpuertodelacruz2015-510x729.jpg\" width=\"510\" height=\"729\" srcset=\"https:\/\/www.canarias.com\/blog\/wp-content\/uploads\/2015\/02\/cartelcarnavalpuertodelacruz2015-510x729.jpg 510w, https:\/\/www.canarias.com\/blog\/wp-content\/uploads\/2015\/02\/cartelcarnavalpuertodelacruz2015-209x300.jpg 209w, https:\/\/www.canarias.com\/blog\/wp-content\/uploads\/2015\/02\/cartelcarnavalpuertodelacruz2015.jpg 716w\" sizes=\"(max-width: 510px) 100vw, 510px\" \/><\/a><\/h2>\n<h2>Programa Carnaval del Puerto de la Cruz 2015<\/h2>\n<p>&nbsp;<\/p>\n<p><strong>Domingo, 8 de Febrero.<\/strong>&#8211; 19.00 horas Gala de Elecci\u00f3n de la Reina Infantil del Carnaval Internacional 2015.<\/p>\n<p><strong>Jueves, 12 de Febrero.<\/strong>&#8211; 21.00 horas Gala de Elecci\u00f3n de la Reina del Carnaval Internacional 2015.<\/p>\n<p><strong>S\u00e1bado, 14 de Febrero<\/strong>.- 20.00 horas Cabalgata anunciadora del Carnaval Internacional 2015. 22.00 horas Gran Baile de carnaval.<\/p>\n<p><strong>Domingo, 15 de Febrero.<\/strong>&#8211; 17.00 horas Concurso Infantil de disfraces con la participaci\u00f3n de agrupaciones coreogr\u00e1ficas infantiles. 20.30 horas Concurso Adulto de disfraces con la participaci\u00f3n de agrupaciones coreogr\u00e1ficas adultas. 22.00 horas Gran Baile de carnaval<\/p>\n<p><strong>Lunes, 16 de Febrero.<\/strong>&#8211; 18.30 horas Presentaci\u00f3n del Ritual \u201cMatar la Culebra\u201d (expresi\u00f3n del viejo carnaval tradicional de Puerto de la Cruz). Recorrido: Diferentes lugares del Casco urbano de la ciudad. 22.00 horas Gran Baile de carnaval<\/p>\n<p><strong>Martes, 17 de Febrero.<\/strong>&#8211; 13.00 horas Rally del Valle de coches de \u00e9poca. 22.00 horas Gran Baile de carnaval<\/p>\n<p><strong>Mi\u00e9rcoles, 18 de Febrero.<\/strong>&#8211; 21.00 horas Entierro de la Sardina. 22.30 horas Gran Baile de carnaval<\/p>\n<p><strong>Viernes, 20 de Febrero.<\/strong>&#8211; 20.30 horas Marat\u00f3n masculino \u201cMascarita Ponte Tac\u00f3n\u201d 23.00 horas Gran Baile de carnaval<\/p>\n<p><strong>S\u00e1bado, 21 de Febrero.<\/strong>&#8211; 16.00 horas Gran Coso Apoteosis del Carnaval Internacional de Puerto de la Cruz. 20.00 horas Gran Baile de carnaval<\/p>\n<p><strong>Domingo, 22 de Febrero.<\/strong>&#8211; 17.00 horas Exhibici\u00f3n de Grupos de Carnaval.<\/p>\n<p>&nbsp;<\/p>\n<h2>Hoteles baratos en Santa Cruz de Tenerife<\/h2>\n<p>Ya sabes que <strong>en Canarias.com somos especialistas en vacaciones en Canarias<\/strong>, as\u00ed que, en nuestra p\u00e1gina www.canarias.com, encontrar\u00e1s <a title=\"Hoteles baratos en Santa Cruz de Tenerife\" href=\"http:\/\/www.canarias.com\/search\/all.aspx?CodMant=2234\" target=\"_blank\"><strong>los hoteles m\u00e1s c\u00e9ntricos y baratos de Santa Cruz de Tenerife.<\/strong><\/a><\/p>\n<p>Y si te decantas por el <strong>Carnaval de Puerto de la Cruz 2015<\/strong>, entra y reserva para ti y para tus amigos los<strong><a title=\"Hoteles baratos en Puerto de la Cruz\" href=\"http:\/\/www.canarias.com\/search\/all.aspx?CodMant=2231\" target=\"_blank\"> hoteles m\u00e1s baratos en el Puerto de la Cruz.<\/a><\/strong><\/p>\n<h2>C\u00f3mo moverte en Tenerife<\/h2>\n<p>Sin duda alguna la mejor manera de moverte en Tenerife es en coche de alquiler, te dar\u00e1 independencia total para tus visitas a la isla, adem\u00e1s de moverte c\u00f3modamente durante el Carnaval.<\/p>\n<p>Dec\u00e1ntate por una <strong><a title=\"Alquiler de coches baratos en Tenerife\" href=\"http:\/\/www.canarias.com\/blog\/programa-y-fechas-carnaval-de-tenerife-2015\" target=\"_blank\">compa\u00f1\u00eda de alquiler de coches baratos y sin franquicia en Puerto de la Cruz o en Santa Cruz de Tenerife<\/a>,<\/strong> y evita las sorpresas.<\/p>\n","protected":false},"excerpt":{"rendered":"<p>No te pierdas el Programa y Fechas Carnaval de Tenerife 2015.\u00a0El Carnaval de Tenerife es considerado el segundo m\u00e1s importante del mundo despu\u00e9s de Brasil; y la verdad es que no es para menos ya que con sus espect\u00e1culos, galas, desfiles y sobre todo, el esp\u00edritu carnavalero de los residentes, hacen que el carnaval de [&hellip;]<\/p>\n","protected":false},"author":3,"featured_media":935,"comment_status":"open","ping_status":"open","sticky":false,"template":"","format":"standard","meta":[],"categories":[431,503,108,69],"tags":[208,207,205,206,209,210,204],"_links":{"self":[{"href":"https:\/\/www.canarias.com\/blog\/wp-json\/wp\/v2\/posts\/928"}],"collection":[{"href":"https:\/\/www.canarias.com\/blog\/wp-json\/wp\/v2\/posts"}],"about":[{"href":"https:\/\/www.canarias.com\/blog\/wp-json\/wp\/v2\/types\/post"}],"author":[{"embeddable":true,"href":"https:\/\/www.canarias.com\/blog\/wp-json\/wp\/v2\/users\/3"}],"replies":[{"embeddable":true,"href":"https:\/\/www.canarias.com\/blog\/wp-json\/wp\/v2\/comments?post=928"}],"version-history":[{"count":5,"href":"https:\/\/www.canarias.com\/blog\/wp-json\/wp\/v2\/posts\/928\/revisions"}],"predecessor-version":[{"id":1542,"href":"https:\/\/www.canarias.com\/blog\/wp-json\/wp\/v2\/posts\/928\/revisions\/1542"}],"wp:featuredmedia":[{"embeddable":true,"href":"https:\/\/www.canarias.com\/blog\/wp-json\/wp\/v2\/media\/935"}],"wp:attachment":[{"href":"https:\/\/www.canarias.com\/blog\/wp-json\/wp\/v2\/media?parent=928"}],"wp:term":[{"taxonomy":"category","embeddable":true,"href":"https:\/\/www.canarias.com\/blog\/wp-json\/wp\/v2\/categories?post=928"},{"taxonomy":"post_tag","embeddable":true,"href":"https:\/\/www.canarias.com\/blog\/wp-json\/wp\/v2\/tags?post=928"}],"curies":[{"name":"wp","href":"https:\/\/api.w.org\/{rel}","templated":true}]}}