{"id":956,"date":"2015-02-16T12:05:14","date_gmt":"2015-02-16T12:05:14","guid":{"rendered":"http:\/\/www.canarias.com\/blog\/?p=956"},"modified":"2016-02-08T19:03:11","modified_gmt":"2016-02-08T19:03:11","slug":"como-viajar-con-ryanair-equipaje-y-tasas-extra-2015","status":"publish","type":"post","link":"https:\/\/www.canarias.com\/blog\/como-viajar-con-ryanair-equipaje-y-tasas-extra-2015\/","title":{"rendered":"C\u00f3mo viajar con Ryanair &#8211; Equipaje y Tasas Extra 2015"},"content":{"rendered":"<h3>C\u00f3mo viajar con Ryanair &#8211; Equipaje y Tasas Extra<\/h3>\n<p>&nbsp;<\/p>\n<p>Todos sabemos que viajar low cost equivale cumplir a raja tabla con las condiciones que nos imponen las compa\u00f1\u00edas a\u00e9reas, a parte, si nos salimos de la tarifa \u00abbase\u00bb y elegimos alg\u00fan complemento, esto encarecer\u00e1 bastante nuestro billete de avi\u00f3n. Aqu\u00ed te presentamos unas cuantas pautas para pagar s\u00f3lo lo justo por nuestro vuelo con Ryanair.<\/p>\n<p><!--more--><\/p>\n<p><a href=\"http:\/\/www.canarias.com\/blog\/wp-content\/uploads\/2015\/02\/Ryanair1.jpg\"><img loading=\"lazy\" class=\"aligncenter size-large wp-image-969\" src=\"http:\/\/www.canarias.com\/blog\/wp-content\/uploads\/2015\/02\/Ryanair1-510x286.jpg\" alt=\"Ryanair1\" width=\"510\" height=\"286\" srcset=\"https:\/\/www.canarias.com\/blog\/wp-content\/uploads\/2015\/02\/Ryanair1-510x286.jpg 510w, https:\/\/www.canarias.com\/blog\/wp-content\/uploads\/2015\/02\/Ryanair1-300x168.jpg 300w, https:\/\/www.canarias.com\/blog\/wp-content\/uploads\/2015\/02\/Ryanair1-900x506.jpg 900w, https:\/\/www.canarias.com\/blog\/wp-content\/uploads\/2015\/02\/Ryanair1.jpg 960w\" sizes=\"(max-width: 510px) 100vw, 510px\" \/><\/a><\/p>\n<p><strong>Todo \u00abLow Cost\u00bb esconde siempre alguna traba,<\/strong> y los vuelos de estas compa\u00f1\u00edas a\u00e9reas no van a ser menos. Compa\u00f1\u00edas como Ryanair te ofrecen una de las mejores precios \u00a0a la hora de volar, pero eso s\u00ed, como infrinjas alguna norma o consigas que te cuelen alguno de los complementos o extras que nos ofrecen, entonces empezaremos a sumar y quiz\u00e1s en ese momento nos debamos plantear si realmente nos est\u00e1 saliendo m\u00e1s barato volar con una compa\u00f1\u00eda \u00abLow Cost\u00bb o nos compensar\u00eda mucho m\u00e1s el contratar nuestro billete con una compa\u00f1\u00eda a\u00e9rea, digamos, \u00abnormal\u00bb.<\/p>\n<h2>C\u00f3mo comprar un billete barato con Ryanair<\/h2>\n<p>Lo ideal ser\u00eda siempre que <strong><a title=\"Agencia de Viajes\" href=\"www.canarias.com\" target=\"_blank\">alguien nos asesorara como una agencia de viajes<\/a>,<\/strong> pero si nos aventuramos a hacerlo nosotros mismos por la web, deberemos leer con detenimiento lo que se nos muestra.<\/p>\n<p>Al momento de seleccionar nuestro punto de partida y nuestro destino, nos aparecer\u00e1 inmediatamente una tabla de precios donde podremos seleccionar el precio para cada d\u00eda de la semana; veremos dos l\u00edneas de precios por d\u00eda para la ida, y dos l\u00edneas de precios para la vuelta, <strong>cuidado de lo que seleccionamos!\u00a0<\/strong>Si lo que queremos es volar barato, debemos seleccionar la \u00abTarifa Est\u00e1ndar\u00bb ya que ahora Ryanair tiene disponible la Tarifa \u00abBusiness Plus\u00bb que te incluye lo siguiente, pero cuidado con los t\u00e9rminos y condiciones https:\/\/www.ryanair.com\/es\/terminos-y-condiciones\/regulations-businessplus\/<\/p>\n<div>\n<div>\n<div>\n<ul>\n<li>Billete flexible<\/li>\n<li>20 kg de equipaje facturado permitidos<\/li>\n<li>Opciones de asiento Premium<\/li>\n<li>Itinerario por SMS<\/li>\n<li>Acceso preferente en los controles de seguridad del aeropuerto*<\/li>\n<li>Facturaci\u00f3n gratuita en el aeropuerto<\/li>\n<li>Prioridad de embarque<\/li>\n<\/ul>\n<\/div>\n<\/div>\n<\/div>\n<p>*Aeropuertos seleccionados<\/p>\n<p>Viene el momento de rellenar los datos de los pasajeros, <strong>cuida de no cometer errores a la hora de escribir los datos de los pasajeros, ya que las modificaciones te costar\u00e1n dinero.<\/strong><\/p>\n<h2>Complementos y extras Rayanair 2015<\/h2>\n<p><a href=\"http:\/\/www.canarias.com\/blog\/wp-content\/uploads\/2015\/02\/Ryanair2.jpg\"><img loading=\"lazy\" class=\"aligncenter size-large wp-image-970\" src=\"http:\/\/www.canarias.com\/blog\/wp-content\/uploads\/2015\/02\/Ryanair2-510x370.jpg\" alt=\"Ryanair2\" width=\"510\" height=\"370\" srcset=\"https:\/\/www.canarias.com\/blog\/wp-content\/uploads\/2015\/02\/Ryanair2-510x370.jpg 510w, https:\/\/www.canarias.com\/blog\/wp-content\/uploads\/2015\/02\/Ryanair2-300x218.jpg 300w, https:\/\/www.canarias.com\/blog\/wp-content\/uploads\/2015\/02\/Ryanair2.jpg 550w\" sizes=\"(max-width: 510px) 100vw, 510px\" \/><\/a><\/p>\n<p>Despu\u00e9s de rellenar los datos de los pasajeros, <strong>viene la parte del seguro de viaje<\/strong>; te aparecer\u00e1 un desplegable para que indiques la residencia de los pasajeros; Camuflada est\u00e1 la frase \u00abNo quiero asegurarme\u00bb; si lo que prefieres es contratar el seguro de viaje, entonces deber\u00e1s indicar tu pa\u00eds de residencia.<\/p>\n<p>M\u00e1s abajo tendr\u00e1s opci\u00f3n a varios extras como la <strong>elecci\u00f3n del asiento<\/strong>, etc. Hasta hace poco, si quer\u00edas sentarte en un buen sitio y adem\u00e1s hacerlo con tu pareja o acompa\u00f1ante\/s, no te quedaba otra que enterarte cuanto antes el n\u00famero de puerta, y salir pitando para empezar a ponerte a la cola hasta la hora del vuelo, esto si no quer\u00edas pagar el suplemento, claro \ud83d\ude09 ; pues bien, ahora y por defecto, los asientos son asignados directamente por la compa\u00f1\u00eda; si quieres cambiarlos y elegir los asientos t\u00fa mismo, entonces tendr\u00e1s que pagar. El precio depender\u00e1 del asiento que elijas.<\/p>\n<h2>Equipaje permitido en Ryanair 2015<\/h2>\n<p><strong>Bajar en bajo coste implica ser muy restrictivo a la hora del equipaje.<\/strong> Hasta hace poco, s\u00f3lo pod\u00edas pasar un \u00fanico bulto de hasta 10 kg, en este bulto deb\u00eda estar incluido el port\u00e1til, libros, etc. Bueno, ahora como novedad, <strong>Ryanair permitir\u00e1 subir a bordo una maleta de mano cuyo peso no sobrepase los 10 kg, con unas dimensiones m\u00e1ximas de 55 cm x 40 cm x 20 cm, y 1 bolsa peque\u00f1a no mayor de 35 x 20 x 20 cm, a cada pasajero.<\/strong><\/p>\n<p>En cada puerta de embarque de esta compa\u00f1\u00eda, existe un poste met\u00e1lico con las medidas exactas de la maleta de mano, en lo que est\u00e9s esperando, prueba a meterla para asegurarte de que entra y sale bien, porque el personal te la har\u00e1 probar, y si no sale con relativa facilidad, entonces te har\u00e1n pagar una penalizaci\u00f3n. Cuidado tambi\u00e9n con el peso, ya que en muchos aeropuertos, tambi\u00e9n disponen de una pesa en la misma puerta para asegurarse de que llevas los kilos m\u00e1ximos.<\/p>\n<p>Tambi\u00e9n pasa lo mismo <strong>en las maletas que factures, si te pasas del peso, pagar\u00e1s bien caro<\/strong>, ya que por cada kilo de m\u00e1s deber\u00e1s pagar adicionalmente. En el caso de llevar dos maletas, si te pasas en kilos en una y en la otra no llegas, los kilos no te los compensan, as\u00ed que si no abres las maletas sobre la marcha y compensas el peso, te har\u00e1n pagar tambi\u00e9n por cada kg que te excedas. ACTUALIZACI\u00d3N 08\/02\/2016: En el caso de tener reservadas dos maletas para facturar, el peso s\u00ed se compensar\u00e1 siempre y cuando no superen 35 kilos entre las dos.<\/p>\n<p><strong>Te adjuntamos una tabla con las tasas y complementos que muestra la misma p\u00e1gina de Ryanair<\/strong>. El impuesto no est\u00e1 incluido para que lo tengas en cuenta. <strong>Por favor, ten presente que puede ser que pueden haber variaciones, as\u00ed que revisa bien antes las <a title=\"Tasas y penalizaciones Ryanair\" href=\"http:\/\/www.ryanair.com\/es\/tasas\/\" target=\"_blank\">condiciones de Ryanair<\/a>.<\/strong><\/p>\n<table border=\"1\" cellspacing=\"0\" cellpadding=\"0\">\n<tbody>\n<tr>\n<td><strong>(Euro) o el equivalente en moneda local<\/strong><\/td>\n<td><strong>Adquirido durante la reserva inicial del vuelo en Ryanair.com<\/strong><\/td>\n<td><strong>Adquiridos\u00a0trav\u00e9s del Aeropuerto o Centro de Reservas<\/strong><\/td>\n<\/tr>\n<tr>\n<td><\/td>\n<td>Euro<\/td>\n<td>Euro<\/td>\n<\/tr>\n<tr>\n<td>Cargo de tarjeta de cr\u00e9dito<\/td>\n<td>2% del total de la transacci\u00f3n<\/td>\n<td>2% del total de la transacci\u00f3n<\/td>\n<\/tr>\n<tr>\n<td>Asiento Premium\u00a0<strong>(incl Prioridad de Embarque) desde *\u00a0<\/strong>(por vuelo ***)<\/td>\n<td>\u20ac 10.99<\/td>\n<td>\u20ac 15.99<\/td>\n<\/tr>\n<tr>\n<td>Asiento Regular\u00a0<strong>desde *\u00a0<\/strong>(por vuelo ***)<\/td>\n<td>\u20ac 5.99<\/td>\n<td>\u20ac 8.99<\/td>\n<\/tr>\n<tr>\n<td>Prioridad de embarque a partir de (por vuelo ***)<\/td>\n<td>\u20ac2.99<\/td>\n<td>\u20ac 4.99<\/td>\n<\/tr>\n<tr>\n<td>Cargo por la re-emisi\u00f3n de la tarjeta de embarque<\/td>\n<td>n\/a<\/td>\n<td>\u20ac 15<\/td>\n<\/tr>\n<tr>\n<td>Cargo de facturaci\u00f3n en el aeropuerto<br \/>\nGratis para Business Plus<\/td>\n<td>n\/a<\/td>\n<td>\u20ac 70<\/td>\n<\/tr>\n<tr>\n<td>Cargo para beb\u00e9s &#8211;\u00a0<em>Por beb\u00e9\/por trayecto de vuelo (deber\u00e1 ser menor de 2 a\u00f1os tanto para el viaje de ida como para el de vuelta)<\/em><\/td>\n<td>\u20ac 20<\/td>\n<td>\u20ac 20<\/td>\n<\/tr>\n<tr>\n<td>Equipamiento para beb\u00e9s\/ni\u00f1o (sillas para coche\/elevadores\/cunas de viaje)\u00a0<em>Cargo cobrado por art\u00edculo\/por sector de vuelo puede transportar gratis 2 art\u00edculos de equipamiento para beb\u00e9s \/ ni\u00f1os-1 silla de paseo por ni\u00f1o gratis adem\u00e1s de uno de los siguientes art\u00edculos \u2013 cuna de viaje o asiento elevador o silla para el coche.<\/em><\/td>\n<td>\u20ac10<\/td>\n<td>\u20ac 20<\/td>\n<\/tr>\n<tr>\n<td>Equipamiento deportivo\u00a0<em>Por art\u00edculo\/por trayecto de vuelo. Peso m\u00e1ximo de 20kg por art\u00edculo.<\/em><br \/>\n<em>Bicicletas 30kg por art\u00edculo<\/em><\/td>\n<td>\u20ac50<\/td>\n<td>\u20ac60<\/td>\n<\/tr>\n<tr>\n<td>Equipamiento musical\u00a0<em>Por art\u00edculo\/por trayecto de vuelo. Peso m\u00e1ximo de 20 kg por art\u00edculo.<\/em><\/td>\n<td>\u20ac50<\/td>\n<td>\u20ac60<\/td>\n<\/tr>\n<tr>\n<td>Recargo por modificaci\u00f3n de vuelo &#8211;\u00a0<em>Por pasajero\/por trayecto de vuelo<\/em><\/td>\n<td><\/td>\n<td><\/td>\n<\/tr>\n<tr>\n<td>Recargo por modificaci\u00f3n de vuelo &#8211; Temporada Baja*<\/td>\n<td>\u20ac30<\/td>\n<td>\u20ac45<\/td>\n<\/tr>\n<tr>\n<td>Recargo por modificaci\u00f3n de vuelo &#8211; Temporada Alta*<\/td>\n<td>\u20ac40<\/td>\n<td>\u20ac60<\/td>\n<\/tr>\n<tr>\n<td>Recargo por modificaci\u00f3n de vuelo &#8211; Temporada Baja* Vuelos seleccionados**<\/td>\n<td>\u20ac50<\/td>\n<td>\u20ac75<\/td>\n<\/tr>\n<tr>\n<td>Recargo por modificaci\u00f3n de vuelo &#8211; Temporada Alta* Vuelos seleccionados**<\/td>\n<td>\u20ac60<\/td>\n<td>\u20ac90<\/td>\n<\/tr>\n<tr>\n<td>Recargo por de cambio de nombre &#8211;\u00a0<em>Por pasajero<\/em><\/td>\n<td>\u20ac110<\/td>\n<td>\u20ac160<\/td>\n<\/tr>\n<tr>\n<td>Coste para Deshacer la Facturaci\u00f3n:\u00a0<em>Por Pasajero\/ Por sector de vuelo<\/em><\/td>\n<td>no disponible en el aeropuerto<\/td>\n<td>\u20ac15<\/td>\n<\/tr>\n<tr>\n<td>Cargo Administrativo reembolso Impuestos del Gobierno-\u00a0<em>por pasajero<\/em><\/td>\n<td>\u20ac20<\/td>\n<td>\u20ac20<\/td>\n<\/tr>\n<tr>\n<td>Cargo del Centro de Reservas-\u00a0<em>Por Reserva<\/em><\/td>\n<td>n\/a<\/td>\n<td>\u20ac20<\/td>\n<\/tr>\n<tr>\n<td>Coste de reserva de ox\u00edgeno &#8211; P<em>or vuelo<\/em><\/td>\n<td>No disponible en l\u00ednea<\/td>\n<td>\u20ac50<\/td>\n<\/tr>\n<tr>\n<td>Cargo de p\u00e9rdida de la salida &#8211; s\u00f3lo est\u00e1 disponible a menos de 40 minutos antes y hasta 1 hora despu\u00e9s del horario de salida del vuelo****<\/td>\n<td>No disponible en l\u00ednea<\/td>\n<td>\u20ac 110 al \u00fanico aeropuerto<\/td>\n<\/tr>\n<tr>\n<td><\/td>\n<td><\/td>\n<td><\/td>\n<\/tr>\n<\/tbody>\n<\/table>\n<p>* Temporada Baja &#8211; 01\/10\/14 &#8211; 20\/12\/14<br \/>\n05\/01\/15 &#8211; 27\/03\/14<br \/>\n14\/04\/15 &#8211; 31\/05\/15<br \/>\n01\/10\/15 &#8211; 20\/12\/15<br \/>\n05\/01\/16 &#8211; 31\/05\/17<\/p>\n<p>Temporada Alta &#8211; 21\/12\/14 &#8211; 04\/01\/15<br \/>\n28\/03\/15 &#8211; 13\/04\/14<br \/>\n01\/06\/15 &#8211; 30\/09\/15<br \/>\n21\/12\/15 &#8211; 04\/01\/17<\/p>\n<p>**Un cargo superior de cambios de vuelo se aplica en todos los vuelos de las siguientes rutas: Internacional Islas Canarias(excluyendo vuelos dom\u00e9sticos en Espa\u00f1a), todas las rutas internacionales griegas.<\/p>\n<p>*** Los asientos reservados pueden comprarse en el momento de la reserva por la web por 10\u00a3\/10\u20ac, alternativamente se puede comprar en el aeropuerto o llamando al centro de llamadas por 20\u00a3\/20\u20ac. Por favor, tenga en cuenta que un incremento de la tarifa puede ser aplicado en las siguientes rutas. Estas rutas est\u00e1n sujetas al cobro de 15\u00a3\/15\u20ac en el momento de la reserva en la web o de \u00a320\/\u20ac20 en el aeropuerto o el centro de llamadas.<\/p>\n<p>**** Disponible para los pasajeros que lleguen al mostrador de billetes hasta una hora despu\u00e9s de la salida del vuelo para ser transferido al siguiente vuelo disponible. Este cargo se cobra por pasajero y por sector.<\/p>\n<table border=\"1\" cellspacing=\"0\" cellpadding=\"0\">\n<tbody>\n<tr>\n<td><strong>Recargo Equipaje Facturado &#8211;\u00a0<em>(Cada pasajero puede facturar un m\u00e1ximo de 2 maletas)<\/em><\/strong><\/td>\n<td><strong>Adquirido en Ryanair.com<\/strong><\/td>\n<td><strong>Adquiridos\u00a0trav\u00e9s del Aeropuerto o Centro de Reservas despu\u00e9s de 05 de enero<\/strong><\/td>\n<\/tr>\n<tr>\n<td>1\u00aa\/2\u00aa Maleta (15kg) \u2013 Temporada Baja*\u00a0<strong>desde ***<\/strong><\/td>\n<td>\u20ac 15<\/td>\n<td>\u20ac 30<\/td>\n<\/tr>\n<tr>\n<td>1\u00aa\/2\u00aa Maleta (15kg) -Temporada Baja* &#8211; Vuelos seleccionados **<strong>desde ***<\/strong><\/td>\n<td>\u20ac 20<\/td>\n<td>\u20ac 40<\/td>\n<\/tr>\n<tr>\n<td>1\u00aa\/2\u00aa Maleta (15kg) \u2013 Temporada Alta*\u00a0<strong>desde ***<\/strong><\/td>\n<td>\u20ac 25<\/td>\n<td>\u20ac 50<\/td>\n<\/tr>\n<tr>\n<td>1\u00aa\/2\u00aa Maleta (15kg) \u2013 Temporada Alta* &#8211; Vuelos seleccionados **<strong>desde ***<\/strong><\/td>\n<td>\u20ac 35<\/td>\n<td>\u20ac 70<\/td>\n<\/tr>\n<tr>\n<td>1\u00aa Maleta (20kg) \u2013 Temporada Baja*\u00a0<strong>desde ***<\/strong><\/td>\n<td>\u20ac 25<\/td>\n<td>\u20ac 40<\/td>\n<\/tr>\n<tr>\n<td>1\u00aa Maleta (20kg) \u2013 Temporada Baja* &#8211; Vuelos seleccionados**<strong>desde ***<\/strong><\/td>\n<td>\u20ac 30<\/td>\n<td>\u20ac 45<\/td>\n<\/tr>\n<tr>\n<td>1\u00aa Maleta (20kg) &#8211; Temporada Alta*\u00a0<strong>desde ***<\/strong><\/td>\n<td>\u20ac 35<\/td>\n<td>\u20ac 55<\/td>\n<\/tr>\n<tr>\n<td>1\u00aa Maleta (20kg) &#8211; Temporada Alta* &#8211; Vuelos seleccionados **<strong>desde ***<\/strong><\/td>\n<td>\u20ac 45<\/td>\n<td>\u20ac 75<\/td>\n<\/tr>\n<tr>\n<td>Recargo por exceso de equipaje &#8211; Por kilo<br \/>\nEsta tasa s\u00f3lo puede adquirirse en la\u00a0<em>oficina de ventas del aeropuerto<\/em><\/td>\n<td>No disponible en l\u00ednea<\/td>\n<td>\u20ac 10<\/td>\n<\/tr>\n<tr>\n<td>Cargo de Declaraci\u00f3n Especial del Valor del Equipaje-\u00a0<em>Permite un l\u00edmite superior sobre la responsabilidad del transportista<\/em><\/td>\n<td>No disponible en l\u00ednea<\/td>\n<td>\u20ac 50<\/td>\n<\/tr>\n<\/tbody>\n<\/table>\n<p>* Temporada Baja &#8211; 01\/10\/14 &#8211; 20\/12\/14<br \/>\n05\/01\/15 &#8211; 27\/03\/15<br \/>\n14\/04\/15 &#8211; 31\/05\/15<br \/>\n01\/10\/15 &#8211; 20\/12\/15<br \/>\n05\/01\/16 &#8211; 31\/05\/17<\/p>\n<p>Temporada Alta &#8211; 21\/12\/14 &#8211; 04\/01\/15<br \/>\n28\/03\/15 &#8211; 13\/04\/15<br \/>\n01\/06\/15 &#8211; 30\/09\/15<br \/>\n21\/12\/15 &#8211; 04\/01\/16<\/p>\n<p>**Un cargo superior de equipaje facturado se aplica en todos los vuelos de las siguintes rutas: Internacional las Canarias (excluyendo vuelos dom\u00e9sticos en Espa\u00f1a), todas las rutas internacionales griegas.<\/p>\n<p><strong>***<\/strong>Precios m\u00e1s altos se aplican si se compran mediante Gestionar mi Reserva.<\/p>\n<p>&nbsp;<\/p>\n<h2>Otros Cargos y Penalizaciones Ryanair 2015<\/h2>\n<p><a href=\"http:\/\/www.canarias.com\/blog\/wp-content\/uploads\/2015\/02\/taxas.jpg\"><img loading=\"lazy\" class=\"aligncenter size-large wp-image-971\" src=\"http:\/\/www.canarias.com\/blog\/wp-content\/uploads\/2015\/02\/taxas-510x325.jpg\" alt=\"taxas\" width=\"510\" height=\"325\" srcset=\"https:\/\/www.canarias.com\/blog\/wp-content\/uploads\/2015\/02\/taxas-510x325.jpg 510w, https:\/\/www.canarias.com\/blog\/wp-content\/uploads\/2015\/02\/taxas-300x191.jpg 300w, https:\/\/www.canarias.com\/blog\/wp-content\/uploads\/2015\/02\/taxas.jpg 900w\" sizes=\"(max-width: 510px) 100vw, 510px\" \/><\/a><\/p>\n<p><strong>Si pagas con tarjeta de cr\u00e9dito o Paypal, tambi\u00e9n tendr\u00e1s un cargo de un 2% del total de la transacci\u00f3n.<\/strong> No te penalizar\u00e1n si lo abonas con tarjeta de d\u00e9bito, o de Ryanair.<\/p>\n<p><strong>Otra penalizaci\u00f3n te esperar\u00e1 si te has olvidado de imprimir la tarjeta de embarque<\/strong>, as\u00ed que no olvides imprimirla y adjuntarla a la documentaci\u00f3n para que la presentes en la puerta de embarque. Est\u00e1n al acecho para penalizarte por todo as\u00ed que, revisa las condiciones un d\u00eda antes :).<\/p>\n<h2>Reembolso y derechos del pasajero europeo<\/h2>\n<p>Nadie est\u00e1 exento de las normas y de los derechos de los pasajeros, ni siquiera las compa\u00f1\u00edas de bajo coste. En esta p\u00e1gina, <strong>tendr\u00e1s informaci\u00f3n sobre todos los <a title=\"Derechos pasajeros europeos avi\u00f3n\" href=\"http:\/\/europa.eu\/youreurope\/citizens\/travel\/passenger-rights\/air\/index_es.htm\" target=\"_blank\">derechos de los pasajeros de avi\u00f3n<\/a>, as\u00ed como las cantidades de reembolso para cada situaci\u00f3n<\/strong>.<\/p>\n<p>&nbsp;<\/p>\n<p><strong>Nota:<\/strong>\u00a0<strong>Por favor, ten en cuenta que pueden haber variaciones en la informaci\u00f3n, as\u00ed que revisa bien antes las <a title=\"Tasas y penalizaciones Ryanair\" href=\"http:\/\/www.ryanair.com\/es\/tasas\/\" target=\"_blank\">condiciones de Ryanair<\/a>.<\/strong><\/p>\n<p>&nbsp;<\/p>\n<p><strong>Esperamos haberte sido de ayuda con este art\u00edculo \ud83d\ude42 Deja tu comentario!\u00a0<\/strong><\/p>\n<p>&nbsp;<\/p>\n<p>&nbsp;<\/p>\n","protected":false},"excerpt":{"rendered":"<p>C\u00f3mo viajar con Ryanair &#8211; Equipaje y Tasas Extra &nbsp; Todos sabemos que viajar low cost equivale cumplir a raja tabla con las condiciones que nos imponen las compa\u00f1\u00edas a\u00e9reas, a parte, si nos salimos de la tarifa \u00abbase\u00bb y elegimos alg\u00fan complemento, esto encarecer\u00e1 bastante nuestro billete de avi\u00f3n. Aqu\u00ed te presentamos unas cuantas [&hellip;]<\/p>\n","protected":false},"author":3,"featured_media":970,"comment_status":"open","ping_status":"open","sticky":false,"template":"","format":"standard","meta":[],"categories":[260,291,140,501,428,290,498,505,239],"tags":[215,227,225,213,226,222,228,223,221,224,83],"_links":{"self":[{"href":"https:\/\/www.canarias.com\/blog\/wp-json\/wp\/v2\/posts\/956"}],"collection":[{"href":"https:\/\/www.canarias.com\/blog\/wp-json\/wp\/v2\/posts"}],"about":[{"href":"https:\/\/www.canarias.com\/blog\/wp-json\/wp\/v2\/types\/post"}],"author":[{"embeddable":true,"href":"https:\/\/www.canarias.com\/blog\/wp-json\/wp\/v2\/users\/3"}],"replies":[{"embeddable":true,"href":"https:\/\/www.canarias.com\/blog\/wp-json\/wp\/v2\/comments?post=956"}],"version-history":[{"count":15,"href":"https:\/\/www.canarias.com\/blog\/wp-json\/wp\/v2\/posts\/956\/revisions"}],"predecessor-version":[{"id":3386,"href":"https:\/\/www.canarias.com\/blog\/wp-json\/wp\/v2\/posts\/956\/revisions\/3386"}],"wp:featuredmedia":[{"embeddable":true,"href":"https:\/\/www.canarias.com\/blog\/wp-json\/wp\/v2\/media\/970"}],"wp:attachment":[{"href":"https:\/\/www.canarias.com\/blog\/wp-json\/wp\/v2\/media?parent=956"}],"wp:term":[{"taxonomy":"category","embeddable":true,"href":"https:\/\/www.canarias.com\/blog\/wp-json\/wp\/v2\/categories?post=956"},{"taxonomy":"post_tag","embeddable":true,"href":"https:\/\/www.canarias.com\/blog\/wp-json\/wp\/v2\/tags?post=956"}],"curies":[{"name":"wp","href":"https:\/\/api.w.org\/{rel}","templated":true}]}}